{"id":588553,"date":"2023-04-12T09:46:42","date_gmt":"2023-04-12T05:46:42","guid":{"rendered":"https:\/\/arantv.az\/?p=588553"},"modified":"2023-04-12T09:46:42","modified_gmt":"2023-04-12T05:46:42","slug":"pensiyaya-cixmamis-v%c9%99fat-ed%c9%99n-s%c9%99xsl%c9%99rin-kapitalinin-aqib%c9%99ti-yeni-mexanizm-hazirlanir","status":"publish","type":"post","link":"https:\/\/arantv.az\/?p=588553","title":{"rendered":"Pensiyaya \u00e7\u0131xmam\u0131\u015f v\u0259fat ed\u0259n \u015f\u0259xsl\u0259rin kapital\u0131n\u0131n aqib\u0259ti &#8211; Yeni mexanizm haz\u0131rlan\u0131r"},"content":{"rendered":"<p><strong>\u201cBir \u00e7ox inki\u015faf etmi\u015f d\u00fcnya \u00f6lk\u0259l\u0259rind\u0259 v\u0259ziyy\u0259t bel\u0259dir ki, \u015f\u0259xs t\u0259qa\u00fcd ya\u015f\u0131na \u00e7atmazdan \u00f6nc\u0259 v\u0259fat etdikd\u0259, pensiya kapital\u0131 onun ail\u0259 \u00fczvl\u0259ri (yax\u0131n qohumlar\u0131) aras\u0131nda b\u00f6l\u00fc\u015fd\u00fcr\u00fcl\u00fcr. H\u0259m\u00e7inin o \u00f6lk\u0259l\u0259rd\u0259 bel\u0259 hal da m\u00f6vcuddur ki, insanlar y\u0131\u011f\u0131lan kapital\u0131 pensiya ya\u015f\u0131na \u00e7atmam\u0131\u015f da g\u00f6t\u00fcr\u00fcb, hans\u0131sa bir t\u0259l\u0259bat\u0131n\u0131 \u00f6d\u0259m\u0259k m\u0259qs\u0259dil\u0259 x\u0259rcl\u0259y\u0259 bil\u0259r. T\u0259\u0259ss\u00fcf ki, Az\u0259rbaycanda bu qaydalar yoxdur. \u00c7\u00fcnki D\u00f6vl\u0259t Sosial M\u00fcdafi\u0259 Fondu h\u0259l\u0259 d\u00f6vl\u0259t b\u00fcdc\u0259sinin dotasiyas\u0131ndan as\u0131l\u0131d\u0131r\u201d.<\/strong><\/p>\n<p>Bu fikirl\u0259ri\u00a0<strong><a href=\"https:\/\/publika.az\/\" target=\"_blank\" rel=\"noopener\">Publika.az<\/a>-a<\/strong>\u00a0a\u00e7\u0131qlamas\u0131nda iqtisad\u00e7\u0131 P\u0259rviz Heyd\u0259rov bildirib.<\/p>\n<p><img loading=\"lazy\" src=\"https:\/\/publika.az\/storage\/2023\/04\/11\/perviz.jpg\" alt=\"\" width=\"620\" height=\"413\" \/><\/p>\n<p>Ekspert \u00f6lk\u0259mizd\u0259 pensiya sistemind\u0259 varislik h\u00fcququnun olmamas\u0131ndan v\u0259 bu hal\u0131n y\u0131\u011f\u0131lan kapital\u0131n sonrak\u0131 aqib\u0259tin\u0259 t\u0259sirind\u0259n d\u0259 b\u0259hs edib:<\/p>\n<p>\u201dAz\u0259rbaycanda y\u0131\u011f\u0131lan kapital\u0131n (red \u2013 minimal pensiya kapital\u0131n\u0131 n\u0259z\u0259rd\u0259 tutur) s\u0259rfiyyat\u0131 pensiyaya \u00e7\u0131xd\u0131qdan sonrak\u0131 12 il \u00fc\u00e7\u00fcn n\u0259z\u0259rd\u0259 tutulur. Y\u0259ni bir insan\u0131n 12-ci ild\u0259n sonrak\u0131 pensiyas\u0131 dig\u0259r \u015f\u0259xsl\u0259rin kapital\u0131 hesab\u0131na t\u0259min olunur. Bu o dem\u0259kdir ki, bir \u015f\u0259xs pensiya ya\u015f\u0131na \u00e7atmam\u0131\u015f v\u0259fat etdikd\u0259, onun y\u0131\u011f\u0131lm\u0131\u015f pensiya kapital\u0131 \u00f6z ail\u0259 \u00fczvl\u0259rinin v\u0259 ya dig\u0259r yax\u0131n qohumlar\u0131n\u0131n t\u0259minat\u0131 \u00fc\u00e7\u00fcn istifad\u0259 olunmur, d\u00f6vl\u0259tin hesab\u0131na ke\u00e7ir\u201d.<\/p>\n<p>P.Heyd\u0259rov onu da vur\u011fulay\u0131b ki, \u00f6lk\u0259mizd\u0259 2019-cu ild\u0259n etibar\u0259n DSMF-nin t\u0259dric\u0259n d\u00f6vl\u0259t b\u00fcdc\u0259sind\u0259n as\u0131l\u0131l\u0131\u011f\u0131n\u0131n azald\u0131lmas\u0131na ba\u015flan\u0131l\u0131b, bu istiqam\u0259td\u0259 vacib add\u0131mlar at\u0131l\u0131r. Haz\u0131rda qanunvericiliy\u0259 d\u0259yi\u015fiklikl\u0259r haz\u0131rlan\u0131r ki, D\u00f6vl\u0259t Sosial M\u00fcdafi\u0259 Fondunun s\u0259rb\u0259st v\u0259saitl\u0259rini investisiya m\u0259qs\u0259dl\u0259ri \u00fc\u00e7\u00fcn d\u0259 istifad\u0259 etm\u0259k m\u00fcmk\u00fcn olsun. O c\u00fcml\u0259d\u0259n minimal pensiya kapital\u0131ndan sonradan ail\u0259 \u00fczvl\u0259rinin yararlana bilm\u0259si il\u0259 ba\u011fl\u0131 mexanizm haz\u0131rlan\u0131r.<\/p>\n<p>\u0130qtisad\u00e7\u0131 \u0259lav\u0259 edib ki, \u00f6z\u0259l pensiya fondlar\u0131n\u0131n yarad\u0131lmas\u0131 v\u0259 DSMF-nin v\u0259saitl\u0259rinin yeni m\u0259nb\u0259l\u0259r hesab\u0131na artmas\u0131 s\u00f6z\u00fcged\u0259n problemd\u0259n \u0259n yax\u015f\u0131 \u00e7\u0131x\u0131\u015f yolu ola bil\u0259r.<\/p>\n","protected":false},"excerpt":{"rendered":"<p>\u201cBir \u00e7ox inki\u015faf etmi\u015f d\u00fcnya \u00f6lk\u0259l\u0259rind\u0259 v\u0259ziyy\u0259t bel\u0259dir ki, \u015f\u0259xs t\u0259qa\u00fcd ya\u015f\u0131na \u00e7atmazdan \u00f6nc\u0259 v\u0259fat etdikd\u0259, pensiya kapital\u0131 onun ail\u0259 \u00fczvl\u0259ri (yax\u0131n qohumlar\u0131) aras\u0131nda b\u00f6l\u00fc\u015fd\u00fcr\u00fcl\u00fcr. H\u0259m\u00e7inin o \u00f6lk\u0259l\u0259rd\u0259 bel\u0259 hal da m\u00f6vcuddur ki, insanlar y\u0131\u011f\u0131lan kapital\u0131 pensiya ya\u015f\u0131na \u00e7atmam\u0131\u015f da g\u00f6t\u00fcr\u00fcb, hans\u0131sa bir t\u0259l\u0259bat\u0131n\u0131 \u00f6d\u0259m\u0259k m\u0259qs\u0259dil\u0259 x\u0259rcl\u0259y\u0259 bil\u0259r. T\u0259\u0259ss\u00fcf ki, Az\u0259rbaycanda bu qaydalar yoxdur. \u00c7\u00fcnki D\u00f6vl\u0259t Sosial M\u00fcdafi\u0259 Fondu h\u0259l\u0259 d\u00f6vl\u0259t b\u00fcdc\u0259sinin dotasiyas\u0131ndan as\u0131l\u0131d\u0131r\u201d. Bu fikirl\u0259ri\u00a0Publika.az-a\u00a0a\u00e7\u0131qlamas\u0131nda iqtisad\u00e7\u0131 P\u0259rviz Heyd\u0259rov bildirib. Ekspert \u00f6lk\u0259mizd\u0259 pensiya sistemind\u0259 varislik h\u00fcququnun olmamas\u0131ndan v\u0259 bu hal\u0131n y\u0131\u011f\u0131lan kapital\u0131n sonrak\u0131 aqib\u0259tin\u0259 t\u0259sirind\u0259n d\u0259 b\u0259hs edib: \u201dAz\u0259rbaycanda y\u0131\u011f\u0131lan&hellip;<\/p>\n","protected":false},"author":2,"featured_media":588554,"comment_status":"closed","ping_status":"closed","sticky":false,"template":"","format":"standard","meta":{"om_disable_all_campaigns":false,"_monsterinsights_skip_tracking":false,"_monsterinsights_sitenote_active":false,"_monsterinsights_sitenote_note":"","_monsterinsights_sitenote_category":0},"categories":[1],"tags":[],"aioseo_notices":[],"gutentor_comment":0,"rttpg_featured_image_url":{"full":["https:\/\/arantv.az\/wp-content\/uploads\/2023\/04\/pk.jpg",303,166,false],"landscape":["https:\/\/arantv.az\/wp-content\/uploads\/2023\/04\/pk.jpg",303,166,false],"portraits":["https:\/\/arantv.az\/wp-content\/uploads\/2023\/04\/pk.jpg",303,166,false],"thumbnail":["https:\/\/arantv.az\/wp-content\/uploads\/2023\/04\/pk.jpg",303,166,false],"medium":["https:\/\/arantv.az\/wp-content\/uploads\/2023\/04\/pk.jpg",303,166,false],"large":["https:\/\/arantv.az\/wp-content\/uploads\/2023\/04\/pk.jpg",303,166,false],"1536x1536":["https:\/\/arantv.az\/wp-content\/uploads\/2023\/04\/pk.jpg",303,166,false],"2048x2048":["https:\/\/arantv.az\/wp-content\/uploads\/2023\/04\/pk.jpg",303,166,false],"post-thumbnail":["https:\/\/arantv.az\/wp-content\/uploads\/2023\/04\/pk-240x166.jpg",240,166,true],"advps-thumb-one":["https:\/\/arantv.az\/wp-content\/uploads\/2023\/04\/pk.jpg",303,166,false]},"rttpg_author":{"display_name":"V\u00fcsal Rafiqo\u011flu","author_link":"https:\/\/arantv.az\/?author=2"},"rttpg_comment":0,"rttpg_category":"<a href=\"https:\/\/arantv.az\/?cat=1\" rel=\"category\">C\u0259miyy\u0259t<\/a>","rttpg_excerpt":"\u201cBir \u00e7ox inki\u015faf etmi\u015f d\u00fcnya \u00f6lk\u0259l\u0259rind\u0259 v\u0259ziyy\u0259t bel\u0259dir ki, \u015f\u0259xs t\u0259qa\u00fcd ya\u015f\u0131na \u00e7atmazdan \u00f6nc\u0259 v\u0259fat etdikd\u0259, pensiya kapital\u0131 onun ail\u0259 \u00fczvl\u0259ri (yax\u0131n qohumlar\u0131) aras\u0131nda b\u00f6l\u00fc\u015fd\u00fcr\u00fcl\u00fcr. H\u0259m\u00e7inin o \u00f6lk\u0259l\u0259rd\u0259 bel\u0259 hal da m\u00f6vcuddur ki, insanlar y\u0131\u011f\u0131lan kapital\u0131 pensiya ya\u015f\u0131na \u00e7atmam\u0131\u015f da g\u00f6t\u00fcr\u00fcb, hans\u0131sa bir t\u0259l\u0259bat\u0131n\u0131 \u00f6d\u0259m\u0259k m\u0259qs\u0259dil\u0259 x\u0259rcl\u0259y\u0259 bil\u0259r. T\u0259\u0259ss\u00fcf ki, Az\u0259rbaycanda bu qaydalar yoxdur. \u00c7\u00fcnki&hellip;","_links":{"self":[{"href":"https:\/\/arantv.az\/index.php?rest_route=\/wp\/v2\/posts\/588553"}],"collection":[{"href":"https:\/\/arantv.az\/index.php?rest_route=\/wp\/v2\/posts"}],"about":[{"href":"https:\/\/arantv.az\/index.php?rest_route=\/wp\/v2\/types\/post"}],"author":[{"embeddable":true,"href":"https:\/\/arantv.az\/index.php?rest_route=\/wp\/v2\/users\/2"}],"replies":[{"embeddable":true,"href":"https:\/\/arantv.az\/index.php?rest_route=%2Fwp%2Fv2%2Fcomments&post=588553"}],"version-history":[{"count":0,"href":"https:\/\/arantv.az\/index.php?rest_route=\/wp\/v2\/posts\/588553\/revisions"}],"wp:featuredmedia":[{"embeddable":true,"href":"https:\/\/arantv.az\/index.php?rest_route=\/wp\/v2\/media\/588554"}],"wp:attachment":[{"href":"https:\/\/arantv.az\/index.php?rest_route=%2Fwp%2Fv2%2Fmedia&parent=588553"}],"wp:term":[{"taxonomy":"category","embeddable":true,"href":"https:\/\/arantv.az\/index.php?rest_route=%2Fwp%2Fv2%2Fcategories&post=588553"},{"taxonomy":"post_tag","embeddable":true,"href":"https:\/\/arantv.az\/index.php?rest_route=%2Fwp%2Fv2%2Ftags&post=588553"}],"curies":[{"name":"wp","href":"https:\/\/api.w.org\/{rel}","templated":true}]}}