{"id":588564,"date":"2023-04-12T09:57:35","date_gmt":"2023-04-12T05:57:35","guid":{"rendered":"https:\/\/arantv.az\/?p=588564"},"modified":"2023-04-12T09:57:35","modified_gmt":"2023-04-12T05:57:35","slug":"milli-m%c9%99clisd%c9%99-%c9%99sl-muxalif%c9%99t-kimdir-muzakir%c9%99l%c9%99ri","status":"publish","type":"post","link":"https:\/\/arantv.az\/?p=588564","title":{"rendered":"Milli M\u0259clisd\u0259 \u201c\u0259sl m\u00fcxalif\u0259t kimdir\u201d m\u00fczakir\u0259l\u0259ri"},"content":{"rendered":"<h3><strong>Deputatlar d\u0259rman inhisar\u00e7\u0131l\u0131\u011f\u0131ndan \u015fikay\u0259tl\u0259ndil\u0259r; \u018fhliman \u018fmiraslanovdan m\u00fcjd\u0259: \u201cS\u0259hiyy\u0259 Nazirliyi v\u0259 h\u00f6kum\u0259t bir s\u0259n\u0259d \u00fcz\u0259rind\u0259 i\u015f apar\u0131r\u201d<\/strong><\/h3>\n<p><em>Aprelin 11-d\u0259 Milli M\u0259clisin n\u00f6vb\u0259ti iclas\u0131 birinci vitse-spiker \u018fli H\u00fcseynlinin s\u0259drliyi il\u0259 \u00f6z i\u015fin\u0259 ba\u015flay\u0131b. Cari m\u0259s\u0259l\u0259l\u0259r \u0259traf\u0131nda \u00e7\u0131x\u0131\u015f ed\u0259n deputat B\u0259hruz M\u0259h\u0259rr\u0259mov m\u00fcxalif\u0259t\u0259 \u00fcnvanl\u0131 t\u0259nqidi fikirl\u0259rini b\u00f6l\u00fc\u015fd\u00fc.\u00a0 Deputat Sabir R\u00fcst\u0259mxanl\u0131 s\u0259sl\u0259n\u0259n t\u0259nqidi fikirl\u0259r\u0259 m\u00fcnasib\u0259t bildirdi. \u201cM\u0259n d\u0259 m\u00fcxalif\u0259t\u0259m v\u0259 burada oturmu\u015fam. Burada bir s\u0131ra m\u00fcxalif\u0259t partiyalar\u0131n\u0131n r\u0259hb\u0259rl\u0259ri var. Bunlar m\u00fcharib\u0259 d\u00f6vr\u00fcnd\u0259 bir yer\u0259 topla\u015f\u0131b, Az\u0259rbaycan Prezidentini m\u00fcdafi\u0259 etdil\u0259r. Ona g\u00f6r\u0259 d\u0259 bir qrupa g\u00f6r\u0259 ham\u0131n\u0131 ittiham etm\u0259k olmaz\u201d &#8211; S.R\u00fcst\u0259mxanl\u0131 \u0259lav\u0259 etdi.<\/em><\/p>\n<p>Daha sonra deputat yax\u0131n tariximizl\u0259 ba\u011fl\u0131 s\u0259sl\u0259n\u0259n t\u0259nqidl\u0259r\u0259 d\u0259 reaksiya verdi. Bildirdi ki, vaxtil\u0259 Heyd\u0259r \u018fliyev deyirdi ki, m\u0259n Moskvada oturub, bu h\u0259r\u0259kat\u0131 izl\u0259yirdim, xalq\u0131n m\u00fcqavim\u0259ti il\u0259 q\u00fcrur duyurdum: \u201cXalq h\u0259r\u0259kat\u0131n\u0131n \u00fcst\u00fcnd\u0259n x\u0259tt \u00e7\u0259km\u0259k, onu d\u00fc\u015fm\u0259n elan etm\u0259k, qara yaxmaq olmaz. Az\u0259rbaycanda milli birliy\u0259 \u00e7ox ciddi ehtiyac var, c\u0259bh\u0259l\u0259\u015fm\u0259y\u0259 yox&#8230;\u201d S.R\u00fcst\u0259mxanl\u0131 qeyd etdi ki, son zamanlar tarixin t\u0259fti\u015fi prosesi gedir, N\u0259riman N\u0259rimanov m\u00fczakir\u0259y\u0259 \u00e7\u0131xar\u0131l\u0131r, onu R\u0259sulzad\u0259y\u0259 qar\u015f\u0131 qoyurlar. Deputat\u0131n fikrinc\u0259, b\u00fct\u00fcn bunlar\u0131n s\u0259b\u0259bi tariximizin do\u011fru-d\u00fczg\u00fcn yaz\u0131lmamas\u0131 il\u0259 \u0259laq\u0259dard\u0131r: \u201cObyektiv Az\u0259rbaycan tarixi yaz\u0131lmal\u0131d\u0131r v\u0259 xalqa \u00e7atd\u0131r\u0131lmal\u0131d\u0131r, t\u0259bli\u011f olunmal\u0131d\u0131r. Kim ist\u0259yir \u00e7\u0131x\u0131r, \u00f6z a\u011f\u0131l s\u0259viyy\u0259sin\u0259 uy\u011fun dan\u0131\u015f\u0131r. Tarixin h\u0259r s\u0259hif\u0259sin\u0259 m\u00fcnasib\u0259td\u0259 d\u00f6vl\u0259t siyas\u0259ti ortada olmal\u0131d\u0131r\u201d.<\/p>\n<p><img loading=\"lazy\" src=\"https:\/\/meclis.gov.az\/photos\/DSC_9647_1624631850.jpg\" alt=\"Milli Meclis: Milli M\u0259clisin n\u00f6vb\u0259d\u0259nk\u0259nar sessiyas\u0131 davam edir\" width=\"809\" height=\"497\" \/><\/p>\n<p><strong>Deputat Ayd\u0131n Mirz\u0259zad\u0259 is\u0259 s\u00f6z alaraq bildirdi ki, obyektiv tarix yaz\u0131l\u0131b, sad\u0259c\u0259, bax\u0131r kim onu nec\u0259 oxuyub. O, deputat h\u0259mkar\u0131n\u0131n m\u00fcxalif\u0259tl\u0259 ba\u011fl\u0131 fikirl\u0259rini m\u00fcdafi\u0259 etdi:<\/strong>\u00a0\u201cM\u0259n Sabir R\u00fcst\u0259mxanl\u0131 il\u0259 \u018fli K\u0259rimli v\u0259 R\u0259sul Quliyevi bir s\u0131rada qoya bilm\u0259r\u0259m. Ona g\u00f6r\u0259 d\u0259 raz\u0131yam ki, m\u00fcxalif\u0259ti \u00fcmumil\u0259\u015fdirm\u0259k olmaz\u201d. Spiker Sahib\u0259 Qafarova is\u0259 \u201cxalq\u0131n g\u00f6z\u00fc t\u0259r\u0259zidir, Az\u0259rbaycan xalq\u0131 yax\u015f\u0131 bilir ki, kim \u0259sl m\u00fcxalif\u0259tdir\u201d &#8211; dey\u0259r\u0259k, m\u00fczakir\u0259l\u0259r\u0259 n\u00f6qt\u0259 qoydu.<\/p>\n<p>&#8220;&#8221;Ya\u015fat&#8221; Fonduna m\u00fcraci\u0259t \u00e7oxdur v\u0259 art\u0131q k\u00fctl\u0259vi imtinalar edilir ki, bu da haql\u0131 naraz\u0131l\u0131q yarad\u0131r. S\u0259b\u0259b &#8220;Ya\u015fat&#8221; Fondunda v\u0259saitl\u0259rin \u00e7ox az olmas\u0131d\u0131r. Amma h\u0259l\u0259 d\u0259 h\u0259m \u0130kinci, h\u0259m d\u0259 Birinci Qaraba\u011f m\u00fcharib\u0259sind\u0259n minl\u0259rl\u0259 m\u00fcalic\u0259 ist\u0259y\u0259nl\u0259r var&#8221;. Deputat Razi Nurullayev bunu iclasdak\u0131 \u00e7\u0131x\u0131\u015f\u0131nda s\u00f6yl\u0259di. Ard\u0131nca bildirdi ki, h\u0259r g\u00fcn qap\u0131lar\u0131n\u0131 onlarla qazi v\u0259 onlar\u0131n valideynl\u0259ri d\u00f6y\u00fcr: \u201cT\u0259klif edir\u0259m ki, Neft Fondundan h\u0259r il bird\u0259f\u0259lik v\u0259sait &#8220;Ya\u015fat&#8221; Fonduna k\u00f6\u00e7\u00fcr\u00fcls\u00fcn. \u0130mkanl\u0131 \u015f\u0259xsl\u0259r\u0259 d\u0259 m\u00fcraci\u0259t edir\u0259m ki, \u201cYa\u015fat\u201d Fonduna v\u0259sait k\u00f6\u00e7\u00fcrm\u0259kd\u0259 davam etsinl\u0259r&#8221;.<\/p>\n<p><strong>Milli M\u0259clisin H\u00fcquq siyas\u0259ti v\u0259 d\u00f6vl\u0259t quruculu\u011fu komit\u0259sinin s\u0259dr m\u00fcavini Q\u00fcdr\u0259t H\u0259s\u0259nquliyev parlamentin iclas\u0131nda r\u0259smil\u0259rin diqq\u0259tin\u0259 \u00e7atd\u0131rmaq ist\u0259diyi m\u00fch\u00fcm m\u0259s\u0259l\u0259l\u0259rd\u0259n b\u0259hs etdi:<\/strong>\u00a0\u201cBug\u00fcnl\u0259rd\u0259 bizim h\u00f6rm\u0259tli h\u0259mkar\u0131m\u0131z Fazil Mustafaya qar\u015f\u0131 t\u0259\u015fkil olunmu\u015f xarici d\u00f6vl\u0259tl\u0259rin, x\u00fcsusil\u0259 d\u0259 \u0130ran x\u00fcsusi xidm\u0259t orqanlar\u0131n\u0131n i\u015fbirliyind\u0259 olan cinay\u0259tkar d\u0259st\u0259nin \u00fczvl\u0259ri if\u015fa olundu v\u0259 Daxili \u0130\u015fl\u0259r Nazirliyinin \u0259m\u0259kda\u015flar\u0131 y\u00fcks\u0259k pe\u015f\u0259karl\u0131qla bu cinay\u0259tin \u00fcst\u00fcn\u00fc q\u0131sa m\u00fcdd\u0259td\u0259 a\u00e7d\u0131lar. M\u0259n bunu bir daha ona g\u00f6r\u0259 xat\u0131rlad\u0131ram ki, Bak\u0131 \u015f\u0259h\u0259rind\u0259 t\u0259hl\u00fck\u0259sizlik kameralar\u0131n\u0131n say\u0131n\u0131n art\u0131r\u0131lmas\u0131na \u00e7ox ciddi ehtiyac var. R\u0259q\u0259ml\u0259r\u0259 diqq\u0259t yetirdim, m\u0259s\u0259l\u0259n, Londonda 9 milyon 425 min insan ya\u015fay\u0131r, amma h\u00f6kum\u0259t t\u0259r\u0259find\u0259n 942 562 t\u0259hl\u00fck\u0259sizlik kameralar\u0131 qura\u015fd\u0131r\u0131l\u0131b. Bu h\u0259r 10 n\u0259f\u0259r\u0259 bir t\u0259hl\u00fck\u0259sizlik kameras\u0131 dem\u0259kdir\u201d. Q.H\u0259s\u0259nquliyev dedi ki, Bak\u0131 \u015f\u0259h\u0259rind\u0259 \u00e7ox ciddi s\u0131xl\u0131q var: \u201cHesab edir\u0259m ki, x\u00fcsusi d\u00f6vl\u0259t proqram\u0131 q\u0259bul olunmal\u0131d\u0131r. \u018fn az\u0131 5 il \u0259rzind\u0259 Bak\u0131da metrostansiyalar\u0131n say\u0131n\u0131 100-\u0259 \u00e7atd\u0131rmaq laz\u0131md\u0131r. Bunun \u00fc\u00e7\u00fcn h\u0259m D\u00f6vl\u0259t Neft Fondundan v\u0259sait ay\u0131rmaq, h\u0259m d\u0259 xarici \u015firk\u0259tl\u0259ri v\u0259 investiorlar\u0131 bu i\u015f\u0259 c\u0259lb etm\u0259k olar\u201d.<\/p>\n<p><img loading=\"lazy\" src=\"https:\/\/meclis.gov.az\/photos\/DSC_4845_1625836522.jpg\" alt=\"Milli Meclis: M\u0130LL\u0130 M\u018fCL\u0130S\u0130N N\u00d6VB\u018fD\u018fNK\u018fNAR SESS\u0130YASI BA\u015eA \u00c7ATIB\" width=\"720\" height=\"443\" \/><\/p>\n<p>\u201cD\u0259rman vasit\u0259l\u0259ri haqq\u0131nda\u201d Az\u0259rbaycan Respublikas\u0131n\u0131n Qanununda d\u0259yi\u015fiklik edilm\u0259si bar\u0259d\u0259 Az\u0259rbaycan Respublikas\u0131 qanununun layih\u0259si birinci oxunu\u015fda m\u00fczakir\u0259y\u0259 \u00e7\u0131xar\u0131ld\u0131. Komit\u0259 s\u0259dri \u018fhliman \u018fmiraslanov layih\u0259 bar\u0259d\u0259 m\u0259lumat verdi.<\/p>\n<p><strong>Deputat Vahid \u018fhm\u0259dov s\u00f6z alaraq komit\u0259 s\u0259drin\u0259 bu vacib m\u0259s\u0259l\u0259 il\u0259 ba\u011fl\u0131 sual \u00fcnvanlad\u0131: \u201cUzun m\u00fcdd\u0259tdir s\u00f6hb\u0259t gedir ki, h\u00f6kum\u0259t d\u0259rman vasit\u0259l\u0259rinin qiym\u0259ti il\u0259 ba\u011fl\u0131 x\u00fcsusi proqram haz\u0131rlay\u0131r. Bu bar\u0259d\u0259 sizd\u0259 m\u0259lumat varm\u0131?\u201d Komit\u0259 s\u0259dri \u018fhliman \u018fmiraslanov bildirdi ki, t\u0259kc\u0259 d\u0259rman vasit\u0259l\u0259rinin qiym\u0259ti il\u0259 yox, d\u0259rman vasit\u0259l\u0259rinin \u0259l\u00e7atanl\u0131\u011f\u0131 v\u0259 dig\u0259r m\u0259s\u0259l\u0259l\u0259rl\u0259 ba\u011fl\u0131 proses gedir: \u201cS\u0259hiyy\u0259 Nazirliyi v\u0259 h\u00f6kum\u0259t bir s\u0259n\u0259d \u00fcz\u0259rind\u0259 i\u015f apar\u0131r. Bu s\u0259n\u0259d haz\u0131rlan\u0131b, ba\u015fa \u00e7atmaq \u00fczr\u0259dir. Orada Vahid m\u00fc\u0259llimin dediyi m\u0259s\u0259l\u0259l\u0259r d\u0259 daxil olmaqla, d\u0259rman vasit\u0259l\u0259ri il\u0259 ba\u011fl\u0131 probleml\u0259rin h\u0259lli n\u0259z\u0259rd\u0259 tutulur\u201d.<\/strong><\/p>\n<p>Komit\u0259 s\u0259dri Siyavu\u015f Novruzov bildirdi ki, \u00f6lk\u0259d\u0259 d\u0259rman vasit\u0259l\u0259rinin qiym\u0259tl\u0259rinin artmas\u0131 m\u0259s\u0259l\u0259si aktuald\u0131r. Deputat xaricd\u0259n d\u0259rman g\u0259tir\u0259n v\u0259t\u0259nda\u015flar\u0131n g\u00f6mr\u00fckd\u0259 probleml\u0259 \u00fczl\u0259\u015fdiyini bildirdi: \u201cProbleml\u0259 ba\u011fl\u0131 m\u0259s\u0259l\u0259l\u0259r \u00f6z h\u0259llini tapm\u0131r. V\u0259t\u0259nda\u015flar \u00f6zl\u0259ri \u00fc\u00e7\u00fcn xaricd\u0259n ucuz qiym\u0259t\u0259 d\u0259rman vasit\u0259l\u0259ri g\u0259tirir. Amma g\u00f6mr\u00fckd\u0259 insanlar\u0131n \u00f6z\u00fc \u00fc\u00e7\u00fcn g\u0259tirdikl\u0259ri d\u0259rmanlara da mane\u00e7ilik t\u00f6r\u0259dilir. Adam x\u0259st\u0259dir, \u00f6z\u00fcn\u0259 d\u0259rman al\u0131b g\u0259tirir. H\u0259min d\u0259rman\u0131 \u00f6z istifad\u0259si \u00fc\u00e7\u00fcn g\u0259tirir, satma\u011fa deyil. Amma probleml\u0259 \u00fczl\u0259\u015fir. Burada niy\u0259 problem yaranmal\u0131d\u0131r?\u201d. S.Novruzov \u00f6lk\u0259d\u0259ki \u201cAlman aptekl\u0259ri\u201dnd\u0259ki d\u0259rmanlar\u0131n qiym\u0259tind\u0259n d\u0259 \u015fikay\u0259tl\u0259ndi. Bildirdi ki, 5 avroluq d\u0259rman bu aptekl\u0259rd\u0259 150-170 manata sat\u0131l\u0131r, bu, insafdan deyil. \u201cBa\u015fa d\u00fc\u015f\u00fcr\u00fck, yol x\u0259rcl\u0259ri var, amma f\u0259rq bu q\u0259d\u0259r ola bilm\u0259z\u201d. Komit\u0259 s\u0259dri d\u0259rmanlar\u0131n keyfiyy\u0259ti il\u0259 ba\u011fl\u0131 suallar\u0131n oldu\u011funu da vur\u011fulad\u0131.<\/p>\n<p>Etibar \u018fliyev Az\u0259rbaycanda aptekl\u0259rin alman, t\u00fcrk v\u0259 g\u00f6b\u0259l\u0259k kimi artan yerli aptekl\u0259r\u0259 b\u00f6l\u00fcnd\u00fcy\u00fcn\u00fc s\u00f6yl\u0259di: \u201cAlman v\u0259 t\u00fcrk aptekl\u0259rind\u0259n d\u0259rman alanda soru\u015furuq ki, keyfiyy\u0259ti n\u0259dir? Yeri g\u0259lmi\u015fk\u0259n, d\u0259rman d\u00fcz\u0259ld\u0259n laboratoriyalar da yoxa \u00e7\u0131x\u0131b. \u018fvv\u0259ll\u0259r x\u0259st\u0259l\u0259r bir-iki qutu d\u0259rmanla m\u00fcalic\u0259 olunurdusa, indi 4-5 qutu d\u0259rmanla m\u00fcalic\u0259 olunmal\u0131 olurlar. D\u0259rmanlar\u0131n ekspertizas\u0131 bar\u0259d\u0259 m\u0259lumat bazas\u0131 geni\u015f olmal\u0131d\u0131r\u201d.<\/p>\n<p><strong>F\u0259zail A\u011famal\u0131 bildirdi ki, \u00f6lk\u0259d\u0259 d\u0259rman vasit\u0259l\u0259rinin qiym\u0259tl\u0259rin\u0259 \u0259l\u00e7atanl\u0131\u011f\u0131n olmamas\u0131 problemi var: \u201cBel\u0259 problem var, bu, reall\u0131qd\u0131r. Burada bazar iqtisadiyyat\u0131, d\u0259rman g\u0259tir\u0259n v\u0259 satanlar\u0131n maraqlar\u0131, o c\u00fcml\u0259d\u0259n m\u00f6ht\u0259kirl\u0259r var. D\u0259rmanlara n\u0259zar\u0259t m\u0259rk\u0259zini icra strukturlar\u0131n\u0131n birin\u0259 h\u0259val\u0259 etm\u0259k olar. \u0130ndi bilmir ki, bu d\u0259rman m\u0259s\u0259l\u0259sin\u0259 S\u0259hiyy\u0259 Nazirliyi, yoxsa ba\u015fqa qurum bax\u0131r. \u018fvv\u0259ll\u0259r m\u0259s\u0259l\u0259l\u0259r\u0259 t\u0259kc\u0259 S\u0259hiyy\u0259 Nazirliyi bax\u0131rd\u0131, indi m\u00fcraci\u0259t edirs\u0259n, deyir ki, o m\u0259s\u0259l\u0259y\u0259 T\u018fB\u0130B bax\u0131r, ora d\u00fc\u015fm\u0259k is\u0259 kosmosa d\u00fc\u015fm\u0259k kimi bir \u015feydir\u201d.<\/strong><\/p>\n<p>V\u00fcqar Bayramov xat\u0131rlatd\u0131 ki, ke\u00e7\u0259n il h\u00f6kum\u0259t d\u0259rman al\u0131nmas\u0131na 505 milyon manat x\u0259rcl\u0259yib v\u0259 bu, d\u0259rman vasit\u0259l\u0259rin\u0259 ayr\u0131lan v\u0259saitin 2 d\u0259f\u0259 artd\u0131\u011f\u0131n\u0131 g\u00f6st\u0259rir: \u201cD\u0259rmanlar\u0131n qiym\u0259tin\u0259 idxal prosedurlar\u0131n\u0131n asanla\u015fd\u0131r\u0131lmas\u0131 da t\u0259sir g\u00f6st\u0259r\u0259 bil\u0259r. D\u0259rmanlar\u0131n qiym\u0259tinin t\u0259nziml\u0259nm\u0259si mexanizminin t\u0259kmill\u0259\u015fdirilm\u0259sin\u0259 d\u0259 ehtiyac var. B\u0259zi hallarda d\u0259rmanlar\u0131n qiym\u0259ti d\u00fczg\u00fcn t\u0259nziml\u0259nm\u0259diyi \u00fc\u00e7\u00fcn sahibkarlar d\u0259rmanlar\u0131 konkret bir \u00f6lk\u0259d\u0259n g\u0259tirirl\u0259r\u201d.<\/p>\n<p>Hikm\u0259t Babao\u011flu idxal olunan d\u0259rmanlar\u0131n t\u0259rkibinin yenid\u0259n yoxlan\u0131lmas\u0131n\u0131 t\u0259klif etdi: \u201cBir vaxt \u0130ran d\u0259rmanlar\u0131ndan istifad\u0259 ed\u0259n bir qohumumuzun Moskvada yoxlan\u0131lmas\u0131 zaman\u0131 m\u0259lum olmu\u015fdu ki, \u0130ran d\u0259rman\u0131n\u0131n t\u0259rkibind\u0259 narkotik olub. Ona g\u00f6r\u0259 idxal olunan d\u0259rmanlar yoxlan\u0131lmal\u0131d\u0131r\u201d.<\/p>\n<p><strong>Tahir K\u0259rimli v\u0259t\u0259nda\u015flar\u0131n d\u0259rman vasit\u0259l\u0259rin\u0259 \u0259l\u00e7atanl\u0131\u011f\u0131 il\u0259 ba\u011fl\u0131 probleml\u0259rin oldu\u011funu s\u00f6yl\u0259di. Bildirdi ki, bu sah\u0259d\u0259 v\u0259ziyy\u0259t narahatl\u0131q do\u011furur. Deputat Az\u0259rbaycanda k\u00fctl\u0259vi x\u0259st\u0259likl\u0259rl\u0259 ba\u011fl\u0131 d\u0259rmanlar\u0131n \u0259haliy\u0259 pulsuz verilm\u0259sini t\u0259klif etdi. Bildirdi ki, \u0259g\u0259r m\u00fcmk\u00fcns\u0259, b\u00fct\u00fcn \u0259haliy\u0259, yox, \u0259g\u0259r m\u00fcmk\u00fcn deyils\u0259, kas\u0131b, qazi, ail\u0259l\u0259rin\u0259 d\u0259rmanlar pulsuz paylan\u0131ls\u0131n:<\/strong>\u00a0\u201cH\u0259min \u0259hali \u00fc\u00e7\u00fcn aptekl\u0259r a\u00e7\u0131ls\u0131n, d\u0259rmanlarla t\u0259min olunsunlar. He\u00e7 olmasa daha a\u015fa\u011f\u0131 qiym\u0259t\u0259 sat\u0131ls\u0131n ki, \u0259hali o d\u0259rmanlar\u0131 ala bilsin. Tarif \u015euras\u0131 da buna n\u0259zar\u0259t ed\u0259 bil\u0259r\u201d. T.K\u0259rimli Tarif \u015euras\u0131 il\u0259 ba\u011fl\u0131 irad\u0131n\u0131 da \u0259lav\u0259 etdi: \u201cTarif \u015euras\u0131ndan he\u00e7 vaxt e\u015fitm\u0259dik ki, qiym\u0259tl\u0259ri bir d\u0259f\u0259 a\u015fa\u011f\u0131 sals\u0131n. El\u0259 h\u0259r d\u0259f\u0259 qiym\u0259tl\u0259ri qald\u0131r\u0131r\u201d.<\/p>\n<p><strong>Deputat Q\u0259nir\u0259 Pa\u015fayevan\u0131n s\u00f6zl\u0259rin\u0259 g\u00f6r\u0259, inhisar\u00e7\u0131l\u0131\u011fa son qoyularsa, r\u0259qab\u0259t yaranarsa, d\u0259rmanlar\u0131n qiym\u0259ti d\u0259 ucuzla\u015facaq:<\/strong>\u00a0\u201cS\u0259f\u0259r\u0259 ged\u0259nd\u0259 tan\u0131d\u0131\u011f\u0131m\u0131z insanlar z\u0259ng edirl\u0259r ki, m\u00fcalic\u0259 \u00fc\u00e7\u00fcn filan d\u0259rman\u0131 g\u0259tirin, \u00e7\u00fcnki Az\u0259rbaycanda qiym\u0259ti \u00e7ox bahad\u0131r. Yeri g\u0259lmi\u015fk\u0259n, b\u0259zi \u0259lill\u0259rimizin m\u00fcalic\u0259si davam etdiyi v\u0259 h\u0259l\u0259 \u0259lillik d\u0259r\u0259c\u0259l\u0259ri almad\u0131\u011f\u0131 \u00fc\u00e7\u00fcn m\u00fcalic\u0259 \u00fc\u00e7\u00fcn d\u0259rmanlar al\u0131rlar. Onlar\u0131n \u0259ll\u0259rind\u0259ki b\u0259zi reseptl\u0259rd\u0259 d\u0259rmanlar\u0131n qiym\u0259ti 400 manata yax\u0131nd\u0131r. Bu m\u0259s\u0259l\u0259nin d\u0259 h\u0259llin\u0259 diqq\u0259t yetirilm\u0259lidir. Bir m\u0259qam\u0131 qeyd edim. T\u00fcrkiy\u0259d\u0259 az\u0259rbaycanl\u0131lar var, d\u0259rman istehsal edir, T\u00fcrkiy\u0259d\u0259n xaric\u0259 d\u0259 sat\u0131rlar. Bu insanlar niy\u0259 Az\u0259rbaycanda bel\u0259 d\u0259rman istehsal\u0131 yarada bilmirl\u0259r?\u201d<\/p>\n<p>Layih\u0259 ilk oxunu\u015fda q\u0259bul olundu. \u0130clasda dig\u0259r qanun layih\u0259l\u0259ri d\u0259 m\u00fczakir\u0259l\u0259rd\u0259n sonra q\u0259bul edildi.<\/p>\n","protected":false},"excerpt":{"rendered":"<p>Deputatlar d\u0259rman inhisar\u00e7\u0131l\u0131\u011f\u0131ndan \u015fikay\u0259tl\u0259ndil\u0259r; \u018fhliman \u018fmiraslanovdan m\u00fcjd\u0259: \u201cS\u0259hiyy\u0259 Nazirliyi v\u0259 h\u00f6kum\u0259t bir s\u0259n\u0259d \u00fcz\u0259rind\u0259 i\u015f apar\u0131r\u201d Aprelin 11-d\u0259 Milli M\u0259clisin n\u00f6vb\u0259ti iclas\u0131 birinci vitse-spiker \u018fli H\u00fcseynlinin s\u0259drliyi il\u0259 \u00f6z i\u015fin\u0259 ba\u015flay\u0131b. Cari m\u0259s\u0259l\u0259l\u0259r \u0259traf\u0131nda \u00e7\u0131x\u0131\u015f ed\u0259n deputat B\u0259hruz M\u0259h\u0259rr\u0259mov m\u00fcxalif\u0259t\u0259 \u00fcnvanl\u0131 t\u0259nqidi fikirl\u0259rini b\u00f6l\u00fc\u015fd\u00fc.\u00a0 Deputat Sabir R\u00fcst\u0259mxanl\u0131 s\u0259sl\u0259n\u0259n t\u0259nqidi fikirl\u0259r\u0259 m\u00fcnasib\u0259t bildirdi. \u201cM\u0259n d\u0259 m\u00fcxalif\u0259t\u0259m v\u0259 burada oturmu\u015fam. Burada bir s\u0131ra m\u00fcxalif\u0259t partiyalar\u0131n\u0131n r\u0259hb\u0259rl\u0259ri var. Bunlar m\u00fcharib\u0259 d\u00f6vr\u00fcnd\u0259 bir yer\u0259 topla\u015f\u0131b, Az\u0259rbaycan Prezidentini m\u00fcdafi\u0259 etdil\u0259r. Ona g\u00f6r\u0259 d\u0259 bir qrupa g\u00f6r\u0259 ham\u0131n\u0131 ittiham etm\u0259k olmaz\u201d &#8211; S.R\u00fcst\u0259mxanl\u0131 \u0259lav\u0259 etdi. Daha&hellip;<\/p>\n","protected":false},"author":2,"featured_media":588565,"comment_status":"closed","ping_status":"closed","sticky":false,"template":"","format":"standard","meta":{"om_disable_all_campaigns":false,"_monsterinsights_skip_tracking":false,"_monsterinsights_sitenote_active":false,"_monsterinsights_sitenote_note":"","_monsterinsights_sitenote_category":0},"categories":[19],"tags":[],"aioseo_notices":[],"gutentor_comment":0,"rttpg_featured_image_url":{"full":["https:\/\/arantv.az\/wp-content\/uploads\/2023\/04\/8d9230c50899d334d13955db97b6908a.jpg",870,500,false],"landscape":["https:\/\/arantv.az\/wp-content\/uploads\/2023\/04\/8d9230c50899d334d13955db97b6908a.jpg",870,500,false],"portraits":["https:\/\/arantv.az\/wp-content\/uploads\/2023\/04\/8d9230c50899d334d13955db97b6908a.jpg",870,500,false],"thumbnail":["https:\/\/arantv.az\/wp-content\/uploads\/2023\/04\/8d9230c50899d334d13955db97b6908a-500x280.jpg",500,280,true],"medium":["https:\/\/arantv.az\/wp-content\/uploads\/2023\/04\/8d9230c50899d334d13955db97b6908a-635x365.jpg",635,365,true],"large":["https:\/\/arantv.az\/wp-content\/uploads\/2023\/04\/8d9230c50899d334d13955db97b6908a-840x483.jpg",640,368,true],"1536x1536":["https:\/\/arantv.az\/wp-content\/uploads\/2023\/04\/8d9230c50899d334d13955db97b6908a.jpg",870,500,false],"2048x2048":["https:\/\/arantv.az\/wp-content\/uploads\/2023\/04\/8d9230c50899d334d13955db97b6908a.jpg",870,500,false],"post-thumbnail":["https:\/\/arantv.az\/wp-content\/uploads\/2023\/04\/8d9230c50899d334d13955db97b6908a-240x172.jpg",240,172,true],"advps-thumb-one":["https:\/\/arantv.az\/wp-content\/uploads\/2023\/04\/8d9230c50899d334d13955db97b6908a.jpg",870,500,false]},"rttpg_author":{"display_name":"V\u00fcsal Rafiqo\u011flu","author_link":"https:\/\/arantv.az\/?author=2"},"rttpg_comment":0,"rttpg_category":"<a href=\"https:\/\/arantv.az\/?cat=19\" rel=\"category\">G\u00fcnd\u0259m<\/a>","rttpg_excerpt":"Deputatlar d\u0259rman inhisar\u00e7\u0131l\u0131\u011f\u0131ndan \u015fikay\u0259tl\u0259ndil\u0259r; \u018fhliman \u018fmiraslanovdan m\u00fcjd\u0259: \u201cS\u0259hiyy\u0259 Nazirliyi v\u0259 h\u00f6kum\u0259t bir s\u0259n\u0259d \u00fcz\u0259rind\u0259 i\u015f apar\u0131r\u201d Aprelin 11-d\u0259 Milli M\u0259clisin n\u00f6vb\u0259ti iclas\u0131 birinci vitse-spiker \u018fli H\u00fcseynlinin s\u0259drliyi il\u0259 \u00f6z i\u015fin\u0259 ba\u015flay\u0131b. Cari m\u0259s\u0259l\u0259l\u0259r \u0259traf\u0131nda \u00e7\u0131x\u0131\u015f ed\u0259n deputat B\u0259hruz M\u0259h\u0259rr\u0259mov m\u00fcxalif\u0259t\u0259 \u00fcnvanl\u0131 t\u0259nqidi fikirl\u0259rini b\u00f6l\u00fc\u015fd\u00fc.\u00a0 Deputat Sabir R\u00fcst\u0259mxanl\u0131 s\u0259sl\u0259n\u0259n t\u0259nqidi fikirl\u0259r\u0259 m\u00fcnasib\u0259t bildirdi. \u201cM\u0259n d\u0259 m\u00fcxalif\u0259t\u0259m&hellip;","_links":{"self":[{"href":"https:\/\/arantv.az\/index.php?rest_route=\/wp\/v2\/posts\/588564"}],"collection":[{"href":"https:\/\/arantv.az\/index.php?rest_route=\/wp\/v2\/posts"}],"about":[{"href":"https:\/\/arantv.az\/index.php?rest_route=\/wp\/v2\/types\/post"}],"author":[{"embeddable":true,"href":"https:\/\/arantv.az\/index.php?rest_route=\/wp\/v2\/users\/2"}],"replies":[{"embeddable":true,"href":"https:\/\/arantv.az\/index.php?rest_route=%2Fwp%2Fv2%2Fcomments&post=588564"}],"version-history":[{"count":0,"href":"https:\/\/arantv.az\/index.php?rest_route=\/wp\/v2\/posts\/588564\/revisions"}],"wp:featuredmedia":[{"embeddable":true,"href":"https:\/\/arantv.az\/index.php?rest_route=\/wp\/v2\/media\/588565"}],"wp:attachment":[{"href":"https:\/\/arantv.az\/index.php?rest_route=%2Fwp%2Fv2%2Fmedia&parent=588564"}],"wp:term":[{"taxonomy":"category","embeddable":true,"href":"https:\/\/arantv.az\/index.php?rest_route=%2Fwp%2Fv2%2Fcategories&post=588564"},{"taxonomy":"post_tag","embeddable":true,"href":"https:\/\/arantv.az\/index.php?rest_route=%2Fwp%2Fv2%2Ftags&post=588564"}],"curies":[{"name":"wp","href":"https:\/\/api.w.org\/{rel}","templated":true}]}}