{"id":588573,"date":"2023-04-12T10:02:20","date_gmt":"2023-04-12T06:02:20","guid":{"rendered":"https:\/\/arantv.az\/?p=588573"},"modified":"2023-04-12T10:02:20","modified_gmt":"2023-04-12T06:02:20","slug":"%c9%99sr%c9%99-b%c9%99rab%c9%99r-5-il","status":"publish","type":"post","link":"https:\/\/arantv.az\/?p=588573","title":{"rendered":"\u018fsr\u0259 b\u0259rab\u0259r 5 il"},"content":{"rendered":"<p>5 il \u0259vv\u0259l aprelin 11-d\u0259 \u015f\u0259ffaf, azad, demokratik \u015f\u0259raitd\u0259 ke\u00e7irilmi\u015f n\u00f6vb\u0259d\u0259nk\u0259nar prezident se\u00e7kil\u0259rind\u0259 c\u0259nab \u0130lham \u018fliyev se\u00e7icil\u0259rin m\u00fctl\u0259q \u0259ks\u0259riyy\u0259tinin \u2013 86,02 faizinin s\u0259sini qazanaraq Az\u0259rbaycan Respublikas\u0131n\u0131n Prezidenti se\u00e7ildi.\u00a0Bununlada m\u00fcdrik v\u0259 \u00f6z taleyinin sahibi olan xalq\u0131m\u0131z b\u00fct\u00fcn destruktiv v\u0259 anti-Az\u0259rbaycan q\u00fcvv\u0259l\u0259rin\u0259 yox dedi, milli satq\u0131nl\u0131q n\u00fcmayi\u015f etdir\u0259n \u00fcns\u00fcrl\u0259r\u0259 bir daha \u00f6z yerini g\u00f6st\u0259rdi v\u0259 \u00f6lk\u0259mizin inki\u015faf\u0131na, t\u0259r\u0259qqisin\u0259, t\u0259hl\u00fck\u0259sizliyin\u0259, xo\u015fb\u0259xt g\u0259l\u0259c\u0259yin\u0259 s\u0259s vermi\u015f oldu.\u00a0\u00d6lk\u0259mizd\u0259 ke\u00e7irilmi\u015f 11 aprel n\u00f6vb\u0259d\u0259nk\u0259nar prezident se\u00e7kil\u0259ri b\u00fct\u00fcn beyn\u0259lxalq t\u0259\u015fkilatlar, m\u0259rk\u0259zl\u0259r o c\u00fcml\u0259d\u0259n m\u00fc\u015fahid\u0259\u00e7il\u0259r t\u0259r\u0259find\u0259n y\u00fcks\u0259k qiym\u0259tl\u0259ndirilmi\u015f, se\u00e7kil\u0259rin qanunvericiliy\u0259 uy\u011fun, demokratik \u015f\u0259raitd\u0259 y\u00fcks\u0259k se\u00e7ici f\u0259all\u0131\u011f\u0131 il\u0259 ke\u00e7m\u0259si v\u0259 m\u00fck\u0259mm\u0259l t\u0259\u015fkili vur\u011fulanm\u0131\u015fd\u0131r.<\/p>\n<p><strong>ARANTV.AZ\u00a0 x\u0259b\u0259r verir ki,<\/strong>\u00a0bunu Milli M\u0259clisin deputat\u0131\u00a0<strong>S\u0259daq\u0259t V\u0259liyeva\u00a0<\/strong>deyib.<\/p>\n<p><img src=\"https:\/\/ikisahil.az\/upload\/\/2022\/05\/13\/\/-29e48b7916524419903320586511003350.jpg\" alt=\"\" \/><\/p>\n<p>S\u0259daq\u0259t V\u0259liyeva bildirib ki,\u00a0 gerid\u0259 qoydu\u011fumuz bu ill\u0259ri \u0259sr\u0259 b\u0259rab\u0259r zaman kimi xarakteriz\u0259 etm\u0259k olar. M\u00f6ht\u0259r\u0259m \u0130lham \u018fliyevin prezidentliyi d\u00f6vr\u00fcnd\u0259 \u00f6lk\u0259miz \u00e7ox b\u00f6y\u00fck inki\u015faf yolu ke\u00e7mi\u015f, d\u00f6vl\u0259timizin q\u00fcdr\u0259ti daha da artm\u0131\u015f, Az\u0259rbaycan\u0131n beyn\u0259lxalq miqyasda m\u00f6vqeyi v\u0259 n\u00fcfuzu xeyli d\u0259r\u0259c\u0259d\u0259 g\u00fccl\u0259nmi\u015f, \u00f6lk\u0259mizd\u0259 h\u0259r bir sah\u0259d\u0259 ink\u015faf v\u0259 t\u0259r\u0259qqi h\u00f6km s\u00fcrm\u00fc\u015fd\u00fcr.<\/p>\n<p>2003-2018-ci ill\u0259r tariximiz\u0259 m\u00f6ht\u0259\u015f\u0259m iqtisadi y\u00fcks\u0259li\u015f d\u00f6vr\u00fc kimi h\u0259kk olmu\u015fdur. \u00dcmumi daxili m\u0259hsul 3,2 d\u0259f\u0259, b\u00fcdc\u0259 g\u0259lirl\u0259ri 13,5 d\u0259f\u0259, \u00f6lk\u0259nin strateji valyuta ehtiyatlar\u0131 26.6 d\u0259f\u0259, xarici ticar\u0259t d\u00f6vriyy\u0259si 4,6 d\u0259f\u0259, \u0259halinin nominal g\u0259lirl\u0259ri 8.6 d\u0259f\u0259, minimum \u0259m\u0259khaqq\u0131 12.9 d\u0259f\u0259,\u0259halinin banklardak\u0131 \u0259man\u0259ti 30 d\u0259f\u0259 artm\u0131\u015f, 1 958 400 yeni i\u015f yeri a\u00e7\u0131lm\u0131\u015f, 326.6 min n\u0259f\u0259r\u0259 \u00fcnvanl\u0131 d\u00f6vl\u0259t sosial yard\u0131m\u0131 verilmi\u015f, i\u015fsizliyin s\u0259viyy\u0259si 9.2 faizd\u0259n 5 faiz\u0259, yoxsullu\u011fun s\u0259viyy\u0259si 44.7 faizd\u0259n 5.4 faiz\u0259 enmi\u015f, 245 min n\u0259f\u0259r m\u0259cburi k\u00f6\u00e7k\u00fcn m\u0259nzill\u0259 t\u0259min olunmu\u015fdur.\u00a0 \u00a0 \u00a0 \u00a0 \u00a0 \u00a0 \u00a0 \u00a0 \u00a0 \u00a0 \u00a0 \u00a0 \u00a0 \u00a0 \u00a0 \u00a0 \u00a0 \u00a0 \u00a0 \u00a0 \u00a0 \u00a0 H\u0259yata ke\u00e7iril\u0259n m\u00fcdrik siyas\u0259t n\u0259tic\u0259sind\u0259 \u00f6lk\u0259mizin d\u00fcnya \u00fczr\u0259 qlobal r\u0259qab\u0259tlilik indeksind\u0259ki m\u00f6vqeyi xeyli artm\u0131\u015fd\u0131r. Az\u0259rbaycan Davos D\u00fcnya \u0130qtisadi Forumunun \u201c2017-2018 Qlobal R\u0259qab\u0259tlilik Hesabat\u0131\u201dnda 35-ci pill\u0259d\u0259 yer alm\u0131\u015f v\u0259 MDB m\u0259kan\u0131nda liderliyini qoruyub saxlam\u0131\u015fd\u0131r. Eyni zamanda Az\u0259rbaycan d\u00fcnyan\u0131n \u0259n \u00e7ox islahat aparan 10 \u00f6lk\u0259sind\u0259n biri kimi tan\u0131nm\u0131\u015fd\u0131r.<\/p>\n<p>Xarici siytas\u0259t v\u0259 diplomatik sah\u0259d\u0259 d\u0259 u\u011furlar\u0131m\u0131z says\u0131z-hesabs\u0131zd\u0131r. C\u0259nab \u0130lham \u018fliyev t\u0259r\u0259find\u0259n m\u00fcst\u0259qil, \u00e7ox\u015fax\u0259li v\u0259 milli maraqlar\u0131m\u0131z\u0131n qorunmas\u0131na hesablanm\u0131\u015f m\u00fcdrik xarici siyas\u0259t kursu h\u0259yata ke\u00e7irilmi\u015fdir. \u00d6lk\u0259 ba\u015f\u00e7\u0131m\u0131z c\u0259nab \u0130lham \u018fliyev\u00a0Az\u0259rbaycan\u0131n d\u00fcnyada n\u00fcfuzunun artmas\u0131, etibarl\u0131 t\u0259r\u0259fda\u015f kimi tan\u0131nmas\u0131 istiqam\u0259tind\u0259 gec\u0259-g\u00fcnd\u00fcz yorulmadan \u00e7al\u0131\u015fm\u0131\u015f,\u00a0 xarici \u00f6lk\u0259l\u0259r\u0259 s\u0259f\u0259rl\u0259r, beyn\u0259lxalq \u0259h\u0259miyy\u0259tli t\u0259dbirl\u0259rd\u0259 i\u015ftirak, d\u00fcnya miqyasl\u0131 t\u0259\u015fkilatlarla yax\u0131ndan \u0259m\u0259kda\u015fl\u0131q etmi\u015fdir.\u00a0 \u0130nk\u015fafa v\u0259 s\u00fclh\u0259 hesablanm\u0131\u015f m\u00fcdrik \u0130lham \u018fliyev siyas\u0259ti d\u00fcnyada unikal siyas\u0259t olaraq q\u0259bul edilir, bir s\u0131ra d\u00fcnya miqyasl\u0131 siyas\u0259t\u00e7il\u0259r, tan\u0131nm\u0131\u015f \u015f\u0259xsl\u0259r bu siyas\u0259ti t\u0259qdir edir v\u0259 n\u00fcmun\u0259vi siyas\u0259t olaraq qiym\u0259tl\u0259ndirir.<\/p>\n<p>V\u0259 \u0259n \u0259sas\u0131 \u00f6lk\u0259 ba\u015f\u00e7\u0131m\u0131z c\u0259nab \u0130lham \u018fliyevin ill\u0259r \u0259rzind\u0259 z\u0259rg\u0259r d\u0259qiqliyi il\u0259 \u00f6l\u00e7\u00fcb bi\u00e7\u0259r\u0259k h\u0259yata ke\u00e7irdiyi unikal v\u0259 b\u0259nz\u0259rsiz siyas\u0259t xalq\u0131m\u0131za Z\u0259f\u0259r sevincini d\u0259 ya\u015fatd\u0131. Q\u00fcdr\u0259tli Az\u0259rbaycan Ordusu M\u00fcz\u0259ff\u0259r Ali Ba\u015f Komandan\u0131n r\u0259hb\u0259rliyi alt\u0131nda erm\u0259ni i\u015f\u011fal\u0131na son qoyaraq \u0259razi b\u00fct\u00f6vl\u00fcy\u00fcn\u00fc b\u0259rpa etdi.\u00a0Bununla da bizl\u0259r \u00f6z do\u011fma torpaqlar\u0131m\u0131za qay\u0131td\u0131q v\u0259 Qalib Xalqa \u00e7evrildik.<\/p>\n<p>G\u00fcc\u00fcn\u00fc xalq\u0131ndan alan, verdiyi b\u00fct\u00fcn v\u0259dl\u0259ri taml\u0131qla yerin\u0259 yetir\u0259n c\u0259nab \u0130lham \u018fliyev, \u00f6z f\u0259aliyy\u0259ti il\u0259, s\u00f6yl\u0259diyi \u201cM\u0259n h\u0259r bir Az\u0259rbaycan v\u0259t\u0259nda\u015f\u0131n\u0131n Prezidenti olaca\u011fam\u201d k\u0259lam\u0131n\u0131 reall\u0131\u011fa \u00e7evirmi\u015f oldu.<\/p>\n","protected":false},"excerpt":{"rendered":"<p>5 il \u0259vv\u0259l aprelin 11-d\u0259 \u015f\u0259ffaf, azad, demokratik \u015f\u0259raitd\u0259 ke\u00e7irilmi\u015f n\u00f6vb\u0259d\u0259nk\u0259nar prezident se\u00e7kil\u0259rind\u0259 c\u0259nab \u0130lham \u018fliyev se\u00e7icil\u0259rin m\u00fctl\u0259q \u0259ks\u0259riyy\u0259tinin \u2013 86,02 faizinin s\u0259sini qazanaraq Az\u0259rbaycan Respublikas\u0131n\u0131n Prezidenti se\u00e7ildi.\u00a0Bununlada m\u00fcdrik v\u0259 \u00f6z taleyinin sahibi olan xalq\u0131m\u0131z b\u00fct\u00fcn destruktiv v\u0259 anti-Az\u0259rbaycan q\u00fcvv\u0259l\u0259rin\u0259 yox dedi, milli satq\u0131nl\u0131q n\u00fcmayi\u015f etdir\u0259n \u00fcns\u00fcrl\u0259r\u0259 bir daha \u00f6z yerini g\u00f6st\u0259rdi v\u0259 \u00f6lk\u0259mizin inki\u015faf\u0131na, t\u0259r\u0259qqisin\u0259, t\u0259hl\u00fck\u0259sizliyin\u0259, xo\u015fb\u0259xt g\u0259l\u0259c\u0259yin\u0259 s\u0259s vermi\u015f oldu.\u00a0\u00d6lk\u0259mizd\u0259 ke\u00e7irilmi\u015f 11 aprel n\u00f6vb\u0259d\u0259nk\u0259nar prezident se\u00e7kil\u0259ri b\u00fct\u00fcn beyn\u0259lxalq t\u0259\u015fkilatlar, m\u0259rk\u0259zl\u0259r o c\u00fcml\u0259d\u0259n m\u00fc\u015fahid\u0259\u00e7il\u0259r t\u0259r\u0259find\u0259n y\u00fcks\u0259k qiym\u0259tl\u0259ndirilmi\u015f, se\u00e7kil\u0259rin qanunvericiliy\u0259 uy\u011fun, demokratik \u015f\u0259raitd\u0259 y\u00fcks\u0259k se\u00e7ici f\u0259all\u0131\u011f\u0131 il\u0259 ke\u00e7m\u0259si v\u0259 m\u00fck\u0259mm\u0259l&hellip;<\/p>\n","protected":false},"author":2,"featured_media":588574,"comment_status":"closed","ping_status":"closed","sticky":false,"template":"","format":"standard","meta":{"om_disable_all_campaigns":false,"_monsterinsights_skip_tracking":false,"_monsterinsights_sitenote_active":false,"_monsterinsights_sitenote_note":"","_monsterinsights_sitenote_category":0},"categories":[19],"tags":[],"aioseo_notices":[],"gutentor_comment":0,"rttpg_featured_image_url":{"full":["https:\/\/arantv.az\/wp-content\/uploads\/2023\/04\/5c151c2a16724183523526177581017860.jpg",975,540,false],"landscape":["https:\/\/arantv.az\/wp-content\/uploads\/2023\/04\/5c151c2a16724183523526177581017860.jpg",975,540,false],"portraits":["https:\/\/arantv.az\/wp-content\/uploads\/2023\/04\/5c151c2a16724183523526177581017860.jpg",975,540,false],"thumbnail":["https:\/\/arantv.az\/wp-content\/uploads\/2023\/04\/5c151c2a16724183523526177581017860-500x280.jpg",500,280,true],"medium":["https:\/\/arantv.az\/wp-content\/uploads\/2023\/04\/5c151c2a16724183523526177581017860-660x365.jpg",660,365,true],"large":["https:\/\/arantv.az\/wp-content\/uploads\/2023\/04\/5c151c2a16724183523526177581017860-840x465.jpg",640,354,true],"1536x1536":["https:\/\/arantv.az\/wp-content\/uploads\/2023\/04\/5c151c2a16724183523526177581017860.jpg",975,540,false],"2048x2048":["https:\/\/arantv.az\/wp-content\/uploads\/2023\/04\/5c151c2a16724183523526177581017860.jpg",975,540,false],"post-thumbnail":["https:\/\/arantv.az\/wp-content\/uploads\/2023\/04\/5c151c2a16724183523526177581017860-240x172.jpg",240,172,true],"advps-thumb-one":["https:\/\/arantv.az\/wp-content\/uploads\/2023\/04\/5c151c2a16724183523526177581017860.jpg",975,540,false]},"rttpg_author":{"display_name":"V\u00fcsal Rafiqo\u011flu","author_link":"https:\/\/arantv.az\/?author=2"},"rttpg_comment":0,"rttpg_category":"<a href=\"https:\/\/arantv.az\/?cat=19\" rel=\"category\">G\u00fcnd\u0259m<\/a>","rttpg_excerpt":"5 il \u0259vv\u0259l aprelin 11-d\u0259 \u015f\u0259ffaf, azad, demokratik \u015f\u0259raitd\u0259 ke\u00e7irilmi\u015f n\u00f6vb\u0259d\u0259nk\u0259nar prezident se\u00e7kil\u0259rind\u0259 c\u0259nab \u0130lham \u018fliyev se\u00e7icil\u0259rin m\u00fctl\u0259q \u0259ks\u0259riyy\u0259tinin \u2013 86,02 faizinin s\u0259sini qazanaraq Az\u0259rbaycan Respublikas\u0131n\u0131n Prezidenti se\u00e7ildi.\u00a0Bununlada m\u00fcdrik v\u0259 \u00f6z taleyinin sahibi olan xalq\u0131m\u0131z b\u00fct\u00fcn destruktiv v\u0259 anti-Az\u0259rbaycan q\u00fcvv\u0259l\u0259rin\u0259 yox dedi, milli satq\u0131nl\u0131q n\u00fcmayi\u015f etdir\u0259n \u00fcns\u00fcrl\u0259r\u0259 bir daha \u00f6z yerini g\u00f6st\u0259rdi v\u0259 \u00f6lk\u0259mizin inki\u015faf\u0131na,&hellip;","_links":{"self":[{"href":"https:\/\/arantv.az\/index.php?rest_route=\/wp\/v2\/posts\/588573"}],"collection":[{"href":"https:\/\/arantv.az\/index.php?rest_route=\/wp\/v2\/posts"}],"about":[{"href":"https:\/\/arantv.az\/index.php?rest_route=\/wp\/v2\/types\/post"}],"author":[{"embeddable":true,"href":"https:\/\/arantv.az\/index.php?rest_route=\/wp\/v2\/users\/2"}],"replies":[{"embeddable":true,"href":"https:\/\/arantv.az\/index.php?rest_route=%2Fwp%2Fv2%2Fcomments&post=588573"}],"version-history":[{"count":0,"href":"https:\/\/arantv.az\/index.php?rest_route=\/wp\/v2\/posts\/588573\/revisions"}],"wp:featuredmedia":[{"embeddable":true,"href":"https:\/\/arantv.az\/index.php?rest_route=\/wp\/v2\/media\/588574"}],"wp:attachment":[{"href":"https:\/\/arantv.az\/index.php?rest_route=%2Fwp%2Fv2%2Fmedia&parent=588573"}],"wp:term":[{"taxonomy":"category","embeddable":true,"href":"https:\/\/arantv.az\/index.php?rest_route=%2Fwp%2Fv2%2Fcategories&post=588573"},{"taxonomy":"post_tag","embeddable":true,"href":"https:\/\/arantv.az\/index.php?rest_route=%2Fwp%2Fv2%2Ftags&post=588573"}],"curies":[{"name":"wp","href":"https:\/\/api.w.org\/{rel}","templated":true}]}}