{"id":589791,"date":"2023-04-15T10:10:39","date_gmt":"2023-04-15T06:10:39","guid":{"rendered":"https:\/\/arantv.az\/?p=589791"},"modified":"2023-04-15T10:10:39","modified_gmt":"2023-04-15T06:10:39","slug":"may-ayinda-nec%c9%99-gun-is-olmayacaq","status":"publish","type":"post","link":"https:\/\/arantv.az\/?p=589791","title":{"rendered":"May ay\u0131nda ne\u00e7\u0259 g\u00fcn i\u015f olmayacaq?"},"content":{"rendered":"<section>\n<div class=\"content lead font-weight-normal\">\n<p>Bu ilin may ay\u0131 \u00fc\u00e7\u00fcn bayramla \u0259laq\u0259li qeyri-i\u015f g\u00fcnl\u0259ri m\u0259lum olub.<\/p>\n<p><strong>ARANTV.AZ\u00a0 x\u0259b\u0259r verir ki,<\/strong>\u00a09 May Q\u0259l\u0259b\u0259 G\u00fcn\u00fc, 28 May is\u0259 M\u00fcst\u0259qillik G\u00fcn\u00fcd\u00fcr.<\/p>\n<p>2023-\u0441\u00fc ild\u0259 may\u0131n 28-i h\u0259ft\u0259l\u0259raras\u0131 istirah\u0259t g\u00fcnl\u0259rinin i\u015f g\u00fcnl\u0259ri hesab olunmayan bayram g\u00fcnl\u0259ri il\u0259 \u00fcst-\u00fcst\u0259 d\u00fc\u015fm\u0259si il\u0259 \u0259laq\u0259dar olaraq 29 may tarixi istirah\u0259t g\u00fcn\u00fcd\u00fcr.<\/p>\n<p>May ay\u0131n\u0131n 6, 7, 13, 14, 20, 21, 27 v\u0259 28-i tarixl\u0259ri \u015f\u0259nb\u0259 v\u0259 bazar g\u00fcnl\u0259rin\u0259 t\u0259sad\u00fcf etdiyi \u00fc\u00e7\u00fcn qeyri-i\u015f g\u00fcnl\u0259riin say\u0131 10 g\u00fcn olacaq.<\/p>\n<div class=\"clearfix\"><\/div>\n<\/div>\n<div class=\"fotorama--hidden\"><\/div>\n<div id=\"galleryList\" class=\"fotorama fotorama1681538972153\" data-nav=\"thumbs\" data-width=\"100%\" data-thumbwidth=\"90\" data-thumbheight=\"60\" data-allowfullscreen=\"true\" data-autoplay=\"3000\" data-ratio=\"1.5\" data-keyboard=\"true\" data-fit=\"contain\">\n<div class=\"fotorama__wrap fotorama__wrap--css3 fotorama__wrap--slide fotorama__wrap--toggle-arrows fotorama__wrap--no-controls\">\n<div class=\"fotorama__stage\">\n<div class=\"fotorama__fullscreen-icon\" tabindex=\"0\" role=\"button\"><\/div>\n<div class=\"fotorama__stage__shaft\">\n<div class=\"fotorama__stage__frame fotorama__loaded fotorama__loaded--img fotorama__active\"><img class=\"fotorama__img\" src=\"https:\/\/ikisahil.az\/photo\/0x0_2\/upload\/gallery\/2023\/04\/14\/-d8847be3168149802950339533510438338.jpg\" \/><\/div>\n<\/div>\n<div class=\"fotorama__video-close\"><\/div>\n<\/div>\n<\/div>\n<\/div>\n<div class=\"sharing my-2 row no-gutters d-print-none\">\n<div class=\"col-md-3\"><\/div>\n<\/div>\n<div class=\"d-none d-sm-block\"><\/div>\n<\/section>\n<section id=\"new_block_2\" class=\"mt-3 d-print-none\">\n<div class=\"row\">\n<div class=\"col-md-12\"><\/div>\n<\/div>\n<\/section>\n","protected":false},"excerpt":{"rendered":"<p>Bu ilin may ay\u0131 \u00fc\u00e7\u00fcn bayramla \u0259laq\u0259li qeyri-i\u015f g\u00fcnl\u0259ri m\u0259lum olub. ARANTV.AZ\u00a0 x\u0259b\u0259r verir ki,\u00a09 May Q\u0259l\u0259b\u0259 G\u00fcn\u00fc, 28 May is\u0259 M\u00fcst\u0259qillik G\u00fcn\u00fcd\u00fcr. 2023-\u0441\u00fc ild\u0259 may\u0131n 28-i h\u0259ft\u0259l\u0259raras\u0131 istirah\u0259t g\u00fcnl\u0259rinin i\u015f g\u00fcnl\u0259ri hesab olunmayan bayram g\u00fcnl\u0259ri il\u0259 \u00fcst-\u00fcst\u0259 d\u00fc\u015fm\u0259si il\u0259 \u0259laq\u0259dar olaraq 29 may tarixi istirah\u0259t g\u00fcn\u00fcd\u00fcr. May ay\u0131n\u0131n 6, 7, 13, 14, 20, 21, 27 v\u0259 28-i tarixl\u0259ri \u015f\u0259nb\u0259 v\u0259 bazar g\u00fcnl\u0259rin\u0259 t\u0259sad\u00fcf etdiyi \u00fc\u00e7\u00fcn qeyri-i\u015f g\u00fcnl\u0259riin say\u0131 10 g\u00fcn olacaq.<\/p>\n","protected":false},"author":2,"featured_media":589792,"comment_status":"closed","ping_status":"closed","sticky":false,"template":"","format":"standard","meta":{"om_disable_all_campaigns":false,"_monsterinsights_skip_tracking":false,"_monsterinsights_sitenote_active":false,"_monsterinsights_sitenote_note":"","_monsterinsights_sitenote_category":0},"categories":[1],"tags":[],"aioseo_notices":[],"gutentor_comment":0,"rttpg_featured_image_url":{"full":["https:\/\/arantv.az\/wp-content\/uploads\/2023\/04\/1545844559_2335514.jpg",975,540,false],"landscape":["https:\/\/arantv.az\/wp-content\/uploads\/2023\/04\/1545844559_2335514.jpg",975,540,false],"portraits":["https:\/\/arantv.az\/wp-content\/uploads\/2023\/04\/1545844559_2335514.jpg",975,540,false],"thumbnail":["https:\/\/arantv.az\/wp-content\/uploads\/2023\/04\/1545844559_2335514-500x280.jpg",500,280,true],"medium":["https:\/\/arantv.az\/wp-content\/uploads\/2023\/04\/1545844559_2335514-660x365.jpg",660,365,true],"large":["https:\/\/arantv.az\/wp-content\/uploads\/2023\/04\/1545844559_2335514-840x465.jpg",640,354,true],"1536x1536":["https:\/\/arantv.az\/wp-content\/uploads\/2023\/04\/1545844559_2335514.jpg",975,540,false],"2048x2048":["https:\/\/arantv.az\/wp-content\/uploads\/2023\/04\/1545844559_2335514.jpg",975,540,false],"post-thumbnail":["https:\/\/arantv.az\/wp-content\/uploads\/2023\/04\/1545844559_2335514-240x172.jpg",240,172,true],"advps-thumb-one":["https:\/\/arantv.az\/wp-content\/uploads\/2023\/04\/1545844559_2335514.jpg",975,540,false]},"rttpg_author":{"display_name":"V\u00fcsal Rafiqo\u011flu","author_link":"https:\/\/arantv.az\/?author=2"},"rttpg_comment":0,"rttpg_category":"<a href=\"https:\/\/arantv.az\/?cat=1\" rel=\"category\">C\u0259miyy\u0259t<\/a>","rttpg_excerpt":"Bu ilin may ay\u0131 \u00fc\u00e7\u00fcn bayramla \u0259laq\u0259li qeyri-i\u015f g\u00fcnl\u0259ri m\u0259lum olub. ARANTV.AZ\u00a0 x\u0259b\u0259r verir ki,\u00a09 May Q\u0259l\u0259b\u0259 G\u00fcn\u00fc, 28 May is\u0259 M\u00fcst\u0259qillik G\u00fcn\u00fcd\u00fcr. 2023-\u0441\u00fc ild\u0259 may\u0131n 28-i h\u0259ft\u0259l\u0259raras\u0131 istirah\u0259t g\u00fcnl\u0259rinin i\u015f g\u00fcnl\u0259ri hesab olunmayan bayram g\u00fcnl\u0259ri il\u0259 \u00fcst-\u00fcst\u0259 d\u00fc\u015fm\u0259si il\u0259 \u0259laq\u0259dar olaraq 29 may tarixi istirah\u0259t g\u00fcn\u00fcd\u00fcr. May ay\u0131n\u0131n 6, 7, 13, 14, 20, 21,&hellip;","_links":{"self":[{"href":"https:\/\/arantv.az\/index.php?rest_route=\/wp\/v2\/posts\/589791"}],"collection":[{"href":"https:\/\/arantv.az\/index.php?rest_route=\/wp\/v2\/posts"}],"about":[{"href":"https:\/\/arantv.az\/index.php?rest_route=\/wp\/v2\/types\/post"}],"author":[{"embeddable":true,"href":"https:\/\/arantv.az\/index.php?rest_route=\/wp\/v2\/users\/2"}],"replies":[{"embeddable":true,"href":"https:\/\/arantv.az\/index.php?rest_route=%2Fwp%2Fv2%2Fcomments&post=589791"}],"version-history":[{"count":0,"href":"https:\/\/arantv.az\/index.php?rest_route=\/wp\/v2\/posts\/589791\/revisions"}],"wp:featuredmedia":[{"embeddable":true,"href":"https:\/\/arantv.az\/index.php?rest_route=\/wp\/v2\/media\/589792"}],"wp:attachment":[{"href":"https:\/\/arantv.az\/index.php?rest_route=%2Fwp%2Fv2%2Fmedia&parent=589791"}],"wp:term":[{"taxonomy":"category","embeddable":true,"href":"https:\/\/arantv.az\/index.php?rest_route=%2Fwp%2Fv2%2Fcategories&post=589791"},{"taxonomy":"post_tag","embeddable":true,"href":"https:\/\/arantv.az\/index.php?rest_route=%2Fwp%2Fv2%2Ftags&post=589791"}],"curies":[{"name":"wp","href":"https:\/\/api.w.org\/{rel}","templated":true}]}}