{"id":589797,"date":"2023-04-15T10:11:27","date_gmt":"2023-04-15T06:11:27","guid":{"rendered":"https:\/\/arantv.az\/?p=589797"},"modified":"2023-04-15T10:11:27","modified_gmt":"2023-04-15T06:11:27","slug":"ramazanin-24-cu-gununun-duasi-imsak-v%c9%99-iftar-vaxti-2","status":"publish","type":"post","link":"https:\/\/arantv.az\/?p=589797","title":{"rendered":"Ramazan\u0131n 24-c\u00fc g\u00fcn\u00fcn\u00fcn duas\u0131 &#8211; \u0130msak v\u0259 iftar vaxt\u0131"},"content":{"rendered":"<p>Sabah Ramazan ay\u0131n\u0131n 24-c\u00fc g\u00fcn\u00fcd\u00fcr.<\/p>\n<p><strong>ARANTV.AZ x\u0259b\u0259r verir ki,<\/strong>\u00a0\u00a0Qafqaz M\u00fcs\u0259lmanlar\u0131 \u0130dar\u0259sinin a\u00e7\u0131qlad\u0131\u011f\u0131 Ramazan t\u0259qvimin\u0259 \u0259sas\u0259n, aprelin 15-d\u0259 imsak vaxt\u0131 saat 04:33-d\u0259, iftar vaxt\u0131 is\u0259 19:33-d\u0259dir.<\/p>\n<p>24-c\u00fc g\u00fcn\u00fcn duas\u0131:<\/p>\n<p>\u201c\u0130lahi, bu g\u00fcn s\u0259ni raz\u0131 salan \u0259m\u0259ll\u0259ri s\u0259nd\u0259n ist\u0259yir\u0259m. S\u0259ni q\u0259z\u0259bl\u0259ndir\u0259n \u0259m\u0259ll\u0259rd\u0259n s\u0259n\u0259 s\u0131\u011f\u0131n\u0131ram. S\u0259n\u0259 tabe olmaq v\u0259 s\u0259n\u0259 qar\u015f\u0131 \u00fcsyan etm\u0259m\u0259k \u00fc\u00e7\u00fcn yard\u0131m ist\u0259yir\u0259m. Ey xahi\u015f ed\u0259nl\u0259r\u0259 b\u0259x\u015fi\u015f ver\u0259n Allah!\u201d<\/p>\n<p>\u0130ftar duas\u0131:<\/p>\n<p>\u201c\u0130lahi, s\u0259nd\u0259n \u00f6tr\u00fc oruc tutdum, s\u0259nin verdiyin ruzi il\u0259 iftar a\u00e7d\u0131m v\u0259 s\u0259n\u0259 t\u0259v\u0259kk\u00fcl etdim. Ba\u011f\u0131\u015flayan v\u0259 mehriban Allah\u0131n ad\u0131 il\u0259. Ey h\u00fcdudsuz ba\u011f\u0131\u015flama sahibi, m\u0259nim g\u00fcnahlar\u0131m\u0131 ba\u011f\u0131\u015fla!\u201d.<\/p>\n<p>Allah orucunuzu q\u0259bul el\u0259sin!<\/p>\n","protected":false},"excerpt":{"rendered":"<p>Sabah Ramazan ay\u0131n\u0131n 24-c\u00fc g\u00fcn\u00fcd\u00fcr. ARANTV.AZ x\u0259b\u0259r verir ki,\u00a0\u00a0Qafqaz M\u00fcs\u0259lmanlar\u0131 \u0130dar\u0259sinin a\u00e7\u0131qlad\u0131\u011f\u0131 Ramazan t\u0259qvimin\u0259 \u0259sas\u0259n, aprelin 15-d\u0259 imsak vaxt\u0131 saat 04:33-d\u0259, iftar vaxt\u0131 is\u0259 19:33-d\u0259dir. 24-c\u00fc g\u00fcn\u00fcn duas\u0131: \u201c\u0130lahi, bu g\u00fcn s\u0259ni raz\u0131 salan \u0259m\u0259ll\u0259ri s\u0259nd\u0259n ist\u0259yir\u0259m. S\u0259ni q\u0259z\u0259bl\u0259ndir\u0259n \u0259m\u0259ll\u0259rd\u0259n s\u0259n\u0259 s\u0131\u011f\u0131n\u0131ram. S\u0259n\u0259 tabe olmaq v\u0259 s\u0259n\u0259 qar\u015f\u0131 \u00fcsyan etm\u0259m\u0259k \u00fc\u00e7\u00fcn yard\u0131m ist\u0259yir\u0259m. Ey xahi\u015f ed\u0259nl\u0259r\u0259 b\u0259x\u015fi\u015f ver\u0259n Allah!\u201d \u0130ftar duas\u0131: \u201c\u0130lahi, s\u0259nd\u0259n \u00f6tr\u00fc oruc tutdum, s\u0259nin verdiyin ruzi il\u0259 iftar a\u00e7d\u0131m v\u0259 s\u0259n\u0259 t\u0259v\u0259kk\u00fcl etdim. Ba\u011f\u0131\u015flayan v\u0259 mehriban Allah\u0131n ad\u0131 il\u0259. Ey h\u00fcdudsuz ba\u011f\u0131\u015flama sahibi, m\u0259nim g\u00fcnahlar\u0131m\u0131 ba\u011f\u0131\u015fla!\u201d. Allah&hellip;<\/p>\n","protected":false},"author":2,"featured_media":589798,"comment_status":"closed","ping_status":"closed","sticky":false,"template":"","format":"standard","meta":{"om_disable_all_campaigns":false,"_monsterinsights_skip_tracking":false,"_monsterinsights_sitenote_active":false,"_monsterinsights_sitenote_note":"","_monsterinsights_sitenote_category":0},"categories":[1,25],"tags":[],"aioseo_notices":[],"gutentor_comment":0,"rttpg_featured_image_url":{"full":["https:\/\/arantv.az\/wp-content\/uploads\/2023\/04\/d30960ce168149141073888911710344667.jpg",975,540,false],"landscape":["https:\/\/arantv.az\/wp-content\/uploads\/2023\/04\/d30960ce168149141073888911710344667.jpg",975,540,false],"portraits":["https:\/\/arantv.az\/wp-content\/uploads\/2023\/04\/d30960ce168149141073888911710344667.jpg",975,540,false],"thumbnail":["https:\/\/arantv.az\/wp-content\/uploads\/2023\/04\/d30960ce168149141073888911710344667-500x280.jpg",500,280,true],"medium":["https:\/\/arantv.az\/wp-content\/uploads\/2023\/04\/d30960ce168149141073888911710344667-660x365.jpg",660,365,true],"large":["https:\/\/arantv.az\/wp-content\/uploads\/2023\/04\/d30960ce168149141073888911710344667-840x465.jpg",640,354,true],"1536x1536":["https:\/\/arantv.az\/wp-content\/uploads\/2023\/04\/d30960ce168149141073888911710344667.jpg",975,540,false],"2048x2048":["https:\/\/arantv.az\/wp-content\/uploads\/2023\/04\/d30960ce168149141073888911710344667.jpg",975,540,false],"post-thumbnail":["https:\/\/arantv.az\/wp-content\/uploads\/2023\/04\/d30960ce168149141073888911710344667-240x172.jpg",240,172,true],"advps-thumb-one":["https:\/\/arantv.az\/wp-content\/uploads\/2023\/04\/d30960ce168149141073888911710344667.jpg",975,540,false]},"rttpg_author":{"display_name":"V\u00fcsal Rafiqo\u011flu","author_link":"https:\/\/arantv.az\/?author=2"},"rttpg_comment":0,"rttpg_category":"<a href=\"https:\/\/arantv.az\/?cat=1\" rel=\"category\">C\u0259miyy\u0259t<\/a> <a href=\"https:\/\/arantv.az\/?cat=25\" rel=\"category\">Ramazan<\/a>","rttpg_excerpt":"Sabah Ramazan ay\u0131n\u0131n 24-c\u00fc g\u00fcn\u00fcd\u00fcr. ARANTV.AZ x\u0259b\u0259r verir ki,\u00a0\u00a0Qafqaz M\u00fcs\u0259lmanlar\u0131 \u0130dar\u0259sinin a\u00e7\u0131qlad\u0131\u011f\u0131 Ramazan t\u0259qvimin\u0259 \u0259sas\u0259n, aprelin 15-d\u0259 imsak vaxt\u0131 saat 04:33-d\u0259, iftar vaxt\u0131 is\u0259 19:33-d\u0259dir. 24-c\u00fc g\u00fcn\u00fcn duas\u0131: \u201c\u0130lahi, bu g\u00fcn s\u0259ni raz\u0131 salan \u0259m\u0259ll\u0259ri s\u0259nd\u0259n ist\u0259yir\u0259m. S\u0259ni q\u0259z\u0259bl\u0259ndir\u0259n \u0259m\u0259ll\u0259rd\u0259n s\u0259n\u0259 s\u0131\u011f\u0131n\u0131ram. S\u0259n\u0259 tabe olmaq v\u0259 s\u0259n\u0259 qar\u015f\u0131 \u00fcsyan etm\u0259m\u0259k \u00fc\u00e7\u00fcn yard\u0131m ist\u0259yir\u0259m. Ey xahi\u015f&hellip;","_links":{"self":[{"href":"https:\/\/arantv.az\/index.php?rest_route=\/wp\/v2\/posts\/589797"}],"collection":[{"href":"https:\/\/arantv.az\/index.php?rest_route=\/wp\/v2\/posts"}],"about":[{"href":"https:\/\/arantv.az\/index.php?rest_route=\/wp\/v2\/types\/post"}],"author":[{"embeddable":true,"href":"https:\/\/arantv.az\/index.php?rest_route=\/wp\/v2\/users\/2"}],"replies":[{"embeddable":true,"href":"https:\/\/arantv.az\/index.php?rest_route=%2Fwp%2Fv2%2Fcomments&post=589797"}],"version-history":[{"count":0,"href":"https:\/\/arantv.az\/index.php?rest_route=\/wp\/v2\/posts\/589797\/revisions"}],"wp:featuredmedia":[{"embeddable":true,"href":"https:\/\/arantv.az\/index.php?rest_route=\/wp\/v2\/media\/589798"}],"wp:attachment":[{"href":"https:\/\/arantv.az\/index.php?rest_route=%2Fwp%2Fv2%2Fmedia&parent=589797"}],"wp:term":[{"taxonomy":"category","embeddable":true,"href":"https:\/\/arantv.az\/index.php?rest_route=%2Fwp%2Fv2%2Fcategories&post=589797"},{"taxonomy":"post_tag","embeddable":true,"href":"https:\/\/arantv.az\/index.php?rest_route=%2Fwp%2Fv2%2Ftags&post=589797"}],"curies":[{"name":"wp","href":"https:\/\/api.w.org\/{rel}","templated":true}]}}