{"id":589804,"date":"2023-04-15T10:14:36","date_gmt":"2023-04-15T06:14:36","guid":{"rendered":"https:\/\/arantv.az\/?p=589804"},"modified":"2023-04-15T10:14:36","modified_gmt":"2023-04-15T06:14:36","slug":"ramazan-bayraminda-bu-gunl%c9%99rd%c9%99-is-olmayacaq","status":"publish","type":"post","link":"https:\/\/arantv.az\/?p=589804","title":{"rendered":"Ramazan bayram\u0131nda bu g\u00fcnl\u0259rd\u0259 i\u015f olmayacaq"},"content":{"rendered":"<p>Art\u0131q Ramazan ay\u0131n\u0131n bitm\u0259sin\u0259 say\u0131l\u0131 g\u00fcnl\u0259r qal\u0131b.<\/p>\n<p><strong>ARANTV.AZ<\/strong>\u00a0x\u0259b\u0259r verir ki, \u015e\u0259vval ay\u0131n\u0131n 1-i (aprelin 21-i) Fitr (Ramazan) bayram\u0131d\u0131r. Nazirl\u0259r Kabinetinin m\u00fcvafiq q\u0259rar\u0131na \u0259sas\u0259n, aprelin 21-i v\u0259 22-si Az\u0259rbaycanda Ramazan bayram\u0131 qeyd edil\u0259c\u0259k.<\/p>\n<p>2023-\u0441\u00fc ild\u0259 h\u0259ft\u0259l\u0259raras\u0131 istirah\u0259t g\u00fcnl\u0259rinin i\u015f g\u00fcnl\u0259ri hesab olunmayan bayram g\u00fcnl\u0259ri il\u0259 \u00fcst-\u00fcst\u0259 d\u00fc\u015fm\u0259si il\u0259 \u0259laq\u0259dar olaraq be\u015fg\u00fcnl\u00fck i\u015f h\u0259ft\u0259sind\u0259 24 aprel d\u0259 istirah\u0259t g\u00fcn\u00fcd\u00fcr.<\/p>\n<p>\u00dcmumilikd\u0259, cari ay\u0131n 21,22,23,24-\u00fc qeyri-i\u015f g\u00fcnl\u0259ridir. Bayramdan sonra ilk i\u015f g\u00fcn\u00fc is\u0259 aprel ay\u0131n\u0131n 25-d\u0259 ba\u015flayacaq.<\/p>\n","protected":false},"excerpt":{"rendered":"<p>Art\u0131q Ramazan ay\u0131n\u0131n bitm\u0259sin\u0259 say\u0131l\u0131 g\u00fcnl\u0259r qal\u0131b. ARANTV.AZ\u00a0x\u0259b\u0259r verir ki, \u015e\u0259vval ay\u0131n\u0131n 1-i (aprelin 21-i) Fitr (Ramazan) bayram\u0131d\u0131r. Nazirl\u0259r Kabinetinin m\u00fcvafiq q\u0259rar\u0131na \u0259sas\u0259n, aprelin 21-i v\u0259 22-si Az\u0259rbaycanda Ramazan bayram\u0131 qeyd edil\u0259c\u0259k. 2023-\u0441\u00fc ild\u0259 h\u0259ft\u0259l\u0259raras\u0131 istirah\u0259t g\u00fcnl\u0259rinin i\u015f g\u00fcnl\u0259ri hesab olunmayan bayram g\u00fcnl\u0259ri il\u0259 \u00fcst-\u00fcst\u0259 d\u00fc\u015fm\u0259si il\u0259 \u0259laq\u0259dar olaraq be\u015fg\u00fcnl\u00fck i\u015f h\u0259ft\u0259sind\u0259 24 aprel d\u0259 istirah\u0259t g\u00fcn\u00fcd\u00fcr. \u00dcmumilikd\u0259, cari ay\u0131n 21,22,23,24-\u00fc qeyri-i\u015f g\u00fcnl\u0259ridir. Bayramdan sonra ilk i\u015f g\u00fcn\u00fc is\u0259 aprel ay\u0131n\u0131n 25-d\u0259 ba\u015flayacaq.<\/p>\n","protected":false},"author":2,"featured_media":589805,"comment_status":"closed","ping_status":"closed","sticky":false,"template":"","format":"standard","meta":{"om_disable_all_campaigns":false,"_monsterinsights_skip_tracking":false,"_monsterinsights_sitenote_active":false,"_monsterinsights_sitenote_note":"","_monsterinsights_sitenote_category":0},"categories":[1],"tags":[],"aioseo_notices":[],"gutentor_comment":0,"rttpg_featured_image_url":{"full":["https:\/\/arantv.az\/wp-content\/uploads\/2023\/04\/bd9b6d39e0f895f343817caf3c99710e.jpg",734,434,false],"landscape":["https:\/\/arantv.az\/wp-content\/uploads\/2023\/04\/bd9b6d39e0f895f343817caf3c99710e.jpg",734,434,false],"portraits":["https:\/\/arantv.az\/wp-content\/uploads\/2023\/04\/bd9b6d39e0f895f343817caf3c99710e.jpg",734,434,false],"thumbnail":["https:\/\/arantv.az\/wp-content\/uploads\/2023\/04\/bd9b6d39e0f895f343817caf3c99710e-500x280.jpg",500,280,true],"medium":["https:\/\/arantv.az\/wp-content\/uploads\/2023\/04\/bd9b6d39e0f895f343817caf3c99710e-617x365.jpg",617,365,true],"large":["https:\/\/arantv.az\/wp-content\/uploads\/2023\/04\/bd9b6d39e0f895f343817caf3c99710e.jpg",640,378,false],"1536x1536":["https:\/\/arantv.az\/wp-content\/uploads\/2023\/04\/bd9b6d39e0f895f343817caf3c99710e.jpg",734,434,false],"2048x2048":["https:\/\/arantv.az\/wp-content\/uploads\/2023\/04\/bd9b6d39e0f895f343817caf3c99710e.jpg",734,434,false],"post-thumbnail":["https:\/\/arantv.az\/wp-content\/uploads\/2023\/04\/bd9b6d39e0f895f343817caf3c99710e-240x172.jpg",240,172,true],"advps-thumb-one":["https:\/\/arantv.az\/wp-content\/uploads\/2023\/04\/bd9b6d39e0f895f343817caf3c99710e.jpg",734,434,false]},"rttpg_author":{"display_name":"V\u00fcsal Rafiqo\u011flu","author_link":"https:\/\/arantv.az\/?author=2"},"rttpg_comment":0,"rttpg_category":"<a href=\"https:\/\/arantv.az\/?cat=1\" rel=\"category\">C\u0259miyy\u0259t<\/a>","rttpg_excerpt":"Art\u0131q Ramazan ay\u0131n\u0131n bitm\u0259sin\u0259 say\u0131l\u0131 g\u00fcnl\u0259r qal\u0131b. ARANTV.AZ\u00a0x\u0259b\u0259r verir ki, \u015e\u0259vval ay\u0131n\u0131n 1-i (aprelin 21-i) Fitr (Ramazan) bayram\u0131d\u0131r. Nazirl\u0259r Kabinetinin m\u00fcvafiq q\u0259rar\u0131na \u0259sas\u0259n, aprelin 21-i v\u0259 22-si Az\u0259rbaycanda Ramazan bayram\u0131 qeyd edil\u0259c\u0259k. 2023-\u0441\u00fc ild\u0259 h\u0259ft\u0259l\u0259raras\u0131 istirah\u0259t g\u00fcnl\u0259rinin i\u015f g\u00fcnl\u0259ri hesab olunmayan bayram g\u00fcnl\u0259ri il\u0259 \u00fcst-\u00fcst\u0259 d\u00fc\u015fm\u0259si il\u0259 \u0259laq\u0259dar olaraq be\u015fg\u00fcnl\u00fck i\u015f h\u0259ft\u0259sind\u0259 24 aprel d\u0259&hellip;","_links":{"self":[{"href":"https:\/\/arantv.az\/index.php?rest_route=\/wp\/v2\/posts\/589804"}],"collection":[{"href":"https:\/\/arantv.az\/index.php?rest_route=\/wp\/v2\/posts"}],"about":[{"href":"https:\/\/arantv.az\/index.php?rest_route=\/wp\/v2\/types\/post"}],"author":[{"embeddable":true,"href":"https:\/\/arantv.az\/index.php?rest_route=\/wp\/v2\/users\/2"}],"replies":[{"embeddable":true,"href":"https:\/\/arantv.az\/index.php?rest_route=%2Fwp%2Fv2%2Fcomments&post=589804"}],"version-history":[{"count":0,"href":"https:\/\/arantv.az\/index.php?rest_route=\/wp\/v2\/posts\/589804\/revisions"}],"wp:featuredmedia":[{"embeddable":true,"href":"https:\/\/arantv.az\/index.php?rest_route=\/wp\/v2\/media\/589805"}],"wp:attachment":[{"href":"https:\/\/arantv.az\/index.php?rest_route=%2Fwp%2Fv2%2Fmedia&parent=589804"}],"wp:term":[{"taxonomy":"category","embeddable":true,"href":"https:\/\/arantv.az\/index.php?rest_route=%2Fwp%2Fv2%2Fcategories&post=589804"},{"taxonomy":"post_tag","embeddable":true,"href":"https:\/\/arantv.az\/index.php?rest_route=%2Fwp%2Fv2%2Ftags&post=589804"}],"curies":[{"name":"wp","href":"https:\/\/api.w.org\/{rel}","templated":true}]}}