{"id":589820,"date":"2023-04-15T10:53:43","date_gmt":"2023-04-15T06:53:43","guid":{"rendered":"https:\/\/arantv.az\/?p=589820"},"modified":"2023-04-15T10:53:43","modified_gmt":"2023-04-15T06:53:43","slug":"erm%c9%99nistanda-az%c9%99rbaycan-bayragini-yandiran-t%c9%99xribatciya-cinay%c9%99t-isi-acilmayacaq","status":"publish","type":"post","link":"https:\/\/arantv.az\/?p=589820","title":{"rendered":"Erm\u0259nistanda Az\u0259rbaycan bayra\u011f\u0131n\u0131 yand\u0131ran t\u0259xribat\u00e7\u0131ya cinay\u0259t i\u015fi a\u00e7\u0131lmayacaq"},"content":{"rendered":"<p>\u0130r\u0259vanda ke\u00e7iril\u0259n a\u011f\u0131r atletika \u00fczr\u0259 Avropa \u00e7empionat\u0131n\u0131n a\u00e7\u0131l\u0131\u015f m\u0259rasimind\u0259 Az\u0259rbaycan bayra\u011f\u0131n\u0131 yand\u0131ran t\u0259xribat\u00e7\u0131 Aram Nikolyanla ba\u011fl\u0131 cinay\u0259t i\u015fi a\u00e7\u0131lmay\u0131b.<\/p>\n<p>Bu bar\u0259d\u0259 onun v\u0259kili Aleksandr Qo\u00e7ubayev m\u0259lumat verib.<\/p>\n<p>Onun s\u00f6zl\u0259rin\u0259 g\u00f6r\u0259, istintaq\u0131n ilkin m\u0259rh\u0259l\u0259sind\u0259 istintaq orqan\u0131 \u201ccinay\u0259t t\u0259rkibinin olmad\u0131\u011f\u0131n\u0131\u201d bildirib.<\/p>\n<p>\u201c\u0130lkin m\u0259lumatlara g\u00f6r\u0259, cinay\u0259t i\u015fi ba\u015flanmayacaq\u201d, &#8211; dey\u0259 o \u0259lav\u0259 edib.<\/p>\n<p>V\u0259kil onu da qeyd edib ki, istintaq orqan\u0131 cinay\u0259t i\u015finin ba\u015flanmamas\u0131 bar\u0259d\u0259 q\u0259rar q\u0259bul edib, materiallar prokurorlu\u011fa g\u00f6nd\u0259rilib.<\/p>\n<p>Xat\u0131rladaq ki, Erm\u0259nistanda ke\u00e7irili\u0259n a\u011f\u0131r atletika \u00fczr\u0259 Avropa \u00e7empionat\u0131n\u0131n a\u00e7\u0131l\u0131\u015f m\u0259rasimind\u0259 erm\u0259ni vandal bayraqdar\u0131n \u0259lind\u0259n Az\u0259rbaycan bayra\u011f\u0131n\u0131 g\u00f6t\u00fcr\u00fcb v\u0259\u00a0<a href=\"https:\/\/oxu.az\/politics\/718570\" target=\"_blank\" rel=\"noopener\"><strong>yand\u0131r\u0131b<\/strong><\/a>.<\/p>\n<p>Az\u0259rbaycan\u0131n G\u0259ncl\u0259r v\u0259 \u0130dman Nazirliyi il\u0259\u00a0Milli Olimpiya Komit\u0259si bu g\u00fcn\u00a0<strong><a href=\"https:\/\/oxu.az\/politics\/718652\" target=\"_blank\" rel=\"noopener\">birg\u0259 b\u0259yanat<\/a><\/strong>\u00a0yayaraq idman\u00e7\u0131lar\u0131m\u0131z\u0131n t\u0259hl\u00fck\u0259siz \u015f\u0259raitd\u0259 V\u0259t\u0259n\u0259 qaytar\u0131lmas\u0131n\u0131 qar\u015f\u0131 t\u0259r\u0259fd\u0259n t\u0259l\u0259b edibl\u0259r.<\/p>\n<p>M\u0259nb\u0259: \u201cSputnik\u201d Erm\u0259nistan<\/p>\n","protected":false},"excerpt":{"rendered":"<p>\u0130r\u0259vanda ke\u00e7iril\u0259n a\u011f\u0131r atletika \u00fczr\u0259 Avropa \u00e7empionat\u0131n\u0131n a\u00e7\u0131l\u0131\u015f m\u0259rasimind\u0259 Az\u0259rbaycan bayra\u011f\u0131n\u0131 yand\u0131ran t\u0259xribat\u00e7\u0131 Aram Nikolyanla ba\u011fl\u0131 cinay\u0259t i\u015fi a\u00e7\u0131lmay\u0131b. Bu bar\u0259d\u0259 onun v\u0259kili Aleksandr Qo\u00e7ubayev m\u0259lumat verib. Onun s\u00f6zl\u0259rin\u0259 g\u00f6r\u0259, istintaq\u0131n ilkin m\u0259rh\u0259l\u0259sind\u0259 istintaq orqan\u0131 \u201ccinay\u0259t t\u0259rkibinin olmad\u0131\u011f\u0131n\u0131\u201d bildirib. \u201c\u0130lkin m\u0259lumatlara g\u00f6r\u0259, cinay\u0259t i\u015fi ba\u015flanmayacaq\u201d, &#8211; dey\u0259 o \u0259lav\u0259 edib. V\u0259kil onu da qeyd edib ki, istintaq orqan\u0131 cinay\u0259t i\u015finin ba\u015flanmamas\u0131 bar\u0259d\u0259 q\u0259rar q\u0259bul edib, materiallar prokurorlu\u011fa g\u00f6nd\u0259rilib. Xat\u0131rladaq ki, Erm\u0259nistanda ke\u00e7irili\u0259n a\u011f\u0131r atletika \u00fczr\u0259 Avropa \u00e7empionat\u0131n\u0131n a\u00e7\u0131l\u0131\u015f m\u0259rasimind\u0259 erm\u0259ni vandal bayraqdar\u0131n \u0259lind\u0259n Az\u0259rbaycan bayra\u011f\u0131n\u0131 g\u00f6t\u00fcr\u00fcb v\u0259\u00a0yand\u0131r\u0131b. Az\u0259rbaycan\u0131n G\u0259ncl\u0259r v\u0259&hellip;<\/p>\n","protected":false},"author":2,"featured_media":589821,"comment_status":"closed","ping_status":"closed","sticky":false,"template":"","format":"standard","meta":{"om_disable_all_campaigns":false,"_monsterinsights_skip_tracking":false,"_monsterinsights_sitenote_active":false,"_monsterinsights_sitenote_note":"","_monsterinsights_sitenote_category":0},"categories":[6],"tags":[],"aioseo_notices":[],"gutentor_comment":0,"rttpg_featured_image_url":{"full":["https:\/\/arantv.az\/wp-content\/uploads\/2023\/04\/f643a3f140e6ad_643a3f140e6ed.thumb-1.jpg",620,413,false],"landscape":["https:\/\/arantv.az\/wp-content\/uploads\/2023\/04\/f643a3f140e6ad_643a3f140e6ed.thumb-1.jpg",620,413,false],"portraits":["https:\/\/arantv.az\/wp-content\/uploads\/2023\/04\/f643a3f140e6ad_643a3f140e6ed.thumb-1.jpg",620,413,false],"thumbnail":["https:\/\/arantv.az\/wp-content\/uploads\/2023\/04\/f643a3f140e6ad_643a3f140e6ed.thumb-1-500x280.jpg",500,280,true],"medium":["https:\/\/arantv.az\/wp-content\/uploads\/2023\/04\/f643a3f140e6ad_643a3f140e6ed.thumb-1-548x365.jpg",548,365,true],"large":["https:\/\/arantv.az\/wp-content\/uploads\/2023\/04\/f643a3f140e6ad_643a3f140e6ed.thumb-1.jpg",620,413,false],"1536x1536":["https:\/\/arantv.az\/wp-content\/uploads\/2023\/04\/f643a3f140e6ad_643a3f140e6ed.thumb-1.jpg",620,413,false],"2048x2048":["https:\/\/arantv.az\/wp-content\/uploads\/2023\/04\/f643a3f140e6ad_643a3f140e6ed.thumb-1.jpg",620,413,false],"post-thumbnail":["https:\/\/arantv.az\/wp-content\/uploads\/2023\/04\/f643a3f140e6ad_643a3f140e6ed.thumb-1-240x172.jpg",240,172,true],"advps-thumb-one":["https:\/\/arantv.az\/wp-content\/uploads\/2023\/04\/f643a3f140e6ad_643a3f140e6ed.thumb-1.jpg",620,413,false]},"rttpg_author":{"display_name":"V\u00fcsal Rafiqo\u011flu","author_link":"https:\/\/arantv.az\/?author=2"},"rttpg_comment":0,"rttpg_category":"<a href=\"https:\/\/arantv.az\/?cat=6\" rel=\"category\">\u0130dman<\/a>","rttpg_excerpt":"\u0130r\u0259vanda ke\u00e7iril\u0259n a\u011f\u0131r atletika \u00fczr\u0259 Avropa \u00e7empionat\u0131n\u0131n a\u00e7\u0131l\u0131\u015f m\u0259rasimind\u0259 Az\u0259rbaycan bayra\u011f\u0131n\u0131 yand\u0131ran t\u0259xribat\u00e7\u0131 Aram Nikolyanla ba\u011fl\u0131 cinay\u0259t i\u015fi a\u00e7\u0131lmay\u0131b. Bu bar\u0259d\u0259 onun v\u0259kili Aleksandr Qo\u00e7ubayev m\u0259lumat verib. Onun s\u00f6zl\u0259rin\u0259 g\u00f6r\u0259, istintaq\u0131n ilkin m\u0259rh\u0259l\u0259sind\u0259 istintaq orqan\u0131 \u201ccinay\u0259t t\u0259rkibinin olmad\u0131\u011f\u0131n\u0131\u201d bildirib. \u201c\u0130lkin m\u0259lumatlara g\u00f6r\u0259, cinay\u0259t i\u015fi ba\u015flanmayacaq\u201d, &#8211; dey\u0259 o \u0259lav\u0259 edib. V\u0259kil onu da qeyd edib&hellip;","_links":{"self":[{"href":"https:\/\/arantv.az\/index.php?rest_route=\/wp\/v2\/posts\/589820"}],"collection":[{"href":"https:\/\/arantv.az\/index.php?rest_route=\/wp\/v2\/posts"}],"about":[{"href":"https:\/\/arantv.az\/index.php?rest_route=\/wp\/v2\/types\/post"}],"author":[{"embeddable":true,"href":"https:\/\/arantv.az\/index.php?rest_route=\/wp\/v2\/users\/2"}],"replies":[{"embeddable":true,"href":"https:\/\/arantv.az\/index.php?rest_route=%2Fwp%2Fv2%2Fcomments&post=589820"}],"version-history":[{"count":0,"href":"https:\/\/arantv.az\/index.php?rest_route=\/wp\/v2\/posts\/589820\/revisions"}],"wp:featuredmedia":[{"embeddable":true,"href":"https:\/\/arantv.az\/index.php?rest_route=\/wp\/v2\/media\/589821"}],"wp:attachment":[{"href":"https:\/\/arantv.az\/index.php?rest_route=%2Fwp%2Fv2%2Fmedia&parent=589820"}],"wp:term":[{"taxonomy":"category","embeddable":true,"href":"https:\/\/arantv.az\/index.php?rest_route=%2Fwp%2Fv2%2Fcategories&post=589820"},{"taxonomy":"post_tag","embeddable":true,"href":"https:\/\/arantv.az\/index.php?rest_route=%2Fwp%2Fv2%2Ftags&post=589820"}],"curies":[{"name":"wp","href":"https:\/\/api.w.org\/{rel}","templated":true}]}}