{"id":589824,"date":"2023-04-15T10:54:20","date_gmt":"2023-04-15T06:54:20","guid":{"rendered":"https:\/\/arantv.az\/?p=589824"},"modified":"2023-04-15T10:54:20","modified_gmt":"2023-04-15T06:54:20","slug":"bayramovla-abdullahian-danisdilar-qarsiliqli-s%c9%99f%c9%99rl%c9%99r-muzakir%c9%99-olundu","status":"publish","type":"post","link":"https:\/\/arantv.az\/?p=589824","title":{"rendered":"Bayramovla Abdullahian dan\u0131\u015fd\u0131lar: Qar\u015f\u0131l\u0131ql\u0131 s\u0259f\u0259rl\u0259r m\u00fczakir\u0259 olundu"},"content":{"rendered":"<p>14 aprel tarixind\u0259 Az\u0259rbaycan Respublikas\u0131n\u0131n xarici i\u015fl\u0259r naziri Ceyhun Bayramov il\u0259 \u0130ran \u0130slam Respublikas\u0131n\u0131n xarici i\u015fl\u0259r naziri H\u00fcseyn \u018fmir-Abdullahian aras\u0131nda telefon dan\u0131\u015f\u0131\u011f\u0131 ba\u015f tutub.<\/p>\n<p>X\u0130N-d\u0259n veril\u0259n x\u0259b\u0259r\u0259 g\u00f6r\u0259, telefon dan\u0131\u015f\u0131\u011f\u0131 zaman\u0131 nazirl\u0259r Az\u0259rbaycan v\u0259 \u0130ran aras\u0131nda ikit\u0259r\u0259fli m\u00fcnasib\u0259tl\u0259rd\u0259 m\u00f6vcud v\u0259ziyy\u0259ti m\u00fczakir\u0259 edibl\u0259r.<\/p>\n<p>T\u0259r\u0259fl\u0259r dan\u0131\u015f\u0131qlar\u0131n davam etdirilm\u0259si v\u0259 z\u0259rur\u0259t olaca\u011f\u0131 t\u0259qdird\u0259 ikit\u0259r\u0259fli s\u0259f\u0259rl\u0259rin h\u0259yata ke\u00e7irilm\u0259sinin m\u00fcmk\u00fcn oldu\u011funu bildiribl\u0259r.<\/p>\n<p>Nazirl\u0259r eyni zamanda, regional m\u0259s\u0259l\u0259l\u0259r \u0259traf\u0131nda fikir m\u00fcbadil\u0259si apar\u0131blar.<\/p>\n","protected":false},"excerpt":{"rendered":"<p>14 aprel tarixind\u0259 Az\u0259rbaycan Respublikas\u0131n\u0131n xarici i\u015fl\u0259r naziri Ceyhun Bayramov il\u0259 \u0130ran \u0130slam Respublikas\u0131n\u0131n xarici i\u015fl\u0259r naziri H\u00fcseyn \u018fmir-Abdullahian aras\u0131nda telefon dan\u0131\u015f\u0131\u011f\u0131 ba\u015f tutub. X\u0130N-d\u0259n veril\u0259n x\u0259b\u0259r\u0259 g\u00f6r\u0259, telefon dan\u0131\u015f\u0131\u011f\u0131 zaman\u0131 nazirl\u0259r Az\u0259rbaycan v\u0259 \u0130ran aras\u0131nda ikit\u0259r\u0259fli m\u00fcnasib\u0259tl\u0259rd\u0259 m\u00f6vcud v\u0259ziyy\u0259ti m\u00fczakir\u0259 edibl\u0259r. T\u0259r\u0259fl\u0259r dan\u0131\u015f\u0131qlar\u0131n davam etdirilm\u0259si v\u0259 z\u0259rur\u0259t olaca\u011f\u0131 t\u0259qdird\u0259 ikit\u0259r\u0259fli s\u0259f\u0259rl\u0259rin h\u0259yata ke\u00e7irilm\u0259sinin m\u00fcmk\u00fcn oldu\u011funu bildiribl\u0259r. Nazirl\u0259r eyni zamanda, regional m\u0259s\u0259l\u0259l\u0259r \u0259traf\u0131nda fikir m\u00fcbadil\u0259si apar\u0131blar.<\/p>\n","protected":false},"author":2,"featured_media":589825,"comment_status":"closed","ping_status":"closed","sticky":false,"template":"","format":"standard","meta":{"om_disable_all_campaigns":false,"_monsterinsights_skip_tracking":false,"_monsterinsights_sitenote_active":false,"_monsterinsights_sitenote_note":"","_monsterinsights_sitenote_category":0},"categories":[4],"tags":[],"aioseo_notices":[],"gutentor_comment":0,"rttpg_featured_image_url":{"full":["https:\/\/arantv.az\/wp-content\/uploads\/2023\/04\/Iran.jpg",620,413,false],"landscape":["https:\/\/arantv.az\/wp-content\/uploads\/2023\/04\/Iran.jpg",620,413,false],"portraits":["https:\/\/arantv.az\/wp-content\/uploads\/2023\/04\/Iran.jpg",620,413,false],"thumbnail":["https:\/\/arantv.az\/wp-content\/uploads\/2023\/04\/Iran-500x280.jpg",500,280,true],"medium":["https:\/\/arantv.az\/wp-content\/uploads\/2023\/04\/Iran-548x365.jpg",548,365,true],"large":["https:\/\/arantv.az\/wp-content\/uploads\/2023\/04\/Iran.jpg",620,413,false],"1536x1536":["https:\/\/arantv.az\/wp-content\/uploads\/2023\/04\/Iran.jpg",620,413,false],"2048x2048":["https:\/\/arantv.az\/wp-content\/uploads\/2023\/04\/Iran.jpg",620,413,false],"post-thumbnail":["https:\/\/arantv.az\/wp-content\/uploads\/2023\/04\/Iran-240x172.jpg",240,172,true],"advps-thumb-one":["https:\/\/arantv.az\/wp-content\/uploads\/2023\/04\/Iran.jpg",620,413,false]},"rttpg_author":{"display_name":"V\u00fcsal Rafiqo\u011flu","author_link":"https:\/\/arantv.az\/?author=2"},"rttpg_comment":0,"rttpg_category":"<a href=\"https:\/\/arantv.az\/?cat=4\" rel=\"category\">Siyas\u0259t<\/a>","rttpg_excerpt":"14 aprel tarixind\u0259 Az\u0259rbaycan Respublikas\u0131n\u0131n xarici i\u015fl\u0259r naziri Ceyhun Bayramov il\u0259 \u0130ran \u0130slam Respublikas\u0131n\u0131n xarici i\u015fl\u0259r naziri H\u00fcseyn \u018fmir-Abdullahian aras\u0131nda telefon dan\u0131\u015f\u0131\u011f\u0131 ba\u015f tutub. X\u0130N-d\u0259n veril\u0259n x\u0259b\u0259r\u0259 g\u00f6r\u0259, telefon dan\u0131\u015f\u0131\u011f\u0131 zaman\u0131 nazirl\u0259r Az\u0259rbaycan v\u0259 \u0130ran aras\u0131nda ikit\u0259r\u0259fli m\u00fcnasib\u0259tl\u0259rd\u0259 m\u00f6vcud v\u0259ziyy\u0259ti m\u00fczakir\u0259 edibl\u0259r. T\u0259r\u0259fl\u0259r dan\u0131\u015f\u0131qlar\u0131n davam etdirilm\u0259si v\u0259 z\u0259rur\u0259t olaca\u011f\u0131 t\u0259qdird\u0259 ikit\u0259r\u0259fli s\u0259f\u0259rl\u0259rin h\u0259yata ke\u00e7irilm\u0259sinin m\u00fcmk\u00fcn&hellip;","_links":{"self":[{"href":"https:\/\/arantv.az\/index.php?rest_route=\/wp\/v2\/posts\/589824"}],"collection":[{"href":"https:\/\/arantv.az\/index.php?rest_route=\/wp\/v2\/posts"}],"about":[{"href":"https:\/\/arantv.az\/index.php?rest_route=\/wp\/v2\/types\/post"}],"author":[{"embeddable":true,"href":"https:\/\/arantv.az\/index.php?rest_route=\/wp\/v2\/users\/2"}],"replies":[{"embeddable":true,"href":"https:\/\/arantv.az\/index.php?rest_route=%2Fwp%2Fv2%2Fcomments&post=589824"}],"version-history":[{"count":0,"href":"https:\/\/arantv.az\/index.php?rest_route=\/wp\/v2\/posts\/589824\/revisions"}],"wp:featuredmedia":[{"embeddable":true,"href":"https:\/\/arantv.az\/index.php?rest_route=\/wp\/v2\/media\/589825"}],"wp:attachment":[{"href":"https:\/\/arantv.az\/index.php?rest_route=%2Fwp%2Fv2%2Fmedia&parent=589824"}],"wp:term":[{"taxonomy":"category","embeddable":true,"href":"https:\/\/arantv.az\/index.php?rest_route=%2Fwp%2Fv2%2Fcategories&post=589824"},{"taxonomy":"post_tag","embeddable":true,"href":"https:\/\/arantv.az\/index.php?rest_route=%2Fwp%2Fv2%2Ftags&post=589824"}],"curies":[{"name":"wp","href":"https:\/\/api.w.org\/{rel}","templated":true}]}}