{"id":589832,"date":"2023-04-15T10:55:44","date_gmt":"2023-04-15T06:55:44","guid":{"rendered":"https:\/\/arantv.az\/?p=589832"},"modified":"2023-04-15T10:55:44","modified_gmt":"2023-04-15T06:55:44","slug":"az%c9%99rbaycan-idmancilari-ir%c9%99vanda-bas-ver%c9%99n-t%c9%99xribata-gor%c9%99-v%c9%99t%c9%99n%c9%99-qaytarilirlar","status":"publish","type":"post","link":"https:\/\/arantv.az\/?p=589832","title":{"rendered":"Az\u0259rbaycan idman\u00e7\u0131lar\u0131 \u0130r\u0259vanda ba\u015f ver\u0259n t\u0259xribata g\u00f6r\u0259 V\u0259t\u0259n\u0259 qaytar\u0131l\u0131rlar"},"content":{"rendered":"<p>\u0130r\u0259vanda ke\u00e7iril\u0259n a\u011f\u0131r atletika \u00fczr\u0259 Avropa \u00e7empionat\u0131n\u0131n a\u00e7\u0131l\u0131\u015f m\u0259rasimind\u0259 Az\u0259rbaycan bayra\u011f\u0131na h\u00fccum olub. G\u0259ncl\u0259r v\u0259 \u0130dman Nazirliyi v\u0259 Az\u0259rbaycan Respublikas\u0131 Milli Olimpiya Komit\u0259si bununla \u0259laq\u0259dar birg\u0259 b\u0259yanat yay\u0131blar.<\/p>\n<p><strong>ARANTV.AZ <\/strong>x\u0259b\u0259r verir ki, b\u0259yanatda deyilir:<\/p>\n<p>\u201c2023-c\u00fc il aprelin 14-d\u0259 Erm\u0259nistan\u0131n paytaxt\u0131 \u0130r\u0259van \u015f\u0259h\u0259rind\u0259 a\u011f\u0131r atletika \u00fczr\u0259 Avropa \u00e7empionat\u0131n\u0131n a\u00e7\u0131l\u0131\u015f m\u0259rasimind\u0259 Az\u0259rbaycan bayra\u011f\u0131 r\u0259smi akkreditasiya olunmu\u015f \u015f\u0259xs t\u0259r\u0259find\u0259n n\u00fcmayi\u015fkaran\u0259 \u015f\u0259kild\u0259 yand\u0131r\u0131l\u0131b.<\/p>\n<p>Erm\u0259nistan\u0131n ba\u015f nazirinin i\u015ftirak etdiyi m\u0259rasimd\u0259 bel\u0259 bir barbarl\u0131q \u0259m\u0259linin t\u00f6r\u0259dilm\u0259si v\u0259 bunun Erm\u0259nistan ictimaiyy\u0259ti t\u0259r\u0259find\u0259n alq\u0131\u015flanmas\u0131, h\u0259min \u0259m\u0259li t\u00f6r\u0259d\u0259n \u015f\u0259xsin q\u0259hr\u0259man kimi q\u0259l\u0259m\u0259 verilm\u0259si bu \u00f6lk\u0259d\u0259 etnik nifr\u0259tin, rasizmin, ksenofobiyan\u0131n, Az\u0259rbaycanofobiyan\u0131n bariz n\u00fcmun\u0259si olmaqla yana\u015f\u0131, h\u0259m d\u0259 xalqlar aras\u0131nda s\u00fclh\u00fc, qar\u015f\u0131l\u0131ql\u0131 anla\u015fman\u0131 t\u0259bli\u011f ed\u0259n idman\u0131n n\u0259cib m\u0259qs\u0259d v\u0259 prinsipl\u0259ri il\u0259 tam ziddiyy\u0259t t\u0259\u015fkil edir. \u0130dman\u0131n siyasil\u0259\u015fdirilm\u0259si q\u0259tiyy\u0259n yolverilm\u0259zdir.<\/p>\n<p>Erm\u0259nistanda bel\u0259 bir nifr\u0259t m\u00fchitinin h\u00f6km s\u00fcrd\u00fcy\u00fc, t\u0259hl\u00fck\u0259sizliyin t\u0259min edilm\u0259diyi bir \u015f\u0259raitd\u0259 psixoloji t\u0259zyiql\u0259r\u0259 g\u00f6r\u0259 Az\u0259rbaycan idman\u00e7\u0131lar\u0131n\u0131n yar\u0131\u015flarda normal \u015f\u0259kild\u0259 i\u015ftirak\u0131 m\u00fcmk\u00fcns\u00fczd\u00fcr.<\/p>\n<p>B\u00fct\u00fcn bunlar n\u0259z\u0259r\u0259 al\u0131naraq, Az\u0259rbaycan idman\u00e7\u0131lar\u0131n\u0131n V\u0259t\u0259n\u0259 qay\u0131tmalar\u0131 bar\u0259d\u0259 q\u0259rar q\u0259bul edilib. Erm\u0259nistan onlar\u0131n t\u0259hl\u00fck\u0259siz \u015f\u0259kild\u0259 qay\u0131tmas\u0131n\u0131 t\u0259min etm\u0259lidir.<\/p>\n<p>Biz beyn\u0259lxalq ictimaiyy\u0259ti, beyn\u0259lxalq idman t\u0259sisatlar\u0131n\u0131 bu barbarl\u0131q \u0259m\u0259lini k\u0259skin \u015f\u0259kild\u0259 pisl\u0259m\u0259y\u0259 \u00e7a\u011f\u0131r\u0131r\u0131q. Biz h\u0259m d\u0259 Avropa A\u011f\u0131r Atletika Federasiyas\u0131n\u0131 Erm\u0259nistana qar\u015f\u0131 sanksiya t\u0259tbiq etm\u0259y\u0259 \u00e7a\u011f\u0131r\u0131r\u0131q.<\/p>\n<p>Hesab edirik ki, ba\u015f vermi\u015f bu hadis\u0259 Erm\u0259nistan\u0131n beyn\u0259lxalq idman yar\u0131\u015flar\u0131n\u0131 ke\u00e7irm\u0259k, idman\u00e7\u0131lar\u0131n t\u0259hl\u00fck\u0259sizliyini t\u0259min etm\u0259k iqtidar\u0131nda olmad\u0131\u011f\u0131n\u0131 g\u00f6st\u0259rir\u201d.<\/p>\n","protected":false},"excerpt":{"rendered":"<p>\u0130r\u0259vanda ke\u00e7iril\u0259n a\u011f\u0131r atletika \u00fczr\u0259 Avropa \u00e7empionat\u0131n\u0131n a\u00e7\u0131l\u0131\u015f m\u0259rasimind\u0259 Az\u0259rbaycan bayra\u011f\u0131na h\u00fccum olub. G\u0259ncl\u0259r v\u0259 \u0130dman Nazirliyi v\u0259 Az\u0259rbaycan Respublikas\u0131 Milli Olimpiya Komit\u0259si bununla \u0259laq\u0259dar birg\u0259 b\u0259yanat yay\u0131blar. ARANTV.AZ x\u0259b\u0259r verir ki, b\u0259yanatda deyilir: \u201c2023-c\u00fc il aprelin 14-d\u0259 Erm\u0259nistan\u0131n paytaxt\u0131 \u0130r\u0259van \u015f\u0259h\u0259rind\u0259 a\u011f\u0131r atletika \u00fczr\u0259 Avropa \u00e7empionat\u0131n\u0131n a\u00e7\u0131l\u0131\u015f m\u0259rasimind\u0259 Az\u0259rbaycan bayra\u011f\u0131 r\u0259smi akkreditasiya olunmu\u015f \u015f\u0259xs t\u0259r\u0259find\u0259n n\u00fcmayi\u015fkaran\u0259 \u015f\u0259kild\u0259 yand\u0131r\u0131l\u0131b. Erm\u0259nistan\u0131n ba\u015f nazirinin i\u015ftirak etdiyi m\u0259rasimd\u0259 bel\u0259 bir barbarl\u0131q \u0259m\u0259linin t\u00f6r\u0259dilm\u0259si v\u0259 bunun Erm\u0259nistan ictimaiyy\u0259ti t\u0259r\u0259find\u0259n alq\u0131\u015flanmas\u0131, h\u0259min \u0259m\u0259li t\u00f6r\u0259d\u0259n \u015f\u0259xsin q\u0259hr\u0259man kimi q\u0259l\u0259m\u0259 verilm\u0259si bu \u00f6lk\u0259d\u0259 etnik nifr\u0259tin, rasizmin, ksenofobiyan\u0131n,&hellip;<\/p>\n","protected":false},"author":2,"featured_media":589833,"comment_status":"closed","ping_status":"closed","sticky":false,"template":"","format":"standard","meta":{"om_disable_all_campaigns":false,"_monsterinsights_skip_tracking":false,"_monsterinsights_sitenote_active":false,"_monsterinsights_sitenote_note":"","_monsterinsights_sitenote_category":0},"categories":[4],"tags":[],"aioseo_notices":[],"gutentor_comment":0,"rttpg_featured_image_url":{"full":["https:\/\/arantv.az\/wp-content\/uploads\/2023\/04\/f46s54fa.jpg",620,413,false],"landscape":["https:\/\/arantv.az\/wp-content\/uploads\/2023\/04\/f46s54fa.jpg",620,413,false],"portraits":["https:\/\/arantv.az\/wp-content\/uploads\/2023\/04\/f46s54fa.jpg",620,413,false],"thumbnail":["https:\/\/arantv.az\/wp-content\/uploads\/2023\/04\/f46s54fa-500x280.jpg",500,280,true],"medium":["https:\/\/arantv.az\/wp-content\/uploads\/2023\/04\/f46s54fa-548x365.jpg",548,365,true],"large":["https:\/\/arantv.az\/wp-content\/uploads\/2023\/04\/f46s54fa.jpg",620,413,false],"1536x1536":["https:\/\/arantv.az\/wp-content\/uploads\/2023\/04\/f46s54fa.jpg",620,413,false],"2048x2048":["https:\/\/arantv.az\/wp-content\/uploads\/2023\/04\/f46s54fa.jpg",620,413,false],"post-thumbnail":["https:\/\/arantv.az\/wp-content\/uploads\/2023\/04\/f46s54fa-240x172.jpg",240,172,true],"advps-thumb-one":["https:\/\/arantv.az\/wp-content\/uploads\/2023\/04\/f46s54fa.jpg",620,413,false]},"rttpg_author":{"display_name":"V\u00fcsal Rafiqo\u011flu","author_link":"https:\/\/arantv.az\/?author=2"},"rttpg_comment":0,"rttpg_category":"<a href=\"https:\/\/arantv.az\/?cat=4\" rel=\"category\">Siyas\u0259t<\/a>","rttpg_excerpt":"\u0130r\u0259vanda ke\u00e7iril\u0259n a\u011f\u0131r atletika \u00fczr\u0259 Avropa \u00e7empionat\u0131n\u0131n a\u00e7\u0131l\u0131\u015f m\u0259rasimind\u0259 Az\u0259rbaycan bayra\u011f\u0131na h\u00fccum olub. G\u0259ncl\u0259r v\u0259 \u0130dman Nazirliyi v\u0259 Az\u0259rbaycan Respublikas\u0131 Milli Olimpiya Komit\u0259si bununla \u0259laq\u0259dar birg\u0259 b\u0259yanat yay\u0131blar. ARANTV.AZ x\u0259b\u0259r verir ki, b\u0259yanatda deyilir: \u201c2023-c\u00fc il aprelin 14-d\u0259 Erm\u0259nistan\u0131n paytaxt\u0131 \u0130r\u0259van \u015f\u0259h\u0259rind\u0259 a\u011f\u0131r atletika \u00fczr\u0259 Avropa \u00e7empionat\u0131n\u0131n a\u00e7\u0131l\u0131\u015f m\u0259rasimind\u0259 Az\u0259rbaycan bayra\u011f\u0131 r\u0259smi akkreditasiya olunmu\u015f \u015f\u0259xs&hellip;","_links":{"self":[{"href":"https:\/\/arantv.az\/index.php?rest_route=\/wp\/v2\/posts\/589832"}],"collection":[{"href":"https:\/\/arantv.az\/index.php?rest_route=\/wp\/v2\/posts"}],"about":[{"href":"https:\/\/arantv.az\/index.php?rest_route=\/wp\/v2\/types\/post"}],"author":[{"embeddable":true,"href":"https:\/\/arantv.az\/index.php?rest_route=\/wp\/v2\/users\/2"}],"replies":[{"embeddable":true,"href":"https:\/\/arantv.az\/index.php?rest_route=%2Fwp%2Fv2%2Fcomments&post=589832"}],"version-history":[{"count":0,"href":"https:\/\/arantv.az\/index.php?rest_route=\/wp\/v2\/posts\/589832\/revisions"}],"wp:featuredmedia":[{"embeddable":true,"href":"https:\/\/arantv.az\/index.php?rest_route=\/wp\/v2\/media\/589833"}],"wp:attachment":[{"href":"https:\/\/arantv.az\/index.php?rest_route=%2Fwp%2Fv2%2Fmedia&parent=589832"}],"wp:term":[{"taxonomy":"category","embeddable":true,"href":"https:\/\/arantv.az\/index.php?rest_route=%2Fwp%2Fv2%2Fcategories&post=589832"},{"taxonomy":"post_tag","embeddable":true,"href":"https:\/\/arantv.az\/index.php?rest_route=%2Fwp%2Fv2%2Ftags&post=589832"}],"curies":[{"name":"wp","href":"https:\/\/api.w.org\/{rel}","templated":true}]}}