{"id":589836,"date":"2023-04-15T10:57:56","date_gmt":"2023-04-15T06:57:56","guid":{"rendered":"https:\/\/arantv.az\/?p=589836"},"modified":"2023-04-15T10:57:56","modified_gmt":"2023-04-15T06:57:56","slug":"erm%c9%99nil%c9%99r-yen%c9%99-gorusda-basladi-pasinyanin-qabaginda-bayragimiz-yandirildi-v%c9%99-ana-x%c9%99b%c9%99r","status":"publish","type":"post","link":"https:\/\/arantv.az\/?p=589836","title":{"rendered":"Erm\u0259nil\u0259r yen\u0259 Gorusda BA\u015eLADI! Pa\u015finyan\u0131n qaba\u011f\u0131nda BAYRA\u011eIMIZ yand\u0131r\u0131ld\u0131 v\u0259\u2026 &#8211; &#8220;Ana X\u0259b\u0259r&#8221;"},"content":{"rendered":"<p>X\u0130N Az\u0259rbaycan bayra\u011f\u0131n\u0131n yand\u0131r\u0131lmas\u0131n\u0131 pisl\u0259yib<\/p>\n<p>Bayra\u011f\u0131m\u0131z\u0131 yand\u0131ran tan\u0131nm\u0131\u015f \u015f\u0259xsdir<\/p>\n<p>Priqojind\u0259n Putin\u0259: M\u00fcharib\u0259ni dayand\u0131r!<\/p>\n<p>Bayra\u011f\u0131m\u0131z\u0131 yand\u0131rana cinay\u0259t i\u015fi a\u00e7\u0131lmas\u0131ndan imtina edildi<\/p>\n<p>Ruslar Donetskd\u0259 az\u0259rbaycanl\u0131lar\u0131 g\u00fcll\u0259l\u0259di<\/p>\n<p>Fazil Mustafan\u0131n g\u00fcll\u0259l\u0259nm\u0259 an\u0131<\/p>\n<p>Erm\u0259nil\u0259r D\u0131\u011fda yen\u0259 m\u00fch\u0259ndis i\u015fl\u0259rin\u0259 ba\u015flad\u0131<\/p>\n<p>Zelenskinin n\u00fcmay\u0259nd\u0259si \u0259sg\u0259rimizin d\u00f6y\u00fclm\u0259sini q\u0131nad\u0131<\/p>\n<p>\u0130dman\u00e7\u0131lar\u0131m\u0131z \u00e7empionatdan imtina etdi &#8211; V\u0259t\u0259n\u0259 qay\u0131d\u0131rlar<\/p>\n<p>Slavyanskda 8 dinc sakin h\u0259lak olub<\/p>\n<p>TVMusavat-\u0131n saat 11:00-da canl\u0131 efirind\u0259 apar\u0131c\u0131 Emil Salamo\u011flu \u201cAna X\u0259b\u0259r\u201di t\u0259qdim edir.<\/p>\n<p><strong>Facebook s\u0259hif\u0259sinin \u00fcnvan\u0131:<\/strong><\/p>\n<p><strong><a href=\"https:\/\/www.facebook.com\/tvmusavat\" target=\"_blank\" rel=\"noopener\">https:\/\/www.facebook.com\/tvmusavat<\/a><\/strong><\/p>\n<p><strong>Youtube s\u0259hif\u0259sinin \u00fcnvan\u0131:<\/strong><\/p>\n<p><strong><a href=\"https:\/\/www.youtube.com\/channel\/UCtvU8QAYnxFG\" target=\"_blank\" rel=\"noopener\">https:\/\/www.youtube.com\/channel\/UCtvU8QAYnxFG<\/a><\/strong><\/p>\n","protected":false},"excerpt":{"rendered":"<p>X\u0130N Az\u0259rbaycan bayra\u011f\u0131n\u0131n yand\u0131r\u0131lmas\u0131n\u0131 pisl\u0259yib Bayra\u011f\u0131m\u0131z\u0131 yand\u0131ran tan\u0131nm\u0131\u015f \u015f\u0259xsdir Priqojind\u0259n Putin\u0259: M\u00fcharib\u0259ni dayand\u0131r! Bayra\u011f\u0131m\u0131z\u0131 yand\u0131rana cinay\u0259t i\u015fi a\u00e7\u0131lmas\u0131ndan imtina edildi Ruslar Donetskd\u0259 az\u0259rbaycanl\u0131lar\u0131 g\u00fcll\u0259l\u0259di Fazil Mustafan\u0131n g\u00fcll\u0259l\u0259nm\u0259 an\u0131 Erm\u0259nil\u0259r D\u0131\u011fda yen\u0259 m\u00fch\u0259ndis i\u015fl\u0259rin\u0259 ba\u015flad\u0131 Zelenskinin n\u00fcmay\u0259nd\u0259si \u0259sg\u0259rimizin d\u00f6y\u00fclm\u0259sini q\u0131nad\u0131 \u0130dman\u00e7\u0131lar\u0131m\u0131z \u00e7empionatdan imtina etdi &#8211; V\u0259t\u0259n\u0259 qay\u0131d\u0131rlar Slavyanskda 8 dinc sakin h\u0259lak olub TVMusavat-\u0131n saat 11:00-da canl\u0131 efirind\u0259 apar\u0131c\u0131 Emil Salamo\u011flu \u201cAna X\u0259b\u0259r\u201di t\u0259qdim edir. Facebook s\u0259hif\u0259sinin \u00fcnvan\u0131: https:\/\/www.facebook.com\/tvmusavat Youtube s\u0259hif\u0259sinin \u00fcnvan\u0131: https:\/\/www.youtube.com\/channel\/UCtvU8QAYnxFG<\/p>\n","protected":false},"author":2,"featured_media":589837,"comment_status":"closed","ping_status":"closed","sticky":false,"template":"","format":"standard","meta":{"om_disable_all_campaigns":false,"_monsterinsights_skip_tracking":false,"_monsterinsights_sitenote_active":false,"_monsterinsights_sitenote_note":"","_monsterinsights_sitenote_category":0},"categories":[19],"tags":[],"aioseo_notices":[],"gutentor_comment":0,"rttpg_featured_image_url":{"full":["https:\/\/arantv.az\/wp-content\/uploads\/2023\/04\/c1d4eeb7f101ed81945a22f935df0d74.jpg",870,500,false],"landscape":["https:\/\/arantv.az\/wp-content\/uploads\/2023\/04\/c1d4eeb7f101ed81945a22f935df0d74.jpg",870,500,false],"portraits":["https:\/\/arantv.az\/wp-content\/uploads\/2023\/04\/c1d4eeb7f101ed81945a22f935df0d74.jpg",870,500,false],"thumbnail":["https:\/\/arantv.az\/wp-content\/uploads\/2023\/04\/c1d4eeb7f101ed81945a22f935df0d74-500x280.jpg",500,280,true],"medium":["https:\/\/arantv.az\/wp-content\/uploads\/2023\/04\/c1d4eeb7f101ed81945a22f935df0d74-635x365.jpg",635,365,true],"large":["https:\/\/arantv.az\/wp-content\/uploads\/2023\/04\/c1d4eeb7f101ed81945a22f935df0d74-840x483.jpg",640,368,true],"1536x1536":["https:\/\/arantv.az\/wp-content\/uploads\/2023\/04\/c1d4eeb7f101ed81945a22f935df0d74.jpg",870,500,false],"2048x2048":["https:\/\/arantv.az\/wp-content\/uploads\/2023\/04\/c1d4eeb7f101ed81945a22f935df0d74.jpg",870,500,false],"post-thumbnail":["https:\/\/arantv.az\/wp-content\/uploads\/2023\/04\/c1d4eeb7f101ed81945a22f935df0d74-240x172.jpg",240,172,true],"advps-thumb-one":["https:\/\/arantv.az\/wp-content\/uploads\/2023\/04\/c1d4eeb7f101ed81945a22f935df0d74.jpg",870,500,false]},"rttpg_author":{"display_name":"V\u00fcsal Rafiqo\u011flu","author_link":"https:\/\/arantv.az\/?author=2"},"rttpg_comment":0,"rttpg_category":"<a href=\"https:\/\/arantv.az\/?cat=19\" rel=\"category\">G\u00fcnd\u0259m<\/a>","rttpg_excerpt":"X\u0130N Az\u0259rbaycan bayra\u011f\u0131n\u0131n yand\u0131r\u0131lmas\u0131n\u0131 pisl\u0259yib Bayra\u011f\u0131m\u0131z\u0131 yand\u0131ran tan\u0131nm\u0131\u015f \u015f\u0259xsdir Priqojind\u0259n Putin\u0259: M\u00fcharib\u0259ni dayand\u0131r! Bayra\u011f\u0131m\u0131z\u0131 yand\u0131rana cinay\u0259t i\u015fi a\u00e7\u0131lmas\u0131ndan imtina edildi Ruslar Donetskd\u0259 az\u0259rbaycanl\u0131lar\u0131 g\u00fcll\u0259l\u0259di Fazil Mustafan\u0131n g\u00fcll\u0259l\u0259nm\u0259 an\u0131 Erm\u0259nil\u0259r D\u0131\u011fda yen\u0259 m\u00fch\u0259ndis i\u015fl\u0259rin\u0259 ba\u015flad\u0131 Zelenskinin n\u00fcmay\u0259nd\u0259si \u0259sg\u0259rimizin d\u00f6y\u00fclm\u0259sini q\u0131nad\u0131 \u0130dman\u00e7\u0131lar\u0131m\u0131z \u00e7empionatdan imtina etdi &#8211; V\u0259t\u0259n\u0259 qay\u0131d\u0131rlar Slavyanskda 8 dinc sakin h\u0259lak olub TVMusavat-\u0131n saat 11:00-da&hellip;","_links":{"self":[{"href":"https:\/\/arantv.az\/index.php?rest_route=\/wp\/v2\/posts\/589836"}],"collection":[{"href":"https:\/\/arantv.az\/index.php?rest_route=\/wp\/v2\/posts"}],"about":[{"href":"https:\/\/arantv.az\/index.php?rest_route=\/wp\/v2\/types\/post"}],"author":[{"embeddable":true,"href":"https:\/\/arantv.az\/index.php?rest_route=\/wp\/v2\/users\/2"}],"replies":[{"embeddable":true,"href":"https:\/\/arantv.az\/index.php?rest_route=%2Fwp%2Fv2%2Fcomments&post=589836"}],"version-history":[{"count":0,"href":"https:\/\/arantv.az\/index.php?rest_route=\/wp\/v2\/posts\/589836\/revisions"}],"wp:featuredmedia":[{"embeddable":true,"href":"https:\/\/arantv.az\/index.php?rest_route=\/wp\/v2\/media\/589837"}],"wp:attachment":[{"href":"https:\/\/arantv.az\/index.php?rest_route=%2Fwp%2Fv2%2Fmedia&parent=589836"}],"wp:term":[{"taxonomy":"category","embeddable":true,"href":"https:\/\/arantv.az\/index.php?rest_route=%2Fwp%2Fv2%2Fcategories&post=589836"},{"taxonomy":"post_tag","embeddable":true,"href":"https:\/\/arantv.az\/index.php?rest_route=%2Fwp%2Fv2%2Ftags&post=589836"}],"curies":[{"name":"wp","href":"https:\/\/api.w.org\/{rel}","templated":true}]}}