{"id":589840,"date":"2023-04-15T10:58:44","date_gmt":"2023-04-15T06:58:44","guid":{"rendered":"https:\/\/arantv.az\/?p=589840"},"modified":"2023-04-15T10:58:44","modified_gmt":"2023-04-15T06:58:44","slug":"s%c9%99rh%c9%99dimizd%c9%99-t%c9%99hluk%c9%99li-oyun-rusiya-q%c9%99rbi-gunahkar-sayir-q%c9%99rb-pasinyan-v%c9%99-iran-is%c9%99","status":"publish","type":"post","link":"https:\/\/arantv.az\/?p=589840","title":{"rendered":"S\u0259rh\u0259dimizd\u0259 t\u0259hl\u00fck\u0259li oyun &#8211; Rusiya Q\u0259rbi g\u00fcnahkar say\u0131r, Q\u0259rb, Pa\u015finyan v\u0259 \u0130ran is\u0259&#8230;"},"content":{"rendered":"<h3><strong>Erm\u0259nistan Rusiyan\u0131n ordudak\u0131 \u201c5-ci kolonu\u201dna i\u015far\u0259 edir, Kreml AB-ni su\u00e7lay\u0131r; bir versiya da var: t\u0259xribat\u0131 Tehrana Moskva sifari\u015f edib &#8211; regionda strateji sava\u015f g\u00fccl\u0259nir<\/strong><\/h3>\n<p>Az\u0259rbaycan-Erm\u0259nistan \u015f\u0259rti s\u0259rh\u0259dind\u0259 nisbi sakitlik olsa da, 11 aprel toqqu\u015fmas\u0131n\u0131n t\u0259krarlanmayaca\u011f\u0131na he\u00e7 bir z\u0259man\u0259t yoxdur. \u00c7\u00fcnki Erm\u0259nistan Az\u0259rbaycanla s\u00fclh m\u00fcqavil\u0259sind\u0259n v\u0259 s\u0259rh\u0259dl\u0259rin delimitasiyas\u0131ndan yay\u0131nmaq azm\u0131\u015f kimi, \u00f6z\u00fcn\u00fc xarici g\u00fccl\u0259rin \u0259lind\u0259 b\u00f6lg\u0259ni qar\u0131\u015fd\u0131rmaq \u00fc\u00e7\u00fcn \u0259m\u0259lli-ba\u015fl\u0131 al\u0259t\u0259, ma\u015faya \u00e7evirib.<\/p>\n<p>\u201cYeni M\u00fcsavat\u201d yaz\u0131r ki, Rusiya X\u0130N-in r\u0259smi n\u00fcmay\u0259nd\u0259si Mariya Zaxarova \u201cRusiya Q\u0259rb strukturlar\u0131n\u0131n Erm\u0259nistan-Az\u0259rbaycan normalla\u015fmas\u0131 \u0259traf\u0131ndak\u0131 v\u0259ziyy\u0259ti g\u0259rginl\u0259\u015fdir\u0259c\u0259yini demi\u015fdi\u201d bildirib. O qeyd edib ki, r\u0259smi Moskva \u0259vv\u0259lc\u0259d\u0259n v\u0259ziyy\u0259tin bu h\u0259dd\u0259 g\u0259lib \u00e7\u0131xaca\u011f\u0131n\u0131 analiz edib. \u201cBiz \u0259vv\u0259ll\u0259r d\u0259 demi\u015fdik ki, regiona ba\u015fqa oyun\u00e7ular\u0131n, ba\u015fqa strukturlar\u0131n g\u0259lm\u0259sinin, hans\u0131lar ki, he\u00e7 vaxt bu k\u00f6hn\u0259lmi\u015f m\u00fcnaqi\u015f\u0259nin nizamlanmas\u0131 il\u0259 m\u0259\u015f\u011ful olmay\u0131blar, he\u00e7 bir \u0259lav\u0259 d\u0259y\u0259ri, s\u0259m\u0259r\u0259liliyi olmayacaq. \u018fksin\u0259, bu, v\u0259ziyy\u0259ti g\u0259rginl\u0259\u015fm\u0259y\u0259, destabill\u0259\u015fm\u0259y\u0259 g\u0259tirib \u00e7\u0131xaracaq. Bu, bizim t\u0259xminimiz deyildi, t\u0259hlilimiz idi\u201d, &#8211; dey\u0259 Zaxarova vur\u011fulay\u0131b.<\/p>\n<p><img src=\"https:\/\/azertag.az\/files\/2023\/1\/1200x630\/1674805146351934998_1200x630.jpg\" alt=\"Mariya Zaxarova: Az\u0259rbaycan\u0131n \u0130randak\u0131 s\u0259firliyin\u0259 h\u00fccum bizi \u015foka sald\u0131 -  AZ\u018fRTAC\" width=\"700\" \/><\/p>\n<p>Rusiyan\u0131n bu c\u00fcr ritorikas\u0131 yenilik deyil v\u0259 anla\u015f\u0131land\u0131r. H\u0259d\u0259f Q\u0259rbin b\u00f6lg\u0259d\u0259ki h\u0259r hans\u0131 missiyas\u0131n\u0131 g\u00f6zd\u0259n sal\u0131b \u00f6z \u201carbitr\u201d rolunun \u0259v\u0259zsizliyini n\u00fcmayi\u015f etdirm\u0259kdir. H\u0259r\u00e7\u0259nd Avropa Birliyinin Bak\u0131n\u0131n raz\u0131l\u0131\u011f\u0131n\u0131 almadan Erm\u0259nistanda yerl\u0259\u015f\u0259n yar\u0131mh\u0259rbi missiyas\u0131 da \u201cs\u00fcdd\u0259n \u00e7\u0131xm\u0131\u015f a\u011f qa\u015f\u0131q\u201d deyil. Ancaq maraql\u0131d\u0131r ki, missiyan\u0131n r\u0259hb\u0259ri erm\u0259ni t\u0259r\u0259finin israrl\u0131 xahi\u015fl\u0259rin\u0259 r\u0259\u011fm\u0259n, insident ba\u015f ver\u0259n \u0259raziy\u0259 getm\u0259kd\u0259n imtina edib. Bu da erm\u0259nil\u0259ri q\u0259z\u0259bl\u0259ndirib. Bel\u0259 bir versiya var ki, Erm\u0259nistan 11 aprel t\u0259xribat\u0131n\u0131 Rusiyan\u0131n \u0130rana sifari\u015fi v\u0259 Tehran\u0131n birba\u015fa t\u0259hriki il\u0259 t\u00f6r\u0259dib. Ba\u015fqa s\u00f6zl\u0259, Moskva indi d\u0259 \u0130randan Az\u0259rbaycana qar\u015f\u0131 \u201cproksi\u201d q\u00fcvv\u0259 kimi istifad\u0259 edir.<\/p>\n<p><img src=\"https:\/\/cdnn1.img.sputnik.az\/img\/07e6\/0a\/0d\/447435911_0:0:3072:1728_1920x0_80_0_0_0763fb85f6714933cb3bb6152c97d9e2.jpg\" alt=\"Bir b\u0259yanat\u0131n izi il\u0259 - Pa\u015finyan n\u0259 ist\u0259yir? - 05.01.2023, Sputnik  Az\u0259rbaycan\" width=\"700\" \/><\/p>\n<p>Erm\u0259nistan\u0131n ba\u015f naziri, \u201cq\u0259rb\u00e7i\u201d Nikol Pa\u015finyan is\u0259 hadis\u0259l\u0259rl\u0259 ba\u011fl\u0131 Rusiyan\u0131n ordudak\u0131 \u201c5-ci kolonu\u201dna i\u015far\u0259 edib. Pa\u015finyan h\u0259m\u00e7inin Erm\u0259nistan\u0131n \u00f6z qo\u015funlar\u0131n\u0131 1991-ci il s\u0259rh\u0259d x\u0259tti boyunca t\u0259hl\u00fck\u0259siz m\u0259saf\u0259y\u0259 \u00e7\u0259km\u0259y\u0259 haz\u0131r oldu\u011funu bildirib. Sitat: \u201cS\u0259rh\u0259dd\u0259ki durumun siyasi qiym\u0259tl\u0259ndirilm\u0259si bax\u0131m\u0131ndan 1991-ci il s\u0259rh\u0259d x\u0259ttinin vur\u011fuland\u0131\u011f\u0131 Avropa Birliyinin \u00f6t\u0259n g\u00fcn (sra\u011fag\u00fcn &#8211; red.) verdiyi b\u0259yanat\u0131n \u00f6n\u0259mli oldu\u011funu d\u00fc\u015f\u00fcn\u00fcr\u0259m. S\u00f6hb\u0259t 1991-ci il dekabr\u0131n 21-d\u0259 Almat\u0131 b\u0259yannam\u0259si il\u0259 d\u00f6vl\u0259t s\u0259rh\u0259din\u0259 \u00e7evril\u0259n Erm\u0259nistan SSR il\u0259 Az\u0259rbaycan SSR aras\u0131nda m\u00f6vcud olan inzibati s\u0259rh\u0259dd\u0259n gedir. Avropa Birliyinin b\u0259yanat\u0131nda deyilir ki, bu x\u0259tt\u0259 h\u00f6rm\u0259t edilm\u0259lidir. Bu, sabitliyin etibarl\u0131 t\u0259minat\u0131 kimi h\u0259r iki t\u0259r\u0259fin silahl\u0131 q\u00fcvv\u0259l\u0259rinin h\u0259min s\u0259rh\u0259dd\u0259n t\u0259hl\u00fck\u0259siz m\u0259saf\u0259y\u0259 \u00e7\u0259kilm\u0259si vur\u011fulan\u0131r. Erm\u0259nistan Az\u0259rbaycanla b\u00fct\u00fcn s\u0259rh\u0259d x\u0259tti boyunca bel\u0259 bir t\u0259dbiri g\u00f6rm\u0259y\u0259 haz\u0131rd\u0131r. 2021-ci ild\u0259n buna haz\u0131r oldu\u011fumuzu bildiririk v\u0259 bel\u0259 bir add\u0131m Praqa v\u0259 So\u00e7i dan\u0131\u015f\u0131qlar\u0131n\u0131n m\u0259ntiqind\u0259n ir\u0259li g\u0259lir\u201d.<\/p>\n<p><strong>Nikolun s\u00f6z\u00fc il\u0259 \u0259m\u0259linin t\u0259rs m\u00fct\u0259nasib oldu\u011fu \u00e7oxdan b\u0259llidir. B\u0259s bununla o, n\u0259y\u0259 \u00e7al\u0131\u015f\u0131r?<\/strong><\/p>\n<p>B\u0259zi t\u0259hlil\u00e7il\u0259r\u0259 g\u00f6r\u0259, Az\u0259rbaycan-Erm\u0259nistan s\u0259rh\u0259dind\u0259 \u00e7oxt\u0259r\u0259fli oyun ba\u015flay\u0131b. Bu oyunun Az\u0259rbaycana m\u00fcmk\u00fcn t\u0259sirl\u0259ri n\u0259l\u0259r ola bil\u0259r v\u0259 n\u0259l\u0259r\u0259 diqq\u0259t etm\u0259liyik? \u00c7\u00fcnki b\u00f6lg\u0259 u\u011frunda strateji m\u00fcbariz\u0259 gedir v\u0259 Erm\u0259nistan-Az\u0259rbaycan m\u00fcnasib\u0259tl\u0259ri \u00fcz\u0259rind\u0259n t\u0259r\u0259fl\u0259r \u00f6z siyas\u0259tini apar\u0131rlar&#8230;<\/p>\n<p><img src=\"https:\/\/konkret.az\/cloud\/uploads\/2021\/05\/qabilhuseynli.jpg\" alt=\"Qabil H\u00fcseynli: \u201cBu faci\u0259 kort\u0259bii ba\u015f verm\u0259yib. B\u00fct\u00fcn deyil\u0259nl\u0259r  uydurmad\u0131r\u201d | KONKRET\" width=\"700\" \/><\/p>\n<p>Professor\u00a0<strong>Qabil H\u00fcseynli<\/strong>\u00a0\u201cYeni M\u00fcsavat\u201da qeyd etdi ki, sadalanan bu detallar b\u00f6lg\u0259d\u0259ki strateji g\u0259rginliyin d\u0259rinl\u0259\u015fm\u0259sind\u0259n x\u0259b\u0259r verir. \u201cBu da onu g\u00f6st\u0259rir ki, b\u00fct\u00fcn g\u00fccl\u0259rin son hadis\u0259l\u0259rd\u0259 g\u00fcnah\u0131 var. Siyah\u0131da birinci yer\u0259 \u0130ran\u0131 qoymaq laz\u0131md\u0131r. \u0130ran bir ne\u00e7\u0259 ayd\u0131r ki, s\u00fclh prosesin\u0259 mane olur, separat\u00e7\u0131 erm\u0259nil\u0259r\u0259 m\u00fcdafi\u0259 m\u00f6vqeyind\u0259n h\u0259r\u0259k\u0259tl\u0259r edir, erm\u0259nil\u0259r\u0259 geosiyasi v\u0259ziyy\u0259t, s\u0259rh\u0259dl\u0259rin d\u0259yi\u015fm\u0259m\u0259si haqda m\u00fcxt\u0259lif t\u0259lqinl\u0259r edir. A\u00e7\u0131q formada onlara k\u00f6m\u0259k ed\u0259c\u0259kl\u0259rini bildirirl\u0259r. Erm\u0259nistanla \u0130ran aras\u0131nda intensiv \u0259laq\u0259l\u0259r m\u00f6vcuddur v\u0259 bunun son fazas\u0131 11 aprel d\u00f6y\u00fc\u015fl\u0259rind\u0259n \u0259vv\u0259l ba\u015f verdi: Erm\u0259nistan t\u0259hl\u00fck\u0259sizlik \u015furas\u0131n\u0131n katibi Armen Qriqoryan Tehrana getdi v\u0259 orada h\u0259mkar\u0131 \u018fli \u015eamxani il\u0259 g\u00f6r\u00fc\u015fd\u00fc. Sonra \u015eamxani Az\u0259rbaycana kin v\u0259 nifr\u0259t qusdu. Ona g\u00f6r\u0259 11 aprel hadis\u0259l\u0259rind\u0259 t\u0259hrikedici rolu \u0130ran oynay\u0131b v\u0259 erm\u0259nil\u0259ri \u00fcr\u0259kl\u0259ndirib\u201d, &#8211; dey\u0259 Q.H\u00fcseynli vur\u011fulad\u0131.<\/p>\n<p><strong>Professor Rusiyan\u0131n da bu m\u0259s\u0259l\u0259d\u0259 i\u015ftirak formas\u0131na diqq\u0259t \u00e7\u0259kir:<\/strong>\u00a0\u201cKreml ist\u0259yirdi ki, KTMT-nin m\u00fc\u015fahid\u0259 missiyas\u0131 b\u00f6lg\u0259y\u0259 yerl\u0259\u015fsin. Erm\u0259nistan qar\u015f\u0131 \u00e7\u0131x\u0131rd\u0131, amma son hadis\u0259l\u0259rd\u0259n sonra Rusiyan\u0131n m\u00fc\u015fahid\u0259 missiyas\u0131n\u0131n regiona yerl\u0259\u015fm\u0259si dem\u0259k olar ki, realla\u015f\u0131b. Avropa missiyas\u0131na g\u0259linc\u0259, onlar\u0131n bu hadis\u0259l\u0259rd\u0259 \u0259linin olmas\u0131 haqda h\u0259r hans\u0131 m\u00fclahiz\u0259 y\u00fcr\u00fctm\u0259k \u00e7\u0259tindir. Bir s\u00f6zl\u0259, regionda \u00e7oxq\u00fctbl\u00fc strateji m\u00fcbariz\u0259 getm\u0259kd\u0259dir\u201d.<\/p>\n<p><img src=\"https:\/\/teleqraf.com\/storage\/cdn\/2017\/april\/07\/1491559922.JPG\" alt=\"Bu bombalama ham\u0131ya mesaj idi\u201d - Elxan \u015eahino\u011flu il\u0259 m\u00fcsahib\u0259\" width=\"700\" \/><\/p>\n<p><strong>Politoloq Elxan \u015eahino\u011flu ba\u015f ver\u0259nl\u0259ri Q\u0259rb-Rusiya qar\u015f\u0131durmas\u0131 kimi d\u0259y\u0259rl\u0259ndirir. O, ritorik sual edir ki, indi kim kimi qabaqlayacaq:<\/strong>\u00a0\u201cKreml t\u0259mas x\u0259ttind\u0259ki toqqu\u015fmadan d\u0259rhal sonra Az\u0259rbaycan v\u0259 Erm\u0259nistana Moskvada g\u00f6r\u00fc\u015f t\u0259klifi edib. Toqqu\u015fmadan bir ne\u00e7\u0259 g\u00fcn \u0259vv\u0259l is\u0259 g\u00f6r\u00fc\u015f\u00fcn Va\u015finqtonda ke\u00e7irilm\u0259si t\u0259klif edilmi\u015fdi. Br\u00fcssel d\u0259 n\u00f6vb\u0259d\u0259 g\u00f6zl\u0259yir. Az\u0259rbaycan v\u0259 Erm\u0259nistan liderl\u0259ri aras\u0131nda g\u00f6r\u00fc\u015f\u00fcn birinci hans\u0131 paytaxtda ke\u00e7irilm\u0259si u\u011frunda yar\u0131\u015f ba\u015flay\u0131b. G\u00f6r\u00fc\u015f m\u0259kanlar\u0131n\u0131n \u0259h\u0259miyy\u0259ti v\u0259 f\u0259rqi n\u0259d\u0259dir? Moskva, Va\u015finqton v\u0259 Br\u00fcsselin h\u0259r \u00fc\u00e7\u00fc s\u00f6zd\u0259 Az\u0259rbaycanla Erm\u0259nistan aras\u0131nda s\u00fclh sazi\u015finin imzalanmas\u0131n\u0131 ist\u0259yir. Ancaq Kreml indid\u0259n t\u0259r\u0259fl\u0259r\u0259 mesaj g\u00f6nd\u0259rir ki, s\u00fclh sazi\u015fi Va\u015finqton v\u0259 ya Br\u00fcsseld\u0259 imzalanarsa, bu, uzun\u00f6m\u00fcrl\u00fc olmayacaq. Bu o dem\u0259kdir ki, s\u00fclh sazi\u015fi Q\u0259rbd\u0259 imzalanarsa Rusiya buna m\u00fcxt\u0259lif yollarla mane olacaq, t\u0259mas x\u0259ttind\u0259 g\u0259rginlik azalmayacaq\u201d.<\/p>\n<p><strong>B\u0259s s\u00fclh sazi\u015fi Moskvada imzalanarsa n\u0259 ba\u015f ver\u0259c\u0259k, Va\u015finqton v\u0259 Br\u00fcsselin reaksiyas\u0131 nec\u0259 olacaq?<\/strong><\/p>\n<p><strong>Bu sual\u0131 cavabland\u0131ran analitik hesab edir ki, AB\u015e v\u0259 Avropa \u0130ttifaq\u0131n\u0131n \u0259ll\u0259rind\u0259 Rusiya kimi b\u00f6lg\u0259ni qar\u0131\u015fd\u0131racaq al\u0259tl\u0259ri yoxdur:<\/strong>\u00a0\u201cBu onlara laz\u0131m da deyil. Va\u015finqton v\u0259 Br\u00fcssel\u0259 C\u0259nubi Qafqazda s\u00fclh v\u0259 b\u00f6lg\u0259 \u00f6lk\u0259l\u0259ri aras\u0131nda \u0259m\u0259kda\u015fl\u0131q, o c\u00fcml\u0259d\u0259n Rusiyan\u0131n t\u0259sirinin azalmas\u0131 laz\u0131md\u0131r. Bu olacaqsa, AB\u015e v\u0259 Avropa \u0130ttifaq\u0131 m\u0259mnun qalacaq. Ancaq Kreml Az\u0259rbaycanla Erm\u0259nistan aras\u0131nda bar\u0131\u015f\u0131n \u0259ld\u0259 olunmas\u0131n\u0131 ona g\u00f6r\u0259 t\u0259min etm\u0259k ist\u0259mir ki, b\u00f6lg\u0259 \u00f6lk\u0259l\u0259ri AB\u015e v\u0259 Avropa \u0130ttifaq\u0131 il\u0259 \u0259m\u0259kda\u015fl\u0131\u011f\u0131 g\u00fccl\u0259ndirsinl\u0259r. Bu, Kremlin maraqlar\u0131na ziddir. Rusiya paytaxt\u0131nda imzalana bil\u0259c\u0259k m\u00fcmk\u00fcn s\u00fclh sazi\u015fi b\u00f6lg\u0259d\u0259 Rusiyan\u0131n t\u0259sir imkanlar\u0131n\u0131 art\u0131rma\u011f\u0131 h\u0259d\u0259fl\u0259yir\u201d.<\/p>\n","protected":false},"excerpt":{"rendered":"<p>Erm\u0259nistan Rusiyan\u0131n ordudak\u0131 \u201c5-ci kolonu\u201dna i\u015far\u0259 edir, Kreml AB-ni su\u00e7lay\u0131r; bir versiya da var: t\u0259xribat\u0131 Tehrana Moskva sifari\u015f edib &#8211; regionda strateji sava\u015f g\u00fccl\u0259nir Az\u0259rbaycan-Erm\u0259nistan \u015f\u0259rti s\u0259rh\u0259dind\u0259 nisbi sakitlik olsa da, 11 aprel toqqu\u015fmas\u0131n\u0131n t\u0259krarlanmayaca\u011f\u0131na he\u00e7 bir z\u0259man\u0259t yoxdur. \u00c7\u00fcnki Erm\u0259nistan Az\u0259rbaycanla s\u00fclh m\u00fcqavil\u0259sind\u0259n v\u0259 s\u0259rh\u0259dl\u0259rin delimitasiyas\u0131ndan yay\u0131nmaq azm\u0131\u015f kimi, \u00f6z\u00fcn\u00fc xarici g\u00fccl\u0259rin \u0259lind\u0259 b\u00f6lg\u0259ni qar\u0131\u015fd\u0131rmaq \u00fc\u00e7\u00fcn \u0259m\u0259lli-ba\u015fl\u0131 al\u0259t\u0259, ma\u015faya \u00e7evirib. \u201cYeni M\u00fcsavat\u201d yaz\u0131r ki, Rusiya X\u0130N-in r\u0259smi n\u00fcmay\u0259nd\u0259si Mariya Zaxarova \u201cRusiya Q\u0259rb strukturlar\u0131n\u0131n Erm\u0259nistan-Az\u0259rbaycan normalla\u015fmas\u0131 \u0259traf\u0131ndak\u0131 v\u0259ziyy\u0259ti g\u0259rginl\u0259\u015fdir\u0259c\u0259yini demi\u015fdi\u201d bildirib. O qeyd edib ki, r\u0259smi Moskva \u0259vv\u0259lc\u0259d\u0259n v\u0259ziyy\u0259tin bu&hellip;<\/p>\n","protected":false},"author":2,"featured_media":589841,"comment_status":"closed","ping_status":"closed","sticky":false,"template":"","format":"standard","meta":{"om_disable_all_campaigns":false,"_monsterinsights_skip_tracking":false,"_monsterinsights_sitenote_active":false,"_monsterinsights_sitenote_note":"","_monsterinsights_sitenote_category":0},"categories":[4],"tags":[],"aioseo_notices":[],"gutentor_comment":0,"rttpg_featured_image_url":{"full":["https:\/\/arantv.az\/wp-content\/uploads\/2023\/04\/56cafea3b2d72f7019ce7000516c8ce3.jpg",870,500,false],"landscape":["https:\/\/arantv.az\/wp-content\/uploads\/2023\/04\/56cafea3b2d72f7019ce7000516c8ce3.jpg",870,500,false],"portraits":["https:\/\/arantv.az\/wp-content\/uploads\/2023\/04\/56cafea3b2d72f7019ce7000516c8ce3.jpg",870,500,false],"thumbnail":["https:\/\/arantv.az\/wp-content\/uploads\/2023\/04\/56cafea3b2d72f7019ce7000516c8ce3-500x280.jpg",500,280,true],"medium":["https:\/\/arantv.az\/wp-content\/uploads\/2023\/04\/56cafea3b2d72f7019ce7000516c8ce3-635x365.jpg",635,365,true],"large":["https:\/\/arantv.az\/wp-content\/uploads\/2023\/04\/56cafea3b2d72f7019ce7000516c8ce3-840x483.jpg",640,368,true],"1536x1536":["https:\/\/arantv.az\/wp-content\/uploads\/2023\/04\/56cafea3b2d72f7019ce7000516c8ce3.jpg",870,500,false],"2048x2048":["https:\/\/arantv.az\/wp-content\/uploads\/2023\/04\/56cafea3b2d72f7019ce7000516c8ce3.jpg",870,500,false],"post-thumbnail":["https:\/\/arantv.az\/wp-content\/uploads\/2023\/04\/56cafea3b2d72f7019ce7000516c8ce3-240x172.jpg",240,172,true],"advps-thumb-one":["https:\/\/arantv.az\/wp-content\/uploads\/2023\/04\/56cafea3b2d72f7019ce7000516c8ce3.jpg",870,500,false]},"rttpg_author":{"display_name":"V\u00fcsal Rafiqo\u011flu","author_link":"https:\/\/arantv.az\/?author=2"},"rttpg_comment":0,"rttpg_category":"<a href=\"https:\/\/arantv.az\/?cat=4\" rel=\"category\">Siyas\u0259t<\/a>","rttpg_excerpt":"Erm\u0259nistan Rusiyan\u0131n ordudak\u0131 \u201c5-ci kolonu\u201dna i\u015far\u0259 edir, Kreml AB-ni su\u00e7lay\u0131r; bir versiya da var: t\u0259xribat\u0131 Tehrana Moskva sifari\u015f edib &#8211; regionda strateji sava\u015f g\u00fccl\u0259nir Az\u0259rbaycan-Erm\u0259nistan \u015f\u0259rti s\u0259rh\u0259dind\u0259 nisbi sakitlik olsa da, 11 aprel toqqu\u015fmas\u0131n\u0131n t\u0259krarlanmayaca\u011f\u0131na he\u00e7 bir z\u0259man\u0259t yoxdur. \u00c7\u00fcnki Erm\u0259nistan Az\u0259rbaycanla s\u00fclh m\u00fcqavil\u0259sind\u0259n v\u0259 s\u0259rh\u0259dl\u0259rin delimitasiyas\u0131ndan yay\u0131nmaq azm\u0131\u015f kimi, \u00f6z\u00fcn\u00fc xarici g\u00fccl\u0259rin \u0259lind\u0259 b\u00f6lg\u0259ni&hellip;","_links":{"self":[{"href":"https:\/\/arantv.az\/index.php?rest_route=\/wp\/v2\/posts\/589840"}],"collection":[{"href":"https:\/\/arantv.az\/index.php?rest_route=\/wp\/v2\/posts"}],"about":[{"href":"https:\/\/arantv.az\/index.php?rest_route=\/wp\/v2\/types\/post"}],"author":[{"embeddable":true,"href":"https:\/\/arantv.az\/index.php?rest_route=\/wp\/v2\/users\/2"}],"replies":[{"embeddable":true,"href":"https:\/\/arantv.az\/index.php?rest_route=%2Fwp%2Fv2%2Fcomments&post=589840"}],"version-history":[{"count":0,"href":"https:\/\/arantv.az\/index.php?rest_route=\/wp\/v2\/posts\/589840\/revisions"}],"wp:featuredmedia":[{"embeddable":true,"href":"https:\/\/arantv.az\/index.php?rest_route=\/wp\/v2\/media\/589841"}],"wp:attachment":[{"href":"https:\/\/arantv.az\/index.php?rest_route=%2Fwp%2Fv2%2Fmedia&parent=589840"}],"wp:term":[{"taxonomy":"category","embeddable":true,"href":"https:\/\/arantv.az\/index.php?rest_route=%2Fwp%2Fv2%2Fcategories&post=589840"},{"taxonomy":"post_tag","embeddable":true,"href":"https:\/\/arantv.az\/index.php?rest_route=%2Fwp%2Fv2%2Ftags&post=589840"}],"curies":[{"name":"wp","href":"https:\/\/api.w.org\/{rel}","templated":true}]}}