{"id":589845,"date":"2023-04-15T10:59:29","date_gmt":"2023-04-15T06:59:29","guid":{"rendered":"https:\/\/arantv.az\/?p=589845"},"modified":"2023-04-15T10:59:29","modified_gmt":"2023-04-15T06:59:29","slug":"bagcalara-yoxsa-t%c9%99rbiy%c9%99cil%c9%99r%c9%99-n%c9%99zar%c9%99ti-gucl%c9%99ndirm%c9%99li","status":"publish","type":"post","link":"https:\/\/arantv.az\/?p=589845","title":{"rendered":"Ba\u011f\u00e7alara, yoxsa t\u0259rbiy\u0259\u00e7il\u0259r\u0259 n\u0259zar\u0259ti g\u00fccl\u0259ndirm\u0259li?"},"content":{"rendered":"<h3><strong>Sertifikasiyaya v\u0259 n\u0259zar\u0259t kameralar\u0131na b\u0259sl\u0259n\u0259n \u00fcmidl\u0259r<\/strong><\/h3>\n<p>\u201cBa\u011f\u00e7a t\u0259rbiy\u0259\u00e7il\u0259rinin sertifikasiyas\u0131 \u00fc\u00e7\u00fcn normativ s\u0259n\u0259din haz\u0131rlanmas\u0131 istiqam\u0259tind\u0259 Elm v\u0259 T\u0259hsil Nazirliyind\u0259 i\u015f ba\u015flay\u0131b\u201d.<\/p>\n<p>Bunu Elm v\u0259 T\u0259hsil Nazirliyinin \u00dcmumi v\u0259 m\u0259kt\u0259b\u0259q\u0259d\u0259r t\u0259hsilin t\u0259\u015fkili v\u0259 idar\u0259 olunmas\u0131 \u015f\u00f6b\u0259sinin m\u00fcdiri Elnur \u018fliyev media n\u00fcmay\u0259nd\u0259l\u0259ri \u00fc\u00e7\u00fcn ke\u00e7iril\u0259n seminarda deyib. O bildirib ki, 2026-c\u0131 il\u0259 q\u0259d\u0259r bu proses icra olunacaq. \u015e\u00f6b\u0259 m\u00fcdiri h\u0259m\u00e7inin ba\u011f\u00e7alarda kameralar\u0131n qura\u015fd\u0131r\u0131lmas\u0131n\u0131n n\u0259z\u0259rd\u0259 tutuldu\u011funu s\u00f6yl\u0259yib.<\/p>\n<p>Onun s\u00f6zl\u0259rin\u0259 g\u00f6r\u0259, b\u0259zi ba\u011f\u00e7alarda art\u0131q kameralar var, yerd\u0259 qalanlarda da kameralar qura\u015fd\u0131r\u0131lacaq.<\/p>\n<p>Bu t\u0259dbirl\u0259r d\u00f6vl\u0259t v\u0259 \u00f6z\u0259l u\u015faq ba\u011f\u00e7alar\u0131nda k\u00f6rp\u0259l\u0259r\u0259 qar\u015f\u0131 zorak\u0131l\u0131q hallar\u0131n\u0131n aradan qalxmas\u0131na n\u0259 d\u0259r\u0259c\u0259d\u0259 m\u00fcsb\u0259t t\u0259sir ed\u0259c\u0259k? Ayd\u0131nd\u0131r ki, b\u00fct\u00fcn otaqlarda, k\u00fcnc-bucaqda kamera qoyulmayacaq. Dem\u0259k, t\u0259rbiy\u0259\u00e7i amili yen\u0259 \u00f6n plana \u00e7\u0131x\u0131r. Bu x\u00fcsusda t\u0259rbiy\u0259\u00e7il\u0259rin sertifikasiyas\u0131 problemin h\u0259llini n\u0259 d\u0259r\u0259c\u0259d\u0259 tezl\u0259\u015fdir\u0259 bil\u0259r?<\/p>\n<p><img src=\"https:\/\/psixoloq.az\/uploads\/2020-03-19\/1de5f305aa90800bcd9c7268b3614d59.jpg\" alt=\"Psixoloq | Psixoloq.az - &quot;M\u00fcsb\u0259t\u0259 k\u00f6kl\u0259nin, bu halda immun sistemi d\u0259  g\u00fccl\u0259nir&quot;-Psixoloq \u018ffsan\u0259 R\u00fcst\u0259mova\" \/><\/p>\n<p><strong>Tan\u0131nm\u0131\u015f psixoloq \u018ffsan\u0259 R\u00fcst\u0259mova m\u00f6vzu il\u0259 ba\u011fl\u0131 \u201cYeni M\u00fcsavat\u201da dedi ki, \u00fcmumilikd\u0259 m\u0259kt\u0259b\u0259q\u0259d\u0259r t\u0259hsil \u00e7ox \u00e7\u0259tin, y\u00fcks\u0259k intizaml\u0131 bir sistemin olmas\u0131n\u0131 t\u0259l\u0259b edir:<\/strong>\u00a0\u201c\u0130ntizam v\u0259 sistem olmad\u0131\u011f\u0131 h\u0259r yerd\u0259 xaosun olmas\u0131, hans\u0131sa k\u0259nara \u00e7\u0131xmalar\u0131n olmas\u0131 qa\u00e7\u0131lmazd\u0131r. Bundan ba\u015fqa, bizd\u0259 t\u0259rbiy\u0259\u00e7il\u0259rin v\u0259 m\u00fc\u0259lliml\u0259rin, pedaqoji hey\u0259tin u\u015faqlarla r\u0259ftar\u0131 birm\u0259nal\u0131 deyil v\u0259 ad\u0259t\u0259n m\u00fczakir\u0259l\u0259r\u0259 s\u0259b\u0259b olur. Bunun s\u0259b\u0259bi h\u0259r hans\u0131 bir vahid sistemin olmamas\u0131ndan qaynaql\u0131d\u0131r. Misal \u00fc\u00e7\u00fcn, Arzu m\u00fc\u0259llim\u0259 bu c\u00fcr metodika t\u0259tbiq edir, onun yerin\u0259 ba\u015fqa m\u00fc\u0259llim\u0259 g\u0259lirs\u0259, ba\u015fqa metodika yarad\u0131r. \u018fslind\u0259 is\u0259 vahid sistem olmal\u0131d\u0131r. Burada Arzu, Aysel, yaxud kiml\u0259rins\u0259 oturmas\u0131n\u0131n f\u0259rqi olmamal\u0131d\u0131r. Birinci biz bunun d\u00fcz\u0259lm\u0259si \u00fc\u00e7\u00fcn \u00e7al\u0131\u015fmal\u0131y\u0131q.<\/p>\n<p>Bu g\u00fcn beyn\u0259lxalq m\u0259s\u0259l\u0259l\u0259r\u0259 baxanda harada k\u0131, insanlar u\u011fur qazan\u0131r, onlar\u0131n ham\u0131s\u0131nda dan\u0131\u015fan i\u015f\u00e7i yox, sistemdir. B\u0259zi \u00f6z\u0259l m\u0259kt\u0259bl\u0259rd\u0259 art\u0131q bunu qism\u0259n t\u0259min ed\u0259 bilibl\u0259r. Biz \u00f6vladlar\u0131m\u0131z\u0131 \u00e7ox rahatl\u0131qla ora g\u00f6nd\u0259r\u0259 bilirik. O ki qald\u0131 Elm v\u0259 T\u0259hsil Nazirliyinin bu yana\u015fmas\u0131na, onlar da problem\u0259 dair n\u0259 is\u0259 etm\u0259y\u0259 \u00e7al\u0131\u015f\u0131rlar. Onlar\u0131n bu atd\u0131\u011f\u0131 add\u0131m he\u00e7 d\u0259 dig\u0259rinin olmayaca\u011f\u0131na z\u0259man\u0259t vermir. Kamera sisteminin yaranmas\u0131 il\u0259 h\u0259r hans\u0131 monitorinql\u0259rin apar\u0131lmas\u0131 il\u0259 ba\u011fl\u0131 m\u0259hdudiyy\u0259t yaratm\u0131r. \u018fksin\u0259, m\u00fcasir valideyn 24 saat video n\u0259zar\u0259t ist\u0259yir. Ev\u0259 g\u0259l\u0259nd\u0259 is\u0259 \u00f6vlad tamamil\u0259 n\u0259zar\u0259tsizdir. \u018fg\u0259r bir u\u015fa\u011f\u0131n taleyi bir m\u00fc\u0259llimin vicdan\u0131na qal\u0131rsa, bu \u00e7ox b\u00f6y\u00fck problemdir. M\u0259hz bunu aradan qald\u0131rmaq \u00fc\u00e7\u00fcn \u00e7al\u0131\u015fmal\u0131y\u0131q. \u018flb\u0259tt\u0259, t\u0259hl\u00fck\u0259sizlik bax\u0131mdan kameralar\u0131n olmas\u0131 m\u00fcsb\u0259tdir. Bu kameralar h\u0259r yeri g\u00f6rm\u00fcr yox, m\u00fctl\u0259q el\u0259 sistem qurulmal\u0131d\u0131r ki, u\u015faqlar\u0131n daha \u00e7ox vaxt ke\u00e7irdiyi b\u00f6lg\u0259l\u0259ri g\u00f6rs\u00fcnl\u0259r. Amma bu \u00f6zl\u00fcy\u00fcnd\u0259 t\u0259rbiy\u0259\u00e7ini d\u0259 \u0259lav\u0259 stress\u0259, i\u015fin keyfiyy\u0259tini is\u0259 a\u015fa\u011f\u0131 salacaq. Valideynin d\u0259 m\u0259kt\u0259b\u0259q\u0259d\u0259r m\u00fc\u0259ssis\u0259y\u0259 birba\u015fa m\u00fcdaxil\u0259 ehtimal\u0131n\u0131 yaradacaq, \u00e7ox b\u00f6y\u00fck xaos yaradacaq. Bu g\u00fcn\u0259 q\u0259d\u0259r onsuz da \u0259ks\u0259r ba\u011f\u00e7alarda kamera var idi. Sad\u0259c\u0259, valideynl\u0259r\u0259 baxmaq \u00fc\u00e7\u00fcn icaz\u0259 verilmirdi. Burada birba\u015fa valideyn m\u00fcdaxil\u0259si olacaqsa, d\u00fc\u015f\u00fcn\u00fcr\u0259m ki, bu sistemin idar\u0259 edilm\u0259si \u00e7ox \u00e7\u0259tinl\u0259\u015f\u0259c\u0259k. Nec\u0259 ki, biz m\u0259kt\u0259bl\u0259rd\u0259 valideynl\u0259ri m\u00fc\u0259lliml\u0259 birg\u0259 i\u015f\u0259 d\u0259v\u0259t etdikd\u0259n sonra az qala g\u0259lib m\u0259kt\u0259bd\u0259 direktorluq edir.<\/p>\n<p>\u018flb\u0259tt\u0259, \u00e7ox yax\u015f\u0131 olard\u0131 ki, h\u0259m ba\u011f\u00e7alarda, h\u0259m d\u0259 m\u0259kt\u0259bl\u0259rd\u0259 vahid sistem olsun. O sistemd\u0259n k\u0259nara \u00e7\u0131xmalar b\u00f6y\u00fck \u015f\u0259kild\u0259 rezonans do\u011fursun v\u0259 ist\u0259r c\u0259rim\u0259 \u00fcsulu il\u0259, ist\u0259r q\u0131naqla n\u0259tic\u0259l\u0259nsin. \u00c7\u00fcnki t\u0259rbiy\u0259 \u00fcsuluna daha \u00e7ox bunlar t\u0259sir g\u00f6st\u0259rir. Dig\u0259r hallarda kameralar\u0131n olmad\u0131\u011f\u0131 yerl\u0259rd\u0259 onlar \u00f6z bildikl\u0259rini ed\u0259c\u0259kl\u0259rs\u0259, bu, u\u011fursuz olacaq. \u018fg\u0259r bununla ba\u011fl\u0131 b\u00fcdc\u0259 ayr\u0131lacaqsa, sistem qurulmas\u0131 \u00fc\u00e7\u00fcn laz\u0131m olan bu pedaqoji, psixoloji hey\u0259t formala\u015fd\u0131r\u0131lmald\u0131r. H\u0259r bir halda at\u0131lan add\u0131m t\u0259qdir\u0259layiqdir. He\u00e7 n\u0259 edilm\u0259m\u0259kd\u0259ns\u0259, bu, daha yax\u015f\u0131d\u0131r&#8221;.<\/p>\n<p><strong>Psixoloq \u0259lav\u0259 edib ki, kameralar\u0131n qura\u015fd\u0131r\u0131lmas\u0131n\u0131 bir test olaraq m\u0259kt\u0259b\u0259q\u0259d\u0259r t\u0259hsild\u0259 yoxlamaq laz\u0131md\u0131r:<\/strong>\u00a0\u201cG\u00f6r\u0259k, g\u00f6zl\u0259nil\u0259n faydan\u0131 verdimi? Ba\u011f\u00e7alara \u00f6vlad\u0131n\u0131 g\u0259tir\u0259n valideynl\u0259r qar\u0131\u015f\u0131q bir qrupdur. Onlar\u0131n ham\u0131s\u0131n\u0131 aktiv \u015f\u0259kild\u0259 g\u00f6r\u0259c\u0259ks\u0259, m\u00fcdaxil\u0259 ed\u0259c\u0259ks\u0259, pedaqoji i\u015fin gedi\u015fin\u0259 mane olacaqsa, m\u0259n bir pedaqoq kimi bunun u\u011furlu olaca\u011f\u0131n\u0131 d\u00fc\u015f\u00fcnm\u00fcr\u0259m. Amma burada \u0259ld\u0259 olunacaq fayda n\u0259dir. Kamera il\u0259 ba\u011fl\u0131 t\u0259klifi ver\u0259nl\u0259rin burada g\u00f6zl\u0259dikl\u0259ri maraq n\u0259dir? Onlar hans\u0131 fayda \u00fc\u00e7\u00fcn bunu edirl\u0259r? Bunu m\u00fc\u0259yy\u0259n ed\u0259nd\u0259n sonra m\u00fcqayis\u0259 etm\u0259liyik ki, bu fayda bu b\u00fcdc\u0259 il\u0259 biz\u0259 laz\u0131md\u0131r ya yox. Onun yerin\u0259 alternativ olaraq ba\u015fqa n\u0259 t\u0259klifl\u0259r var.<\/p>\n<p>M\u0259n daha \u00e7ox ist\u0259y\u0259r\u0259m ki, pedaqoji kollektivin psixoloji sa\u011flaml\u0131\u011f\u0131n\u0131 m\u00fc\u0259yy\u0259n ed\u0259n hans\u0131sa bir qrup yarad\u0131ls\u0131n. M\u00fctl\u0259q onlar ayda, r\u00fcbd\u0259 bir d\u0259f\u0259 hans\u0131sa yoxlamadan ke\u00e7sinl\u0259r. \u018fks halda, qoyulan kameralar formal olacaq. Bir g\u00fcn i\u015f\u0131q s\u00f6n\u0259c\u0259k, kamera i\u015fl\u0259m\u0259y\u0259c\u0259k, ya da texniki problem yaranacaq i\u015fl\u0259m\u0259y\u0259c\u0259k. Eyni zamanda yaln\u0131z \u015f\u0259h\u0259rin m\u0259rk\u0259zind\u0259 olan ba\u011f\u00e7alara kameralar qura\u015fd\u0131r\u0131lacaqm\u0131? Do\u011frudan da, d\u00fc\u015f\u00fcn\u00fcr\u00fck ki, problem yaln\u0131z \u015f\u0259h\u0259rin m\u0259rk\u0259zind\u0259dir? Biz \u00fcmumi faydal\u0131l\u0131q ist\u0259yiriks\u0259, niy\u0259 eyni mara\u011f\u0131 k\u0259narda da t\u0259min etmirik? Yen\u0259 deyir\u0259m, ola bil\u0259r ki, idar\u0259 ed\u0259 bilm\u0259y\u0259c\u0259yimiz xaos yarans\u0131n&#8221;.<\/p>\n","protected":false},"excerpt":{"rendered":"<p>Sertifikasiyaya v\u0259 n\u0259zar\u0259t kameralar\u0131na b\u0259sl\u0259n\u0259n \u00fcmidl\u0259r \u201cBa\u011f\u00e7a t\u0259rbiy\u0259\u00e7il\u0259rinin sertifikasiyas\u0131 \u00fc\u00e7\u00fcn normativ s\u0259n\u0259din haz\u0131rlanmas\u0131 istiqam\u0259tind\u0259 Elm v\u0259 T\u0259hsil Nazirliyind\u0259 i\u015f ba\u015flay\u0131b\u201d. Bunu Elm v\u0259 T\u0259hsil Nazirliyinin \u00dcmumi v\u0259 m\u0259kt\u0259b\u0259q\u0259d\u0259r t\u0259hsilin t\u0259\u015fkili v\u0259 idar\u0259 olunmas\u0131 \u015f\u00f6b\u0259sinin m\u00fcdiri Elnur \u018fliyev media n\u00fcmay\u0259nd\u0259l\u0259ri \u00fc\u00e7\u00fcn ke\u00e7iril\u0259n seminarda deyib. O bildirib ki, 2026-c\u0131 il\u0259 q\u0259d\u0259r bu proses icra olunacaq. \u015e\u00f6b\u0259 m\u00fcdiri h\u0259m\u00e7inin ba\u011f\u00e7alarda kameralar\u0131n qura\u015fd\u0131r\u0131lmas\u0131n\u0131n n\u0259z\u0259rd\u0259 tutuldu\u011funu s\u00f6yl\u0259yib. Onun s\u00f6zl\u0259rin\u0259 g\u00f6r\u0259, b\u0259zi ba\u011f\u00e7alarda art\u0131q kameralar var, yerd\u0259 qalanlarda da kameralar qura\u015fd\u0131r\u0131lacaq. Bu t\u0259dbirl\u0259r d\u00f6vl\u0259t v\u0259 \u00f6z\u0259l u\u015faq ba\u011f\u00e7alar\u0131nda k\u00f6rp\u0259l\u0259r\u0259 qar\u015f\u0131 zorak\u0131l\u0131q hallar\u0131n\u0131n aradan qalxmas\u0131na n\u0259 d\u0259r\u0259c\u0259d\u0259&hellip;<\/p>\n","protected":false},"author":2,"featured_media":589846,"comment_status":"closed","ping_status":"closed","sticky":false,"template":"","format":"standard","meta":{"om_disable_all_campaigns":false,"_monsterinsights_skip_tracking":false,"_monsterinsights_sitenote_active":false,"_monsterinsights_sitenote_note":"","_monsterinsights_sitenote_category":0},"categories":[1],"tags":[],"aioseo_notices":[],"gutentor_comment":0,"rttpg_featured_image_url":{"full":["https:\/\/arantv.az\/wp-content\/uploads\/2023\/04\/34d64647c142e8daf00aae091738e827.jpg",800,500,false],"landscape":["https:\/\/arantv.az\/wp-content\/uploads\/2023\/04\/34d64647c142e8daf00aae091738e827.jpg",800,500,false],"portraits":["https:\/\/arantv.az\/wp-content\/uploads\/2023\/04\/34d64647c142e8daf00aae091738e827.jpg",800,500,false],"thumbnail":["https:\/\/arantv.az\/wp-content\/uploads\/2023\/04\/34d64647c142e8daf00aae091738e827-500x280.jpg",500,280,true],"medium":["https:\/\/arantv.az\/wp-content\/uploads\/2023\/04\/34d64647c142e8daf00aae091738e827-584x365.jpg",584,365,true],"large":["https:\/\/arantv.az\/wp-content\/uploads\/2023\/04\/34d64647c142e8daf00aae091738e827.jpg",640,400,false],"1536x1536":["https:\/\/arantv.az\/wp-content\/uploads\/2023\/04\/34d64647c142e8daf00aae091738e827.jpg",800,500,false],"2048x2048":["https:\/\/arantv.az\/wp-content\/uploads\/2023\/04\/34d64647c142e8daf00aae091738e827.jpg",800,500,false],"post-thumbnail":["https:\/\/arantv.az\/wp-content\/uploads\/2023\/04\/34d64647c142e8daf00aae091738e827-240x172.jpg",240,172,true],"advps-thumb-one":["https:\/\/arantv.az\/wp-content\/uploads\/2023\/04\/34d64647c142e8daf00aae091738e827.jpg",800,500,false]},"rttpg_author":{"display_name":"V\u00fcsal Rafiqo\u011flu","author_link":"https:\/\/arantv.az\/?author=2"},"rttpg_comment":0,"rttpg_category":"<a href=\"https:\/\/arantv.az\/?cat=1\" rel=\"category\">C\u0259miyy\u0259t<\/a>","rttpg_excerpt":"Sertifikasiyaya v\u0259 n\u0259zar\u0259t kameralar\u0131na b\u0259sl\u0259n\u0259n \u00fcmidl\u0259r \u201cBa\u011f\u00e7a t\u0259rbiy\u0259\u00e7il\u0259rinin sertifikasiyas\u0131 \u00fc\u00e7\u00fcn normativ s\u0259n\u0259din haz\u0131rlanmas\u0131 istiqam\u0259tind\u0259 Elm v\u0259 T\u0259hsil Nazirliyind\u0259 i\u015f ba\u015flay\u0131b\u201d. Bunu Elm v\u0259 T\u0259hsil Nazirliyinin \u00dcmumi v\u0259 m\u0259kt\u0259b\u0259q\u0259d\u0259r t\u0259hsilin t\u0259\u015fkili v\u0259 idar\u0259 olunmas\u0131 \u015f\u00f6b\u0259sinin m\u00fcdiri Elnur \u018fliyev media n\u00fcmay\u0259nd\u0259l\u0259ri \u00fc\u00e7\u00fcn ke\u00e7iril\u0259n seminarda deyib. O bildirib ki, 2026-c\u0131 il\u0259 q\u0259d\u0259r bu proses icra olunacaq. \u015e\u00f6b\u0259 m\u00fcdiri&hellip;","_links":{"self":[{"href":"https:\/\/arantv.az\/index.php?rest_route=\/wp\/v2\/posts\/589845"}],"collection":[{"href":"https:\/\/arantv.az\/index.php?rest_route=\/wp\/v2\/posts"}],"about":[{"href":"https:\/\/arantv.az\/index.php?rest_route=\/wp\/v2\/types\/post"}],"author":[{"embeddable":true,"href":"https:\/\/arantv.az\/index.php?rest_route=\/wp\/v2\/users\/2"}],"replies":[{"embeddable":true,"href":"https:\/\/arantv.az\/index.php?rest_route=%2Fwp%2Fv2%2Fcomments&post=589845"}],"version-history":[{"count":0,"href":"https:\/\/arantv.az\/index.php?rest_route=\/wp\/v2\/posts\/589845\/revisions"}],"wp:featuredmedia":[{"embeddable":true,"href":"https:\/\/arantv.az\/index.php?rest_route=\/wp\/v2\/media\/589846"}],"wp:attachment":[{"href":"https:\/\/arantv.az\/index.php?rest_route=%2Fwp%2Fv2%2Fmedia&parent=589845"}],"wp:term":[{"taxonomy":"category","embeddable":true,"href":"https:\/\/arantv.az\/index.php?rest_route=%2Fwp%2Fv2%2Fcategories&post=589845"},{"taxonomy":"post_tag","embeddable":true,"href":"https:\/\/arantv.az\/index.php?rest_route=%2Fwp%2Fv2%2Ftags&post=589845"}],"curies":[{"name":"wp","href":"https:\/\/api.w.org\/{rel}","templated":true}]}}