{"id":589849,"date":"2023-04-15T11:00:07","date_gmt":"2023-04-15T07:00:07","guid":{"rendered":"https:\/\/arantv.az\/?p=589849"},"modified":"2023-04-15T11:00:07","modified_gmt":"2023-04-15T07:00:07","slug":"pasinyanin-oyunbazligi-onu-hara-aparacaq","status":"publish","type":"post","link":"https:\/\/arantv.az\/?p=589849","title":{"rendered":"Pa\u015finyan\u0131n oyunbazl\u0131\u011f\u0131 onu hara aparacaq?"},"content":{"rendered":"<p>Dild\u0259 bir s\u00f6z dem\u0259k, \u0259m\u0259ld\u0259s\u0259 tamam ba\u015fqa bir \u015fey etm\u0259k! \u018fslind\u0259 bu qayda siyas\u0259t \u00fc\u00e7\u00fcn el\u0259 bir yenilik deyil. Y\u00fcz ill\u0259r \u0259rzind\u0259 bundan da s\u0259rt, bundan da m\u0259krli siyasi qaydalar olub&#8230;<\/p>\n<p>G\u00fcman ki, soru\u015facaqs\u0131n\u0131z, bunu niy\u0259, hans\u0131 s\u0259b\u0259bl\u0259rd\u0259n xat\u0131rlatd\u0131m. B\u0259li, bir ne\u00e7\u0259 g\u00fcn bundan \u0259vv\u0259l daha bir erm\u0259ni h\u0259rbi t\u0259xribat\u0131n\u0131n \u015fahidi olduq. Bizim \u00fc\u00e7 \u015f\u0259hidimiz oldu. Erm\u0259nil\u0259r bizd\u0259n d\u0259 art\u0131q itki verdil\u0259r \u2013onlardan d\u00f6rd n\u0259f\u0259r \u00f6ld\u00fc, bundan qat-qat art\u0131q adamsa a\u011f\u0131r yaraland\u0131.Yaralanm\u0131\u015f erm\u0259nil\u0259r aras\u0131nda h\u0259tta onlar\u0131n korpus komandiri d\u0259 vard\u0131!..<\/p>\n<p>El\u0259 h\u0259min g\u00fcn deyildi ki, ba\u015f nazir Nikol Pa\u015finyan \u00f6z\u00fc erm\u0259ni ordusunun n\u00f6vb\u0259ti t\u0259xribat\u0131na r\u0259hb\u0259rlik edir. B\u0259s bundan bir g\u00fcn sonra n\u0259 oldu? Nikol Pa\u015finyan b\u0259yan etdi ki, Da\u011fl\u0131q Qaraba\u011f Az\u0259rbaycan\u0131n t\u0259rkibind\u0259 qalmal\u0131d\u0131r! Daha bir g\u00fcn sonrasa Fransan\u0131n \u0259caib-q\u0259raib \u201cb\u0259yanat\u201d\u0131 peyda oldu v\u0259 Az\u0259rbaycan az qala, Erm\u0259nistan\u0131n \u0259razil\u0259rini i\u015f\u011fal etm\u0259kd\u0259 ittiham olundu&#8230;<\/p>\n<p>\u0130ndi biz bunlar\u0131n hans\u0131n\u0131 erm\u0259ni siyas\u0259tinin \u0259sas t\u0259zah\u00fcr\u00fc kimi q\u0259bul ed\u0259k? M\u0259s\u0259l\u0259nin daha bir q\u0259liz t\u0259r\u0259fi budur ki, Erm\u0259nistan siyas\u0259tind\u0259ki ha\u00e7alanmalar, m\u00fcr\u0259kk\u0259blikl\u0259r bu g\u00fcn\u00fcn i\u015fi deyil. Klassik erm\u0259ni h\u0259yas\u0131zl\u0131\u011f\u0131 bir t\u0259r\u0259f\u0259, Nikol Pa\u015finyan hakimiyy\u0259t\u0259 g\u0259l\u0259nd\u0259n, dem\u0259k olar ki, h\u0259r g\u00fcn bel\u0259 edir \u2013 g\u00fcnortaya q\u0259d\u0259r bir s\u00f6z deyir, g\u00fcnortandan sonra is\u0259 tamam ba\u015fqa!<\/p>\n<p>\u018flb\u0259tt\u0259, Nikol Pa\u015finyan Robert Ko\u00e7aryan, Serj Sarqsyan deyil, onu s\u00fclh\u0259 do\u011fru y\u00f6n\u0259ltm\u0259k olar. Adamda h\u0259tta b\u0259z\u0259n bel\u0259 t\u0259s\u0259vv\u00fcr yaran\u0131r ki, bu adam \u00f6z c\u0259miyy\u0259tini s\u00fclh\u0259 haz\u0131rlama\u011fa \u00e7al\u0131\u015f\u0131r. Bu is\u0259 el\u0259 d\u0259 asan m\u0259s\u0259l\u0259 deyil, \u0259n az\u0131 ona g\u00f6r\u0259 ki, Levon Ter-Petrosyan kimi bir adam \u0259sl g\u00fcz\u0259\u015ftl\u0259r, \u0259sl s\u00fclh haqq\u0131nda dan\u0131\u015fma\u011fa c\u0259sar\u0259t etmir. B\u0259li, Pa\u015finyan dan\u0131\u015f\u0131r, amma m\u00fc\u0259yy\u0259n \u201cd\u00fcz\u0259li\u015fl\u0259rl\u0259\u201d \u2013 bir g\u00fcn s\u00fclhd\u0259n d\u0259m vurur, bir g\u00fcn d\u0259 m\u00fcharib\u0259d\u0259n. H\u0259tta Fransan\u0131 bel\u0259 ortada oynadan Nikol Pa\u015finyan v\u0259 onun Erm\u0259nistan\u0131, erm\u0259ni siyas\u0259t\u00e7il\u0259rinin h\u0259yas\u0131z yalvar\u0131\u015flar\u0131d\u0131r. Amma biz\u0259 el\u0259 g\u0259lir ki, c\u0259nab Nikol bir ne\u00e7\u0259 m\u0259qam\u0131 tamam unudur.<\/p>\n<p>Birincisi, revan\u015fizm indiki erm\u0259ni siyas\u0259tind\u0259 abstrakt bir \u015fey deyil v\u0259 onlar\u0131n \u00f6z siyasi d\u00fc\u015f\u0259rg\u0259si var. Qoy, Pa\u015finyan ya bu d\u00fc\u015f\u0259rg\u0259d\u0259 yer als\u0131n, ya da \u00f6z yolunu tutsun.<\/p>\n<p>Ona Fransa v\u0259 yaxud da \u0130ran g\u00fcnd\u0259 bir \u015fey deyib d\u00fcz yolundan sap\u0131nd\u0131racaqsa, N.Pa\u015finyan b\u00fct\u00fcn bu c\u0259hdl\u0259r\u0259 \u201cf\u00fcrs\u0259tdir!\u201d deyib g\u00fcnd\u0259 bir h\u0259rbi t\u0259xribat t\u00f6r\u0259d\u0259c\u0259ks\u0259, bu, siyas\u0259t olmayacaq, bununla \u00f6lk\u0259 idar\u0259 etm\u0259k m\u00fcmk\u00fcn deyil.<\/p>\n<p>\u0130kincisi, b\u0259z\u0259n Q\u0259rbin d\u0259st\u0259yi Pa\u015finyan\u0131n a\u011fl\u0131n\u0131 \u0259lind\u0259n al\u0131r. Biz Fransan\u0131 demirik, Paris, prinsipc\u0259, \u0259vv\u0259l d\u0259 bel\u0259 idi. Makron \u0130r\u0259van\u0131 \u201cFrankofoniya sammiti\u201dn\u0259 d\u0259v\u0259t edir, Nikol Sarkozi is\u0259 Erm\u0259nistan\u0131 \u201cFransan\u0131n bac\u0131s\u0131\u201d adland\u0131r\u0131rd\u0131. Yaln\u0131z prezident Jak \u015eirak nisbi neytrall\u0131q n\u00fcmayi\u015f etdirm\u0259y\u0259 c\u0259hd edirdi. Amma bunu b\u00fct\u00fcn Q\u0259rb haqda, x\u00fcsus\u0259n d\u0259 AB\u015e haqq\u0131nda dem\u0259k olmur, baxmayaraq ki, Bayden qondarma \u201cerm\u0259ni genosidini\u201d tan\u0131yan ilk AB\u015e prezidenti oldu.<\/p>\n<p>Amma g\u00fcman ki, Pa\u015finyan ona AB\u015e-\u0131n da ilk m\u00fcnasib\u0259tini yaddan \u00e7\u0131xarmay\u0131b\u2013 bir vaxt onu h\u0259tta Kaliforniyan\u0131n meri bel\u0259 q\u0259bul etmirdi. Ona g\u00f6r\u0259 ki, Pa\u015finyan da \u00f6z\u00fcn\u00fcn siyasi s\u0259l\u0259fl\u0259ri \u2013 Ko\u00e7aryan v\u0259 Sarqsyan kimi destruktiv m\u00f6vqeyini davam etdirirdi.<\/p>\n<p>AB\u015e Pa\u015finyana indi ona g\u00f6r\u0259 d\u0259st\u0259k verir ki, haz\u0131rda v\u0259ziyy\u0259t d\u0259yi\u015fib. Bir vaxt Va\u015finqton israr edirdi ki, status-kvo m\u0259qbul say\u0131la bilm\u0259z. Haz\u0131rda m\u00fcnaqi\u015f\u0259nin b\u00f6y\u00fck bir m\u0259rh\u0259l\u0259si arxada qal\u0131b, Az\u0259rbaycan i\u015f\u011fal alt\u0131nda olan rayonlar\u0131n\u0131n \u0259sas hiss\u0259sini azad edib. Bir buna g\u00f6r\u0259, bir d\u0259 Rusiyan\u0131n ba\u015f\u0131n\u0131n Ukraynada m\u00fcharib\u0259d\u0259 qar\u0131\u015fd\u0131\u011f\u0131na g\u00f6r\u0259, Va\u015finqtonda bel\u0259 hesab edirl\u0259r ki, indi n\u0259s\u0259 etm\u0259k olar&#8230;<\/p>\n<p>\u00dc\u00e7\u00fcnc\u00fcs\u00fc, erm\u0259ni c\u0259miyy\u0259ti revan\u015fistl\u0259rd\u0259n g\u00fccl\u00fc \u00e7\u0131xd\u0131 &#8211; \u0259g\u0259r c\u0259miyy\u0259td\u0259 revan\u015fizm ovqat\u0131 g\u00fccl\u00fc olsayd\u0131, eyni adl\u0131 siyasi d\u00fc\u015f\u0259rg\u0259 b\u00f6y\u00fck d\u0259st\u0259k alar v\u0259 Pa\u015finyan\u0131 devir\u0259rdi. Amma bel\u0259 olmad\u0131 v\u0259 h\u0259l\u0259 ki c\u0259miyy\u0259t Pa\u015finyan\u0131 d\u0259st\u0259kl\u0259m\u0259kd\u0259 davam edir. Amma Nikol bundan \u201cuza\u011fa ged\u0259n n\u0259tic\u0259\u201dl\u0259r \u00e7\u0131xarmamal\u0131d\u0131r. Siyas\u0259td\u0259 \u201c\u0259b\u0259di m\u0259h\u0259bb\u0259t\u201d olmur, h\u0259r \u015fey avans \u015f\u0259klind\u0259 olur. S\u0259n\u0259 vaxt verilir. Bu m\u00fcdd\u0259t \u0259rzind\u0259 n\u0259s\u0259 etdins\u0259, \u0259lav\u0259 d\u0259st\u0259k alacaqsan, yox, etm\u0259dins\u0259, onda \u00f6z\u00fcnd\u0259n k\u00fcs.<\/p>\n","protected":false},"excerpt":{"rendered":"<p>Dild\u0259 bir s\u00f6z dem\u0259k, \u0259m\u0259ld\u0259s\u0259 tamam ba\u015fqa bir \u015fey etm\u0259k! \u018fslind\u0259 bu qayda siyas\u0259t \u00fc\u00e7\u00fcn el\u0259 bir yenilik deyil. Y\u00fcz ill\u0259r \u0259rzind\u0259 bundan da s\u0259rt, bundan da m\u0259krli siyasi qaydalar olub&#8230; G\u00fcman ki, soru\u015facaqs\u0131n\u0131z, bunu niy\u0259, hans\u0131 s\u0259b\u0259bl\u0259rd\u0259n xat\u0131rlatd\u0131m. B\u0259li, bir ne\u00e7\u0259 g\u00fcn bundan \u0259vv\u0259l daha bir erm\u0259ni h\u0259rbi t\u0259xribat\u0131n\u0131n \u015fahidi olduq. Bizim \u00fc\u00e7 \u015f\u0259hidimiz oldu. Erm\u0259nil\u0259r bizd\u0259n d\u0259 art\u0131q itki verdil\u0259r \u2013onlardan d\u00f6rd n\u0259f\u0259r \u00f6ld\u00fc, bundan qat-qat art\u0131q adamsa a\u011f\u0131r yaraland\u0131.Yaralanm\u0131\u015f erm\u0259nil\u0259r aras\u0131nda h\u0259tta onlar\u0131n korpus komandiri d\u0259 vard\u0131!.. El\u0259 h\u0259min g\u00fcn deyildi ki, ba\u015f nazir Nikol Pa\u015finyan \u00f6z\u00fc&hellip;<\/p>\n","protected":false},"author":2,"featured_media":589850,"comment_status":"closed","ping_status":"closed","sticky":false,"template":"","format":"standard","meta":{"om_disable_all_campaigns":false,"_monsterinsights_skip_tracking":false,"_monsterinsights_sitenote_active":false,"_monsterinsights_sitenote_note":"","_monsterinsights_sitenote_category":0},"categories":[1],"tags":[],"aioseo_notices":[],"gutentor_comment":0,"rttpg_featured_image_url":{"full":["https:\/\/arantv.az\/wp-content\/uploads\/2023\/04\/bca106eed3e0bc05d508e68815008dc5.jpg",408,230,false],"landscape":["https:\/\/arantv.az\/wp-content\/uploads\/2023\/04\/bca106eed3e0bc05d508e68815008dc5.jpg",408,230,false],"portraits":["https:\/\/arantv.az\/wp-content\/uploads\/2023\/04\/bca106eed3e0bc05d508e68815008dc5.jpg",408,230,false],"thumbnail":["https:\/\/arantv.az\/wp-content\/uploads\/2023\/04\/bca106eed3e0bc05d508e68815008dc5.jpg",408,230,false],"medium":["https:\/\/arantv.az\/wp-content\/uploads\/2023\/04\/bca106eed3e0bc05d508e68815008dc5.jpg",408,230,false],"large":["https:\/\/arantv.az\/wp-content\/uploads\/2023\/04\/bca106eed3e0bc05d508e68815008dc5.jpg",408,230,false],"1536x1536":["https:\/\/arantv.az\/wp-content\/uploads\/2023\/04\/bca106eed3e0bc05d508e68815008dc5.jpg",408,230,false],"2048x2048":["https:\/\/arantv.az\/wp-content\/uploads\/2023\/04\/bca106eed3e0bc05d508e68815008dc5.jpg",408,230,false],"post-thumbnail":["https:\/\/arantv.az\/wp-content\/uploads\/2023\/04\/bca106eed3e0bc05d508e68815008dc5-240x172.jpg",240,172,true],"advps-thumb-one":["https:\/\/arantv.az\/wp-content\/uploads\/2023\/04\/bca106eed3e0bc05d508e68815008dc5.jpg",408,230,false]},"rttpg_author":{"display_name":"V\u00fcsal Rafiqo\u011flu","author_link":"https:\/\/arantv.az\/?author=2"},"rttpg_comment":0,"rttpg_category":"<a href=\"https:\/\/arantv.az\/?cat=1\" rel=\"category\">C\u0259miyy\u0259t<\/a>","rttpg_excerpt":"Dild\u0259 bir s\u00f6z dem\u0259k, \u0259m\u0259ld\u0259s\u0259 tamam ba\u015fqa bir \u015fey etm\u0259k! \u018fslind\u0259 bu qayda siyas\u0259t \u00fc\u00e7\u00fcn el\u0259 bir yenilik deyil. Y\u00fcz ill\u0259r \u0259rzind\u0259 bundan da s\u0259rt, bundan da m\u0259krli siyasi qaydalar olub&#8230; G\u00fcman ki, soru\u015facaqs\u0131n\u0131z, bunu niy\u0259, hans\u0131 s\u0259b\u0259bl\u0259rd\u0259n xat\u0131rlatd\u0131m. B\u0259li, bir ne\u00e7\u0259 g\u00fcn bundan \u0259vv\u0259l daha bir erm\u0259ni h\u0259rbi t\u0259xribat\u0131n\u0131n \u015fahidi olduq. Bizim \u00fc\u00e7 \u015f\u0259hidimiz&hellip;","_links":{"self":[{"href":"https:\/\/arantv.az\/index.php?rest_route=\/wp\/v2\/posts\/589849"}],"collection":[{"href":"https:\/\/arantv.az\/index.php?rest_route=\/wp\/v2\/posts"}],"about":[{"href":"https:\/\/arantv.az\/index.php?rest_route=\/wp\/v2\/types\/post"}],"author":[{"embeddable":true,"href":"https:\/\/arantv.az\/index.php?rest_route=\/wp\/v2\/users\/2"}],"replies":[{"embeddable":true,"href":"https:\/\/arantv.az\/index.php?rest_route=%2Fwp%2Fv2%2Fcomments&post=589849"}],"version-history":[{"count":0,"href":"https:\/\/arantv.az\/index.php?rest_route=\/wp\/v2\/posts\/589849\/revisions"}],"wp:featuredmedia":[{"embeddable":true,"href":"https:\/\/arantv.az\/index.php?rest_route=\/wp\/v2\/media\/589850"}],"wp:attachment":[{"href":"https:\/\/arantv.az\/index.php?rest_route=%2Fwp%2Fv2%2Fmedia&parent=589849"}],"wp:term":[{"taxonomy":"category","embeddable":true,"href":"https:\/\/arantv.az\/index.php?rest_route=%2Fwp%2Fv2%2Fcategories&post=589849"},{"taxonomy":"post_tag","embeddable":true,"href":"https:\/\/arantv.az\/index.php?rest_route=%2Fwp%2Fv2%2Ftags&post=589849"}],"curies":[{"name":"wp","href":"https:\/\/api.w.org\/{rel}","templated":true}]}}