{"id":589855,"date":"2023-04-15T11:00:56","date_gmt":"2023-04-15T07:00:56","guid":{"rendered":"https:\/\/arantv.az\/?p=589855"},"modified":"2023-04-15T11:00:56","modified_gmt":"2023-04-15T07:00:56","slug":"t%c9%99briz-konsullugumuza-yeni-terror-t%c9%99hdidi-bu-d%c9%99f%c9%99-quds-gunu-b%c9%99han%c9%99si","status":"publish","type":"post","link":"https:\/\/arantv.az\/?p=589855","title":{"rendered":"T\u0259briz konsullu\u011fumuza yeni terror t\u0259hdidi &#8211; bu d\u0259f\u0259 \u201cQ\u00fcds g\u00fcn\u00fc\u201d b\u0259han\u0259si"},"content":{"rendered":"<h3><strong>Tehran rejimi Ba\u015f Konsullu\u011fun ba\u011flanmas\u0131na nail olmaq ist\u0259yir? &#8211; \u00fc\u00e7 r\u0259y<\/strong><\/h3>\n<p>Yay\u0131lan x\u0259b\u0259rl\u0259r\u0259 g\u00f6r\u0259, Az\u0259rbaycan\u0131n T\u0259brizd\u0259ki Ba\u015f Konsullu\u011fu qar\u015f\u0131s\u0131nda anti-Az\u0259rbaycan v\u0259 panfarsist q\u00fcvv\u0259l\u0259rin yeni t\u0259xribat\u0131 planla\u015fd\u0131r\u0131l\u0131r.<\/p>\n<p>M\u0259lumatlara g\u00f6r\u0259, t\u0259xribat aprelin 14-d\u0259 \u201cQ\u00fcds g\u00fcn\u00fc\u201d il\u0259 ba\u011fl\u0131 (h\u0259r il Ramazan ay\u0131n\u0131n ax\u0131r\u0131nc\u0131 c\u00fcm\u0259 g\u00fcn\u00fc qeyd olunur) konsullu\u011fun qar\u015f\u0131s\u0131nda ke\u00e7iril\u0259c\u0259k aksiya Az\u0259rbaycan\u0131n \u0130sraild\u0259ki s\u0259firliyinin ba\u011flanmas\u0131 v\u0259 diplomatlardan T\u0259brizi t\u0259rk etm\u0259l\u0259ri formas\u0131nda t\u0259\u015fkil olunmal\u0131 idi. \u00d6z\u00fc d\u0259 bu c\u00fcr aksiyan\u0131n m\u0259hz az\u0259rbaycanl\u0131lar\u0131n hesab\u0131na izdihaml\u0131 edilm\u0259sinin planla\u015fd\u0131r\u0131ld\u0131\u011f\u0131 m\u0259lumatlar s\u0131ras\u0131ndad\u0131r.<\/p>\n<p>Bel\u0259 bir r\u0259y yaratmaq h\u0259d\u0259f g\u00f6t\u00fcr\u00fcl\u00fcb ki, guya g\u00fcneylil\u0259r d\u0259 Az\u0259rbaycan d\u00f6vl\u0259tind\u0259n naraz\u0131d\u0131r. Bununla da fars rejimi c\u0259nubdak\u0131 soyda\u015flar\u0131m\u0131zda h\u0259m d\u0259 Az\u0259rbaycan d\u00f6vl\u0259tin\u0259 qar\u015f\u0131 inams\u0131zl\u0131q yaratmaq niyy\u0259ti g\u00fcd\u00fcr. M\u0259qs\u0259d h\u0259m\u00e7inin Az\u0259rbaycan\u0131n \u201cpersona-non-qrata\u201d elan etdiyi 4 diplomat\u0131n heyfini almaq v\u0259 \u00fcmumiyy\u0259tl\u0259, konsulluq binas\u0131n\u0131n tamamil\u0259 ba\u011flanmas\u0131na nail olmaqd\u0131r. Diplomatlar\u0131m\u0131za qar\u015f\u0131 terror akt\u0131 da istisna edilmir. B\u00f6y\u00fck ehtimalla, molla rejiminin m\u0259krli plan\u0131na qar\u015f\u0131 G\u00fcney Az\u0259rbaycan t\u00fcrkl\u0259ri s\u0259ssiz qalmayacaq. \u00c7\u00fcnki\u00a0 bura s\u0259firlik binas\u0131n\u0131n yerl\u0259\u015fdiyi Tehran deyil, T\u0259brizdir.<\/p>\n<p>T\u0259xribat n\u0259tic\u0259sind\u0259 konsulluq ba\u011flanarsa, bunun ikit\u0259r\u0259fli m\u00fcnasib\u0259tl\u0259r \u00fc\u00e7\u00fcn hans\u0131 n\u0259tic\u0259l\u0259ri olacaq? Az\u0259rbaycandak\u0131 \u0130ran s\u0259firliyi d\u0259 ba\u011flanacaqm\u0131? Maraql\u0131d\u0131r ki, bu \u0259r\u0259f\u0259d\u0259 \u0130ran s\u0259firi Mus\u0259vi Prezidentin k\u00f6m\u0259k\u00e7isi Hikm\u0259t Hac\u0131zad\u0259 il\u0259 g\u00f6r\u00fc\u015f\u00fcb. Fars-molla rejimi bununla n\u0259 dem\u0259k ist\u0259yir?<\/p>\n<p><img src=\"https:\/\/adalet.az\/uploads\/img\/posts\/2023\/01\/30\/38jpg-1675068165.jpg\" alt=\"Tural \u0130smay\u0131lov: \u0130ran\u0131n mollakratiya \u015f\u00fcuru \u00f6z\u00fcn\u0259 yeni d\u00fc\u015fm\u0259n axtar\u0131r\" width=\"700\" \/><\/p>\n<p><strong>Sosial T\u0259dqiqatlar M\u0259rk\u0259zinin siyasi eksperti Tural \u0130smay\u0131lov xat\u0131rlatd\u0131 ki, T\u0259brizd\u0259ki Ba\u015f Konsullu\u011fumuza qar\u015f\u0131 indiy\u0259 q\u0259d\u0259r bir ne\u00e7\u0259 d\u0259f\u0259 m\u00fcxt\u0259lif formalarda t\u0259xribatlar h\u0259yata ke\u00e7irilib:<\/strong>\u00a0\u201cBu t\u0259xribatlar\u0131n arxas\u0131nda is\u0259 \u0130ran\u0131n x\u00fcsusi xidm\u0259t orqanlar\u0131 dayan\u0131b. \u018fsas\u0259n d\u0259 t\u0259xribatlarda Az\u0259rbaycan\u0131n sekulyar d\u00f6vl\u0259t modelinin \u0259leyhin\u0259 olan &#8220;Huseyniyun&#8221; radikal t\u0259\u015fkilat\u0131n\u0131n \u00fczvl\u0259ri f\u0259all\u0131q n\u00fcmayi\u015f etdirirl\u0259r. Bundan \u0259vv\u0259l d\u0259 \u0130ran parlamenti Az\u0259rbaycan \u0259leyhin\u0259 qondarma s\u0259n\u0259d q\u0259bul ed\u0259rk\u0259n h\u0259min terror t\u0259\u015fkilat\u0131 T\u0259brizd\u0259ki konsullu\u011fumuzun qar\u015f\u0131s\u0131nda t\u0259xribatlar edirdil\u0259r.<\/p>\n<p>Az\u0259rbaycan\u0131n Tehrandak\u0131 s\u0259firliyinin m\u0259lum terror hadis\u0259si il\u0259 \u0259laq\u0259dar f\u0259aliyy\u0259tini dayand\u0131rd\u0131qdan sonra \u0130rana ba\u011fl\u0131 olan trol \u015f\u0259b\u0259k\u0259l\u0259ri v\u0259 terror qruplar\u0131n\u0131n yeni h\u0259d\u0259fi Az\u0259rbaycan\u0131n T\u0259brizd\u0259ki Ba\u015f Konsullu\u011fudur. Az qala h\u0259r g\u00fcn konsullu\u011fun qar\u015f\u0131s\u0131nda Az\u0259rbaycana qar\u015f\u0131, Az\u0259rbaycan\u0131 a\u015fa\u011f\u0131layan, h\u0259d\u0259l\u0259yici t\u0259rzd\u0259 t\u0259xribat aksiyalar\u0131, t\u0259xribat\u00e7\u0131 h\u0259r\u0259k\u0259tl\u0259r edirl\u0259r. Bel\u0259 g\u00f6r\u00fcn\u00fcr ki, \u0130ran hakimiyy\u0259ti d\u0259 bu h\u0259r\u0259k\u0259tl\u0259rin qar\u015f\u0131s\u0131n\u0131 almaq \u0259v\u0259zin\u0259 onlara \u015f\u0259rait yarad\u0131r. \u0130ran xarici i\u015fl\u0259r naziri il\u0259 Az\u0259rbaycan xarici i\u015fl\u0259r naziri aras\u0131nda iki \u00f6lk\u0259nin m\u00fcnasib\u0259tl\u0259rinin d\u00fcz\u0259ldilm\u0259si il\u0259 ba\u011fl\u0131 dan\u0131\u015f\u0131qlar\u0131n apar\u0131ld\u0131\u011f\u0131 bir vaxtda T\u0259brizd\u0259ki Az\u0259rbaycan Konsullu\u011funa qar\u015f\u0131 t\u0259xribatlar\u0131n h\u0259yata ke\u00e7irilm\u0259si \u0130ran hakimiyy\u0259tinin s\u0259mimi olmad\u0131\u011f\u0131n\u0131, \u0259sl mahiyy\u0259tini ortaya qoyur.<\/p>\n<p>Rejimin biz\u0259 qar\u015f\u0131 add\u0131mlar\u0131 g\u00f6zl\u0259nilm\u0259z deyil. Konsullu\u011fumuza qar\u015f\u0131 h\u0259r c\u00fcr t\u0259xribatlar\u0131n t\u0259\u015fkil edilm\u0259si m\u00fcmk\u00fcnd\u00fcr. Tehran sanki h\u0259r v\u0259chl\u0259 m\u00fcnasib\u0259tl\u0259ri g\u0259rginl\u0259\u015fdirm\u0259k ist\u0259yir. Sanki T\u0259brizd\u0259ki Ba\u015f Konsullu\u011fumuzun da ba\u011flanmas\u0131n\u0131 ist\u0259yirl\u0259r. T\u0259briz az\u0259rbaycanl\u0131lar\u0131n tarixi q\u0259dim \u015f\u0259h\u0259ridir. Bel\u0259 g\u00f6r\u00fcn\u00fcr ki, Tehran rejimi T\u0259brizd\u0259 m\u00fcst\u0259qil Az\u0259rbaycan Respublikas\u0131n\u0131n Ba\u015f Konsullu\u011funun m\u00f6vcudlu\u011funu q\u0259bul ed\u0259 bilmir. El\u0259 v\u0259ziyy\u0259t yaratmaq ist\u0259yirl\u0259r ki, Az\u0259rbaycan \u00f6z\u00fc konsulluqla ba\u011fl\u0131 q\u0259rar versin&#8221;.<\/p>\n<p><img src=\"https:\/\/hafta.az\/photos\/2020\/01\/xxxxx-1578473211.jpg\" alt=\"AM\u0130P-d\u0259n h\u0259l\u0259lik namiz\u0259dliyi qeyd\u0259 al\u0131nan birc\u0259 m\u0259n\u0259m\u201d - \u018fli Orucov |  Hafta.az\" width=\"700\" \/><\/p>\n<p><strong>Siyasi ekspert \u018fli Orucov\u00a0 bildirdi ki, \u0130ran\u0131n son vaxtlar Bak\u0131ya davaml\u0131 t\u0259zyiql\u0259ri Az\u0259rbaycan\u0131n \u0130sraild\u0259 s\u0259firlik a\u00e7mas\u0131 il\u0259 ba\u011fl\u0131 deyil:<\/strong>\u00a0\u201cS\u0259firliyin f\u0259aliyy\u0259ti molla rejimi \u00fc\u00e7\u00fcn bir b\u0259han\u0259dir. Tehran\u0131 ciddi narahat ed\u0259n v\u0259 aqressivl\u0259\u015fdir\u0259n s\u0259b\u0259bl\u0259r tamam ayr\u0131d\u0131r. X\u00fcsus\u0259n d\u0259 44 g\u00fcnl\u00fck m\u00fcharib\u0259d\u0259n sonra Az\u0259rbaycan\u0131n parlaq q\u0259l\u0259b\u0259si v\u0259 regional, h\u0259m\u00e7inin beyn\u0259lxalq n\u00fcfuzunun artmas\u0131 molla rejimi \u00fc\u00e7\u00fcn arzuolunmaz yeni reall\u0131qlar yarad\u0131b. \u0130\u015f\u011fal d\u00f6n\u0259mind\u0259 Az\u0259rbaycan\u0131n \u0130ranla ehtiyatl\u0131 davran\u0131\u015f\u0131 v\u0259 m\u00fcnasib\u0259tl\u0259rd\u0259ki m\u00fclayimlik r\u0259smi Tehran\u0131n \u0259sl xisl\u0259tini p\u0259rd\u0259l\u0259m\u0259y\u0259 imkan verirdi. H\u0259tta bu imkanlardan o q\u0259d\u0259r sui-istifad\u0259y\u0259 yol verildi ki, molla rejimi geni\u015f casus \u015f\u0259b\u0259k\u0259si yaratma\u011fa nail oldu. N\u0259z\u0259r\u0259 almal\u0131y\u0131q ki, fars \u015fovinizmi fa\u015fizm q\u0259d\u0259r t\u0259hl\u00fck\u0259li v\u0259 y\u0131rt\u0131c\u0131d\u0131r. G\u00fcney Az\u0259rbaycanda bu \u015fovinizmin h\u0259r yerd\u0259 izini\u00a0 g\u00f6rm\u0259k m\u00fcmk\u00fcnd\u00fcr. \u0130ran onsuz da Az\u0259rbaycan\u0131n m\u00fcst\u0259qilliyini \u00f6z\u00fcn\u0259 t\u0259hdid kimi q\u0259bul edib v\u0259 zahir\u0259n dostluqdan, mehriban qon\u015fuluqdan dan\u0131\u015fsa da \u0259slind\u0259 gec-tez B\u00fct\u00f6v Az\u0259rbaycan ideyas\u0131n\u0131n ger\u00e7\u0259kl\u0259\u015f\u0259c\u0259yind\u0259n h\u0259mi\u015f\u0259 qorxu v\u0259 t\u0259\u015fvi\u015f i\u00e7\u0259risind\u0259 olub. Odur ki, g\u00fccl\u00fc Az\u0259rbaycan Tehran\u0131n qorxulu r\u00f6yas\u0131 olub.<\/p>\n<p>Bu s\u0259b\u0259bd\u0259n i\u015f\u011fal\u00e7\u0131 Erm\u0259nistana, el\u0259c\u0259 d\u0259 biziml\u0259 dost olmayanlara h\u0259r c\u00fcr d\u0259st\u0259k verib. \u0130ran h\u0259m d\u0259 beyn\u0259lxalq terroru d\u0259st\u0259kl\u0259y\u0259n v\u0259 terror yuvas\u0131 olan bir d\u00f6vl\u0259tdir. Molla rejimi laz\u0131m bildiyi vaxtlarda r\u0259qibl\u0259ri hesab etdikl\u0259rin\u0259 qar\u015f\u0131 terror aktlarl t\u00f6r\u0259tm\u0259kd\u0259n d\u0259 \u00e7\u0259kinm\u0259yib. Bunun daha bir bariz n\u00fcmun\u0259si Tehrandak\u0131 s\u0259firliyimiz\u0259 qar\u015f\u0131 h\u0259yata ke\u00e7iril\u0259n terror akt\u0131 oldu. Tehran h\u0259r iki d\u00f6vl\u0259t aras\u0131nda raz\u0131la\u015fmalara baxmayaraq Az\u0259rbaycan\u0131n T\u0259brizd\u0259 Konsullu\u011funun a\u00e7\u0131lmas\u0131na imkan vermirdi v\u0259 bu proses ill\u0259rl\u0259 vaxt ald\u0131. \u018flin\u0259 b\u0259han\u0259 d\u00fc\u015f\u00fcb ki, h\u0259min konsullu\u011fu ba\u011flas\u0131n v\u0259 f\u0259aliyy\u0259tini dayand\u0131rs\u0131n. M\u0259n z\u0259nn etmir\u0259m ki, bunu g\u00fcneyli soyda\u015flar\u0131m\u0131z\u0131n \u0259li v\u0259 i\u015ftirak\u0131 il\u0259 h\u0259yata ke\u00e7ir\u0259 bilsin. Ola bil\u0259r qorxu yaratmaqla, h\u0259d\u0259-qorxu g\u0259lm\u0259kl\u0259, \u015fantaj etm\u0259kl\u0259 b\u0259zi soyda\u015flar\u0131m\u0131z\u0131 buna m\u0259cbur el\u0259sinl\u0259r. Lakin bu, Tehran\u0131n ist\u0259diyi effekti verm\u0259y\u0259c\u0259k. \u0130ran\u0131n soyda\u015flar\u0131m\u0131za qar\u015f\u0131 repressiyalar\u0131, assimilyasiya siyas\u0259ti on ill\u0259rdir ki, davam ets\u0259 d\u0259, g\u00fcneyli soyda\u015flar\u0131m\u0131z\u0131n milli ruhunu v\u0259 oyan\u0131\u015f\u0131n\u0131 s\u0131nd\u0131ra bilm\u0259yib&#8221;.<\/p>\n<p><strong><img src=\"https:\/\/azvision.az\/photos\/niyameddin%20orduxanli%20020613.jpg\" alt=\"Niyam\u0259ddin Orduxanl\u0131 MSK-n\u0131n \u0259v\u0259zedici \u00fczv\u00fc se\u00e7ildi\" width=\"700\" \/><\/strong><\/p>\n<p><strong>Siyasi \u015f\u0259rh\u00e7i Niyam\u0259ddin Orduxanl\u0131 is\u0259 bildirdi ki, \u0130ran fars molla rejimi m\u0259qs\u0259dli \u015f\u0259kild\u0259 Az\u0259rbaycan\u0131n T\u0259brizd\u0259ki Ba\u015f Konsullu\u011funu h\u0259d\u0259f\u0259 al\u0131b:<\/strong>\u00a0\u201cBir nec\u0259 g\u00fcn bundan qabaq konsullu\u011fun qar\u015f\u0131s\u0131nda t\u0259xribat t\u00f6r\u0259tdil\u0259r. N\u00f6vb\u0259ti t\u0259xribatlara \u0259l at\u0131lmas\u0131 g\u00f6zl\u0259nil\u0259ndir. G\u00f6r\u00fcn\u00fcr, panfarsist q\u00fcvv\u0259l\u0259r Az\u0259rbaycan\u0131n T\u0259brizd\u0259ki Konsullu\u011funun f\u0259aliyy\u0259t g\u00f6st\u0259rm\u0259sini ist\u0259mirl\u0259r v\u0259 t\u0259xribatlar t\u00f6r\u0259tm\u0259kl\u0259 ba\u011flanmas\u0131n\u0131 arzulay\u0131rlar. Nec\u0259 ki, Tehrandak\u0131 s\u0259firliyimiz\u0259 qar\u015f\u0131 terror akt\u0131 t\u00f6r\u0259tdil\u0259r, biz d\u0259 s\u0259f\u0259rliyimizin f\u0259aliyy\u0259tini dayand\u0131rd\u0131q. \u0130ran rejimi \u0130sraild\u0259 s\u0259firlik a\u00e7ma\u011f\u0131m\u0131za g\u00fcneyli soyda\u015flar\u0131m\u0131z\u0131n etiraz etm\u0259si g\u00f6r\u00fcnt\u00fcs\u00fcn\u00fc yaratmaq ist\u0259yir. Bunu m\u0259qs\u0259dli \u015f\u0259kild\u0259 edirl\u0259r. T\u0259brizin Bak\u0131ya qar\u015f\u0131 oldu\u011funu g\u00f6st\u0259rm\u0259k ist\u0259yirl\u0259r. Terror akt\u0131n\u0131n olaca\u011f\u0131n\u0131 da istisna etmir\u0259m. 4 n\u0259f\u0259ri arzuolunmaz \u015f\u0259xs elan etm\u0259yimizi d\u0259h\u015f\u0259tli d\u0259r\u0259c\u0259d\u0259 aqressiv qar\u015f\u0131lay\u0131blar. Ancaq d\u00fc\u015f\u00fcn\u00fcr\u0259m ki, bu g\u00fcn \u0130ran s\u0259firliyinin Bak\u0131da f\u0259aliyy\u0259t g\u00f6st\u0259rm\u0259sin\u0259 ehtiyac yoxdur. N\u0259 zaman \u0130ran-Az\u0259rbaycan m\u00fcnasib\u0259tl\u0259ri normalla\u015farsa, Tehranda s\u0259firliyimizin f\u0259aliyy\u0259ti b\u0259rpa olarsa, o zaman onlar da f\u0259aliyy\u0259t g\u00f6st\u0259r\u0259 bil\u0259r.<\/p>\n<p>H\u0259r g\u00fcn \u0130ran\u0131n \u201cS\u0259h\u0259r\u201d kanal\u0131 Az\u0259rbaycana nifr\u0259t p\u00fcsk\u00fcr\u00fcr, t\u0259hdid edir, t\u0259hqir dili il\u0259 dan\u0131\u015f\u0131r. \u018fn maraql\u0131s\u0131 odur ki, h\u0259min verili\u015fl\u0259ri C\u0259nubi Az\u0259rbaycanda ya\u015fayan 40 milyonluq soyda\u015f\u0131m\u0131z g\u00f6r\u0259 bilmir. Niy\u0259 g\u00f6st\u0259rmirsiniz onlara? Ancaq Quzey Az\u0259rbaycanda ya\u015fayanlar h\u0259min verili\u015fi g\u00f6r\u0259 bilir. Bunu da q\u0259sd\u0259n edirl\u0259r. T\u00fcrkiy\u0259 Prezidenti \u018frro\u011fan\u0131n \u0130ran Prezidentin\u0259 z\u0259ngind\u0259n v\u0259 Rusiyan\u0131n r\u0259smi \u015f\u0259xsinin \u0130rana s\u0259f\u0259rind\u0259n sonra \u0130ran X\u0130N ba\u015f\u00e7\u0131s\u0131 bizim xarici i\u015fl\u0259r nazirimiz\u0259 z\u0259ng etdi. S\u0259fir \u0130ran\u0131n r\u0259smi tap\u015f\u0131r\u0131qlar\u0131n\u0131 yerin\u0259 yetirir v\u0259 b\u00f6y\u00fck s\u0259lahiyy\u0259t sahibi deyil&#8221;.<\/p>\n","protected":false},"excerpt":{"rendered":"<p>Tehran rejimi Ba\u015f Konsullu\u011fun ba\u011flanmas\u0131na nail olmaq ist\u0259yir? &#8211; \u00fc\u00e7 r\u0259y Yay\u0131lan x\u0259b\u0259rl\u0259r\u0259 g\u00f6r\u0259, Az\u0259rbaycan\u0131n T\u0259brizd\u0259ki Ba\u015f Konsullu\u011fu qar\u015f\u0131s\u0131nda anti-Az\u0259rbaycan v\u0259 panfarsist q\u00fcvv\u0259l\u0259rin yeni t\u0259xribat\u0131 planla\u015fd\u0131r\u0131l\u0131r. M\u0259lumatlara g\u00f6r\u0259, t\u0259xribat aprelin 14-d\u0259 \u201cQ\u00fcds g\u00fcn\u00fc\u201d il\u0259 ba\u011fl\u0131 (h\u0259r il Ramazan ay\u0131n\u0131n ax\u0131r\u0131nc\u0131 c\u00fcm\u0259 g\u00fcn\u00fc qeyd olunur) konsullu\u011fun qar\u015f\u0131s\u0131nda ke\u00e7iril\u0259c\u0259k aksiya Az\u0259rbaycan\u0131n \u0130sraild\u0259ki s\u0259firliyinin ba\u011flanmas\u0131 v\u0259 diplomatlardan T\u0259brizi t\u0259rk etm\u0259l\u0259ri formas\u0131nda t\u0259\u015fkil olunmal\u0131 idi. \u00d6z\u00fc d\u0259 bu c\u00fcr aksiyan\u0131n m\u0259hz az\u0259rbaycanl\u0131lar\u0131n hesab\u0131na izdihaml\u0131 edilm\u0259sinin planla\u015fd\u0131r\u0131ld\u0131\u011f\u0131 m\u0259lumatlar s\u0131ras\u0131ndad\u0131r. Bel\u0259 bir r\u0259y yaratmaq h\u0259d\u0259f g\u00f6t\u00fcr\u00fcl\u00fcb ki, guya g\u00fcneylil\u0259r d\u0259 Az\u0259rbaycan d\u00f6vl\u0259tind\u0259n naraz\u0131d\u0131r. Bununla da fars&hellip;<\/p>\n","protected":false},"author":2,"featured_media":589856,"comment_status":"closed","ping_status":"closed","sticky":false,"template":"","format":"standard","meta":{"om_disable_all_campaigns":false,"_monsterinsights_skip_tracking":false,"_monsterinsights_sitenote_active":false,"_monsterinsights_sitenote_note":"","_monsterinsights_sitenote_category":0},"categories":[19],"tags":[],"aioseo_notices":[],"gutentor_comment":0,"rttpg_featured_image_url":{"full":["https:\/\/arantv.az\/wp-content\/uploads\/2023\/04\/9f4c22de24cdae905583666693605ce9.jpg",600,360,false],"landscape":["https:\/\/arantv.az\/wp-content\/uploads\/2023\/04\/9f4c22de24cdae905583666693605ce9.jpg",600,360,false],"portraits":["https:\/\/arantv.az\/wp-content\/uploads\/2023\/04\/9f4c22de24cdae905583666693605ce9.jpg",600,360,false],"thumbnail":["https:\/\/arantv.az\/wp-content\/uploads\/2023\/04\/9f4c22de24cdae905583666693605ce9-500x280.jpg",500,280,true],"medium":["https:\/\/arantv.az\/wp-content\/uploads\/2023\/04\/9f4c22de24cdae905583666693605ce9.jpg",600,360,false],"large":["https:\/\/arantv.az\/wp-content\/uploads\/2023\/04\/9f4c22de24cdae905583666693605ce9.jpg",600,360,false],"1536x1536":["https:\/\/arantv.az\/wp-content\/uploads\/2023\/04\/9f4c22de24cdae905583666693605ce9.jpg",600,360,false],"2048x2048":["https:\/\/arantv.az\/wp-content\/uploads\/2023\/04\/9f4c22de24cdae905583666693605ce9.jpg",600,360,false],"post-thumbnail":["https:\/\/arantv.az\/wp-content\/uploads\/2023\/04\/9f4c22de24cdae905583666693605ce9-240x172.jpg",240,172,true],"advps-thumb-one":["https:\/\/arantv.az\/wp-content\/uploads\/2023\/04\/9f4c22de24cdae905583666693605ce9.jpg",600,360,false]},"rttpg_author":{"display_name":"V\u00fcsal Rafiqo\u011flu","author_link":"https:\/\/arantv.az\/?author=2"},"rttpg_comment":0,"rttpg_category":"<a href=\"https:\/\/arantv.az\/?cat=19\" rel=\"category\">G\u00fcnd\u0259m<\/a>","rttpg_excerpt":"Tehran rejimi Ba\u015f Konsullu\u011fun ba\u011flanmas\u0131na nail olmaq ist\u0259yir? &#8211; \u00fc\u00e7 r\u0259y Yay\u0131lan x\u0259b\u0259rl\u0259r\u0259 g\u00f6r\u0259, Az\u0259rbaycan\u0131n T\u0259brizd\u0259ki Ba\u015f Konsullu\u011fu qar\u015f\u0131s\u0131nda anti-Az\u0259rbaycan v\u0259 panfarsist q\u00fcvv\u0259l\u0259rin yeni t\u0259xribat\u0131 planla\u015fd\u0131r\u0131l\u0131r. M\u0259lumatlara g\u00f6r\u0259, t\u0259xribat aprelin 14-d\u0259 \u201cQ\u00fcds g\u00fcn\u00fc\u201d il\u0259 ba\u011fl\u0131 (h\u0259r il Ramazan ay\u0131n\u0131n ax\u0131r\u0131nc\u0131 c\u00fcm\u0259 g\u00fcn\u00fc qeyd olunur) konsullu\u011fun qar\u015f\u0131s\u0131nda ke\u00e7iril\u0259c\u0259k aksiya Az\u0259rbaycan\u0131n \u0130sraild\u0259ki s\u0259firliyinin ba\u011flanmas\u0131 v\u0259 diplomatlardan T\u0259brizi&hellip;","_links":{"self":[{"href":"https:\/\/arantv.az\/index.php?rest_route=\/wp\/v2\/posts\/589855"}],"collection":[{"href":"https:\/\/arantv.az\/index.php?rest_route=\/wp\/v2\/posts"}],"about":[{"href":"https:\/\/arantv.az\/index.php?rest_route=\/wp\/v2\/types\/post"}],"author":[{"embeddable":true,"href":"https:\/\/arantv.az\/index.php?rest_route=\/wp\/v2\/users\/2"}],"replies":[{"embeddable":true,"href":"https:\/\/arantv.az\/index.php?rest_route=%2Fwp%2Fv2%2Fcomments&post=589855"}],"version-history":[{"count":0,"href":"https:\/\/arantv.az\/index.php?rest_route=\/wp\/v2\/posts\/589855\/revisions"}],"wp:featuredmedia":[{"embeddable":true,"href":"https:\/\/arantv.az\/index.php?rest_route=\/wp\/v2\/media\/589856"}],"wp:attachment":[{"href":"https:\/\/arantv.az\/index.php?rest_route=%2Fwp%2Fv2%2Fmedia&parent=589855"}],"wp:term":[{"taxonomy":"category","embeddable":true,"href":"https:\/\/arantv.az\/index.php?rest_route=%2Fwp%2Fv2%2Fcategories&post=589855"},{"taxonomy":"post_tag","embeddable":true,"href":"https:\/\/arantv.az\/index.php?rest_route=%2Fwp%2Fv2%2Ftags&post=589855"}],"curies":[{"name":"wp","href":"https:\/\/api.w.org\/{rel}","templated":true}]}}