{"id":589866,"date":"2023-04-15T11:08:41","date_gmt":"2023-04-15T07:08:41","guid":{"rendered":"https:\/\/arantv.az\/?p=589866"},"modified":"2023-04-15T11:08:41","modified_gmt":"2023-04-15T07:08:41","slug":"nazir-az%c9%99rbaycan-idmancilari-ir%c9%99vandaki-hoteld%c9%99n-buraxilmirlar-kiv-l%c9%99-%c9%99laq%c9%99l%c9%99ri-k%c9%99silib-video","status":"publish","type":"post","link":"https:\/\/arantv.az\/?p=589866","title":{"rendered":"Nazir: \u201cAz\u0259rbaycan idman\u00e7\u0131lar\u0131 \u0130r\u0259vandak\u0131 hoteld\u0259n burax\u0131lm\u0131rlar, K\u0130V-l\u0259 \u0259laq\u0259l\u0259ri k\u0259silib\u201d &#8211; V\u0130DEO"},"content":{"rendered":"<article class=\"news\">\n<div class=\"news-inner\">\n<p>\u201c\u0130r\u0259van idman\u00e7\u0131lar\u0131m\u0131z\u0131n t\u0259hl\u00fck\u0259sizliyin\u0259 t\u0259minat ver\u0259 bilm\u0259diyind\u0259n Az\u0259rbaycan n\u00fcmay\u0259nd\u0259 hey\u0259ti yar\u0131\u015fa qat\u0131lmayacaq v\u0259 V\u0259t\u0259n\u0259 d\u00f6n\u0259c\u0259k\u201d.<\/p>\n<p>Bu s\u00f6zl\u0259ri g\u0259ncl\u0259r v\u0259 idman naziri F\u0259rid Qay\u0131bov \u00f6z\u00fcn\u00fcn sosial \u015f\u0259b\u0259k\u0259 hesab\u0131nda qeyd edib.<\/p>\n<p>\u201cErm\u0259nistan\u0131n \u0130r\u0259van \u015f\u0259h\u0259rind\u0259 2023-c\u00fc il a\u011f\u0131r atletika \u00fczr\u0259 Avropa \u00e7empionat\u0131n\u0131n a\u00e7\u0131l\u0131\u015f m\u0259rasimi zaman\u0131 v\u0259h\u015filik t\u00f6r\u0259dilib, Az\u0259rbaycan bayra\u011f\u0131 yand\u0131r\u0131l\u0131b. Bu, \u0259sla q\u0259buledilm\u0259zdir v\u0259 Erm\u0259nistan\u0131n bel\u0259 t\u0259dbirl\u0259r\u0259 ev sahibliyi etm\u0259y\u0259 haz\u0131r olmad\u0131\u011f\u0131n\u0131 g\u00f6st\u0259rir\u201d, &#8211; dey\u0259 qurum r\u0259hb\u0259ri vur\u011fulay\u0131b.<\/p>\n<p>Nazirin s\u00f6zl\u0259rin\u0259 g\u00f6r\u0259, Erm\u0259nistan idman\u00e7\u0131lar\u0131m\u0131z\u0131n t\u0259hl\u00fck\u0259siz qay\u0131tmas\u0131n\u0131 t\u0259min etm\u0259li olmas\u0131na baxmayaraq, onlar mehmanxanadan burax\u0131lm\u0131rlar v\u0259 K\u0130V-\u0259 \u00e7\u0131x\u0131\u015flar\u0131 k\u0259silib:<\/p>\n<p>\u201cBiz beyn\u0259lxalq ictimaiyy\u0259ti v\u0259 beyn\u0259lxalq idman qurumlar\u0131n\u0131 bu v\u0259h\u015fi h\u0259r\u0259k\u0259ti k\u0259skin \u015f\u0259kild\u0259 pisl\u0259m\u0259y\u0259 \u00e7a\u011f\u0131r\u0131r\u0131q. Biz h\u0259m\u00e7inin Avropa A\u011f\u0131r Atletika Federasiyas\u0131n\u0131 Erm\u0259nistana qar\u015f\u0131 sanksiyalar t\u0259tbiq etm\u0259y\u0259 \u00e7a\u011f\u0131r\u0131r\u0131q. Hesab edirik ki, bu hadis\u0259 Erm\u0259nistan\u0131n beyn\u0259lxalq idman yar\u0131\u015flar\u0131 ke\u00e7irm\u0259k v\u0259 idman\u00e7\u0131lar\u0131n t\u0259hl\u00fck\u0259sizliyini t\u0259min etm\u0259k iqtidar\u0131nda olmad\u0131\u011f\u0131n\u0131 g\u00f6st\u0259rir\u201d, &#8211; dey\u0259 F\u0259rid Qay\u0131bov s\u00f6zl\u0259rini yekaunla\u015fd\u0131r\u0131b.<\/p>\n<p><iframe loading=\"lazy\" src=\"https:\/\/www.facebook.com\/plugins\/post.php?href=https%3A%2F%2Fwww.facebook.com%2Ffarid.gayibov%2Fposts%2Fpfbid0et7adC6C1BfPgWCfJSXgVCZHU3Z4oKmZB23ZmAPajwRMiopSdTfkJiGCKYPHLDnQl&amp;show_text=true&amp;width=500\" width=\"500\" height=\"608\" frameborder=\"0\" scrolling=\"no\" allowfullscreen=\"allowfullscreen\" data-mce-fragment=\"1\"><\/iframe><\/p>\n<\/div>\n<\/article>\n","protected":false},"excerpt":{"rendered":"<p>\u201c\u0130r\u0259van idman\u00e7\u0131lar\u0131m\u0131z\u0131n t\u0259hl\u00fck\u0259sizliyin\u0259 t\u0259minat ver\u0259 bilm\u0259diyind\u0259n Az\u0259rbaycan n\u00fcmay\u0259nd\u0259 hey\u0259ti yar\u0131\u015fa qat\u0131lmayacaq v\u0259 V\u0259t\u0259n\u0259 d\u00f6n\u0259c\u0259k\u201d. Bu s\u00f6zl\u0259ri g\u0259ncl\u0259r v\u0259 idman naziri F\u0259rid Qay\u0131bov \u00f6z\u00fcn\u00fcn sosial \u015f\u0259b\u0259k\u0259 hesab\u0131nda qeyd edib. \u201cErm\u0259nistan\u0131n \u0130r\u0259van \u015f\u0259h\u0259rind\u0259 2023-c\u00fc il a\u011f\u0131r atletika \u00fczr\u0259 Avropa \u00e7empionat\u0131n\u0131n a\u00e7\u0131l\u0131\u015f m\u0259rasimi zaman\u0131 v\u0259h\u015filik t\u00f6r\u0259dilib, Az\u0259rbaycan bayra\u011f\u0131 yand\u0131r\u0131l\u0131b. Bu, \u0259sla q\u0259buledilm\u0259zdir v\u0259 Erm\u0259nistan\u0131n bel\u0259 t\u0259dbirl\u0259r\u0259 ev sahibliyi etm\u0259y\u0259 haz\u0131r olmad\u0131\u011f\u0131n\u0131 g\u00f6st\u0259rir\u201d, &#8211; dey\u0259 qurum r\u0259hb\u0259ri vur\u011fulay\u0131b. Nazirin s\u00f6zl\u0259rin\u0259 g\u00f6r\u0259, Erm\u0259nistan idman\u00e7\u0131lar\u0131m\u0131z\u0131n t\u0259hl\u00fck\u0259siz qay\u0131tmas\u0131n\u0131 t\u0259min etm\u0259li olmas\u0131na baxmayaraq, onlar mehmanxanadan burax\u0131lm\u0131rlar v\u0259 K\u0130V-\u0259 \u00e7\u0131x\u0131\u015flar\u0131 k\u0259silib: \u201cBiz beyn\u0259lxalq ictimaiyy\u0259ti v\u0259 beyn\u0259lxalq idman qurumlar\u0131n\u0131 bu&hellip;<\/p>\n","protected":false},"author":2,"featured_media":589867,"comment_status":"closed","ping_status":"closed","sticky":false,"template":"","format":"standard","meta":{"om_disable_all_campaigns":false,"_monsterinsights_skip_tracking":false,"_monsterinsights_sitenote_active":false,"_monsterinsights_sitenote_note":"","_monsterinsights_sitenote_category":0},"categories":[4],"tags":[],"aioseo_notices":[],"gutentor_comment":0,"rttpg_featured_image_url":{"full":["https:\/\/arantv.az\/wp-content\/uploads\/2023\/04\/2Fva1JfrjG1lKvFM9YGu9iAJl5ph3jh335VnRFbg.jpg",620,413,false],"landscape":["https:\/\/arantv.az\/wp-content\/uploads\/2023\/04\/2Fva1JfrjG1lKvFM9YGu9iAJl5ph3jh335VnRFbg.jpg",620,413,false],"portraits":["https:\/\/arantv.az\/wp-content\/uploads\/2023\/04\/2Fva1JfrjG1lKvFM9YGu9iAJl5ph3jh335VnRFbg.jpg",620,413,false],"thumbnail":["https:\/\/arantv.az\/wp-content\/uploads\/2023\/04\/2Fva1JfrjG1lKvFM9YGu9iAJl5ph3jh335VnRFbg-500x280.jpg",500,280,true],"medium":["https:\/\/arantv.az\/wp-content\/uploads\/2023\/04\/2Fva1JfrjG1lKvFM9YGu9iAJl5ph3jh335VnRFbg-548x365.jpg",548,365,true],"large":["https:\/\/arantv.az\/wp-content\/uploads\/2023\/04\/2Fva1JfrjG1lKvFM9YGu9iAJl5ph3jh335VnRFbg.jpg",620,413,false],"1536x1536":["https:\/\/arantv.az\/wp-content\/uploads\/2023\/04\/2Fva1JfrjG1lKvFM9YGu9iAJl5ph3jh335VnRFbg.jpg",620,413,false],"2048x2048":["https:\/\/arantv.az\/wp-content\/uploads\/2023\/04\/2Fva1JfrjG1lKvFM9YGu9iAJl5ph3jh335VnRFbg.jpg",620,413,false],"post-thumbnail":["https:\/\/arantv.az\/wp-content\/uploads\/2023\/04\/2Fva1JfrjG1lKvFM9YGu9iAJl5ph3jh335VnRFbg-240x172.jpg",240,172,true],"advps-thumb-one":["https:\/\/arantv.az\/wp-content\/uploads\/2023\/04\/2Fva1JfrjG1lKvFM9YGu9iAJl5ph3jh335VnRFbg.jpg",620,413,false]},"rttpg_author":{"display_name":"V\u00fcsal Rafiqo\u011flu","author_link":"https:\/\/arantv.az\/?author=2"},"rttpg_comment":0,"rttpg_category":"<a href=\"https:\/\/arantv.az\/?cat=4\" rel=\"category\">Siyas\u0259t<\/a>","rttpg_excerpt":"\u201c\u0130r\u0259van idman\u00e7\u0131lar\u0131m\u0131z\u0131n t\u0259hl\u00fck\u0259sizliyin\u0259 t\u0259minat ver\u0259 bilm\u0259diyind\u0259n Az\u0259rbaycan n\u00fcmay\u0259nd\u0259 hey\u0259ti yar\u0131\u015fa qat\u0131lmayacaq v\u0259 V\u0259t\u0259n\u0259 d\u00f6n\u0259c\u0259k\u201d. Bu s\u00f6zl\u0259ri g\u0259ncl\u0259r v\u0259 idman naziri F\u0259rid Qay\u0131bov \u00f6z\u00fcn\u00fcn sosial \u015f\u0259b\u0259k\u0259 hesab\u0131nda qeyd edib. \u201cErm\u0259nistan\u0131n \u0130r\u0259van \u015f\u0259h\u0259rind\u0259 2023-c\u00fc il a\u011f\u0131r atletika \u00fczr\u0259 Avropa \u00e7empionat\u0131n\u0131n a\u00e7\u0131l\u0131\u015f m\u0259rasimi zaman\u0131 v\u0259h\u015filik t\u00f6r\u0259dilib, Az\u0259rbaycan bayra\u011f\u0131 yand\u0131r\u0131l\u0131b. Bu, \u0259sla q\u0259buledilm\u0259zdir v\u0259 Erm\u0259nistan\u0131n bel\u0259 t\u0259dbirl\u0259r\u0259 ev sahibliyi&hellip;","_links":{"self":[{"href":"https:\/\/arantv.az\/index.php?rest_route=\/wp\/v2\/posts\/589866"}],"collection":[{"href":"https:\/\/arantv.az\/index.php?rest_route=\/wp\/v2\/posts"}],"about":[{"href":"https:\/\/arantv.az\/index.php?rest_route=\/wp\/v2\/types\/post"}],"author":[{"embeddable":true,"href":"https:\/\/arantv.az\/index.php?rest_route=\/wp\/v2\/users\/2"}],"replies":[{"embeddable":true,"href":"https:\/\/arantv.az\/index.php?rest_route=%2Fwp%2Fv2%2Fcomments&post=589866"}],"version-history":[{"count":0,"href":"https:\/\/arantv.az\/index.php?rest_route=\/wp\/v2\/posts\/589866\/revisions"}],"wp:featuredmedia":[{"embeddable":true,"href":"https:\/\/arantv.az\/index.php?rest_route=\/wp\/v2\/media\/589867"}],"wp:attachment":[{"href":"https:\/\/arantv.az\/index.php?rest_route=%2Fwp%2Fv2%2Fmedia&parent=589866"}],"wp:term":[{"taxonomy":"category","embeddable":true,"href":"https:\/\/arantv.az\/index.php?rest_route=%2Fwp%2Fv2%2Fcategories&post=589866"},{"taxonomy":"post_tag","embeddable":true,"href":"https:\/\/arantv.az\/index.php?rest_route=%2Fwp%2Fv2%2Ftags&post=589866"}],"curies":[{"name":"wp","href":"https:\/\/api.w.org\/{rel}","templated":true}]}}