{"id":589875,"date":"2023-04-15T11:50:29","date_gmt":"2023-04-15T07:50:29","guid":{"rendered":"https:\/\/arantv.az\/?p=589875"},"modified":"2023-04-15T11:50:29","modified_gmt":"2023-04-15T07:50:29","slug":"ir%c9%99vanda-olan-federasiya-r%c9%99smisi-erm%c9%99nistan-komandamizin-t%c9%99hluk%c9%99siz-s%c9%99kild%c9%99-qayitmasini-t%c9%99min-etm%c9%99lidir","status":"publish","type":"post","link":"https:\/\/arantv.az\/?p=589875","title":{"rendered":"\u0130r\u0259vanda olan federasiya r\u0259smisi: \u201cErm\u0259nistan komandam\u0131z\u0131n t\u0259hl\u00fck\u0259siz \u015f\u0259kild\u0259 qay\u0131tmas\u0131n\u0131 t\u0259min etm\u0259lidir\u201d"},"content":{"rendered":"<p>\u201cErm\u0259nistan komandam\u0131z\u0131n t\u0259hl\u00fck\u0259siz \u015f\u0259kild\u0259 qay\u0131tmas\u0131n\u0131 t\u0259min etm\u0259lidir\u201d.<\/p>\n<p>Bunu \u201cReport\u201da a\u00e7\u0131qlamas\u0131nda Az\u0259rbaycan A\u011f\u0131r Atletika Federasiyas\u0131n\u0131n M\u0259tbuat Xidm\u0259tinin r\u0259hb\u0259ri K\u0259nan M\u0259st\u0259liyev deyib.<\/p>\n<p>Haz\u0131rda \u0130r\u0259vanda olan federasiya r\u0259smisi bildirib\u00a0ki, aprelin 14-d\u0259 Erm\u0259nistan\u0131n paytaxt\u0131 \u0130r\u0259vanda a\u011f\u0131r atletika \u00fczr\u0259 Avropa \u00e7empionat\u0131n\u0131n a\u00e7\u0131l\u0131\u015f m\u0259rasimi zaman\u0131 Az\u0259rbaycan bayra\u011f\u0131n\u0131n yand\u0131r\u0131lmas\u0131 s\u0259b\u0259bind\u0259n yar\u0131\u015fdan imtina edilib:<\/p>\n<p>\u201cErm\u0259nistanda bel\u0259 bir nifr\u0259t m\u00fchitinin h\u00f6km s\u00fcrd\u00fcy\u00fc, t\u0259hl\u00fck\u0259sizliyin t\u0259min edilm\u0259diyi bir \u015f\u0259raitd\u0259 psixoloji t\u0259zyiql\u0259r\u0259 g\u00f6r\u0259 Az\u0259rbaycan idman\u00e7\u0131lar\u0131n\u0131n yar\u0131\u015flarda normal \u015f\u0259kild\u0259 i\u015ftirak\u0131 m\u00fcmk\u00fcns\u00fczd\u00fcr. B\u00fct\u00fcn bunlar n\u0259z\u0259r\u0259 al\u0131naraq, Az\u0259rbaycan idman\u00e7\u0131lar\u0131n\u0131n V\u0259t\u0259n\u0259 qay\u0131tmas\u0131 bar\u0259d\u0259 q\u0259rar q\u0259bul edilib.<\/p>\n<p>G\u0259ncl\u0259r v\u0259 \u0130dman Nazirliyi v\u0259 Milli Olimpiya Komit\u0259sinin bu bar\u0259d\u0259 birg\u0259 b\u0259yanat\u0131 var. Biz d\u0259 bu b\u0259yanata uy\u011fun add\u0131mlar at\u0131r\u0131q. Komandam\u0131z Az\u0259rbaycana qay\u0131d\u0131r. Erm\u0259nistan komandam\u0131z\u0131n t\u0259hl\u00fck\u0259siz \u015f\u0259kild\u0259 qay\u0131tmas\u0131n\u0131 t\u0259min etm\u0259lidir. Haz\u0131rda bu istiqam\u0259td\u0259 add\u0131mlar at\u0131l\u0131r\u201d.<\/p>\n","protected":false},"excerpt":{"rendered":"<p>\u201cErm\u0259nistan komandam\u0131z\u0131n t\u0259hl\u00fck\u0259siz \u015f\u0259kild\u0259 qay\u0131tmas\u0131n\u0131 t\u0259min etm\u0259lidir\u201d. Bunu \u201cReport\u201da a\u00e7\u0131qlamas\u0131nda Az\u0259rbaycan A\u011f\u0131r Atletika Federasiyas\u0131n\u0131n M\u0259tbuat Xidm\u0259tinin r\u0259hb\u0259ri K\u0259nan M\u0259st\u0259liyev deyib. Haz\u0131rda \u0130r\u0259vanda olan federasiya r\u0259smisi bildirib\u00a0ki, aprelin 14-d\u0259 Erm\u0259nistan\u0131n paytaxt\u0131 \u0130r\u0259vanda a\u011f\u0131r atletika \u00fczr\u0259 Avropa \u00e7empionat\u0131n\u0131n a\u00e7\u0131l\u0131\u015f m\u0259rasimi zaman\u0131 Az\u0259rbaycan bayra\u011f\u0131n\u0131n yand\u0131r\u0131lmas\u0131 s\u0259b\u0259bind\u0259n yar\u0131\u015fdan imtina edilib: \u201cErm\u0259nistanda bel\u0259 bir nifr\u0259t m\u00fchitinin h\u00f6km s\u00fcrd\u00fcy\u00fc, t\u0259hl\u00fck\u0259sizliyin t\u0259min edilm\u0259diyi bir \u015f\u0259raitd\u0259 psixoloji t\u0259zyiql\u0259r\u0259 g\u00f6r\u0259 Az\u0259rbaycan idman\u00e7\u0131lar\u0131n\u0131n yar\u0131\u015flarda normal \u015f\u0259kild\u0259 i\u015ftirak\u0131 m\u00fcmk\u00fcns\u00fczd\u00fcr. B\u00fct\u00fcn bunlar n\u0259z\u0259r\u0259 al\u0131naraq, Az\u0259rbaycan idman\u00e7\u0131lar\u0131n\u0131n V\u0259t\u0259n\u0259 qay\u0131tmas\u0131 bar\u0259d\u0259 q\u0259rar q\u0259bul edilib. G\u0259ncl\u0259r v\u0259 \u0130dman Nazirliyi v\u0259 Milli Olimpiya Komit\u0259sinin bu bar\u0259d\u0259&hellip;<\/p>\n","protected":false},"author":2,"featured_media":589876,"comment_status":"closed","ping_status":"closed","sticky":false,"template":"","format":"standard","meta":{"om_disable_all_campaigns":false,"_monsterinsights_skip_tracking":false,"_monsterinsights_sitenote_active":false,"_monsterinsights_sitenote_note":"","_monsterinsights_sitenote_category":0},"categories":[6],"tags":[],"aioseo_notices":[],"gutentor_comment":0,"rttpg_featured_image_url":{"full":["https:\/\/arantv.az\/wp-content\/uploads\/2023\/04\/c3627b9f-32e6-3d10-ab2f-314ca11def47_850.jpg",620,413,false],"landscape":["https:\/\/arantv.az\/wp-content\/uploads\/2023\/04\/c3627b9f-32e6-3d10-ab2f-314ca11def47_850.jpg",620,413,false],"portraits":["https:\/\/arantv.az\/wp-content\/uploads\/2023\/04\/c3627b9f-32e6-3d10-ab2f-314ca11def47_850.jpg",620,413,false],"thumbnail":["https:\/\/arantv.az\/wp-content\/uploads\/2023\/04\/c3627b9f-32e6-3d10-ab2f-314ca11def47_850-500x280.jpg",500,280,true],"medium":["https:\/\/arantv.az\/wp-content\/uploads\/2023\/04\/c3627b9f-32e6-3d10-ab2f-314ca11def47_850-548x365.jpg",548,365,true],"large":["https:\/\/arantv.az\/wp-content\/uploads\/2023\/04\/c3627b9f-32e6-3d10-ab2f-314ca11def47_850.jpg",620,413,false],"1536x1536":["https:\/\/arantv.az\/wp-content\/uploads\/2023\/04\/c3627b9f-32e6-3d10-ab2f-314ca11def47_850.jpg",620,413,false],"2048x2048":["https:\/\/arantv.az\/wp-content\/uploads\/2023\/04\/c3627b9f-32e6-3d10-ab2f-314ca11def47_850.jpg",620,413,false],"post-thumbnail":["https:\/\/arantv.az\/wp-content\/uploads\/2023\/04\/c3627b9f-32e6-3d10-ab2f-314ca11def47_850-240x172.jpg",240,172,true],"advps-thumb-one":["https:\/\/arantv.az\/wp-content\/uploads\/2023\/04\/c3627b9f-32e6-3d10-ab2f-314ca11def47_850.jpg",620,413,false]},"rttpg_author":{"display_name":"V\u00fcsal Rafiqo\u011flu","author_link":"https:\/\/arantv.az\/?author=2"},"rttpg_comment":0,"rttpg_category":"<a href=\"https:\/\/arantv.az\/?cat=6\" rel=\"category\">\u0130dman<\/a>","rttpg_excerpt":"\u201cErm\u0259nistan komandam\u0131z\u0131n t\u0259hl\u00fck\u0259siz \u015f\u0259kild\u0259 qay\u0131tmas\u0131n\u0131 t\u0259min etm\u0259lidir\u201d. Bunu \u201cReport\u201da a\u00e7\u0131qlamas\u0131nda Az\u0259rbaycan A\u011f\u0131r Atletika Federasiyas\u0131n\u0131n M\u0259tbuat Xidm\u0259tinin r\u0259hb\u0259ri K\u0259nan M\u0259st\u0259liyev deyib. Haz\u0131rda \u0130r\u0259vanda olan federasiya r\u0259smisi bildirib\u00a0ki, aprelin 14-d\u0259 Erm\u0259nistan\u0131n paytaxt\u0131 \u0130r\u0259vanda a\u011f\u0131r atletika \u00fczr\u0259 Avropa \u00e7empionat\u0131n\u0131n a\u00e7\u0131l\u0131\u015f m\u0259rasimi zaman\u0131 Az\u0259rbaycan bayra\u011f\u0131n\u0131n yand\u0131r\u0131lmas\u0131 s\u0259b\u0259bind\u0259n yar\u0131\u015fdan imtina edilib: \u201cErm\u0259nistanda bel\u0259 bir nifr\u0259t m\u00fchitinin h\u00f6km s\u00fcrd\u00fcy\u00fc, t\u0259hl\u00fck\u0259sizliyin t\u0259min&hellip;","_links":{"self":[{"href":"https:\/\/arantv.az\/index.php?rest_route=\/wp\/v2\/posts\/589875"}],"collection":[{"href":"https:\/\/arantv.az\/index.php?rest_route=\/wp\/v2\/posts"}],"about":[{"href":"https:\/\/arantv.az\/index.php?rest_route=\/wp\/v2\/types\/post"}],"author":[{"embeddable":true,"href":"https:\/\/arantv.az\/index.php?rest_route=\/wp\/v2\/users\/2"}],"replies":[{"embeddable":true,"href":"https:\/\/arantv.az\/index.php?rest_route=%2Fwp%2Fv2%2Fcomments&post=589875"}],"version-history":[{"count":0,"href":"https:\/\/arantv.az\/index.php?rest_route=\/wp\/v2\/posts\/589875\/revisions"}],"wp:featuredmedia":[{"embeddable":true,"href":"https:\/\/arantv.az\/index.php?rest_route=\/wp\/v2\/media\/589876"}],"wp:attachment":[{"href":"https:\/\/arantv.az\/index.php?rest_route=%2Fwp%2Fv2%2Fmedia&parent=589875"}],"wp:term":[{"taxonomy":"category","embeddable":true,"href":"https:\/\/arantv.az\/index.php?rest_route=%2Fwp%2Fv2%2Fcategories&post=589875"},{"taxonomy":"post_tag","embeddable":true,"href":"https:\/\/arantv.az\/index.php?rest_route=%2Fwp%2Fv2%2Ftags&post=589875"}],"curies":[{"name":"wp","href":"https:\/\/api.w.org\/{rel}","templated":true}]}}