{"id":589880,"date":"2023-04-15T11:51:18","date_gmt":"2023-04-15T07:51:18","guid":{"rendered":"https:\/\/arantv.az\/?p=589880"},"modified":"2023-04-15T11:51:18","modified_gmt":"2023-04-15T07:51:18","slug":"az%c9%99rbaycan-xin-erm%c9%99nistan-hokum%c9%99ti-muvafiq-t%c9%99hluk%c9%99sizlik-t%c9%99dbirl%c9%99ri-gorm%c9%99li-idi","status":"publish","type":"post","link":"https:\/\/arantv.az\/?p=589880","title":{"rendered":"Az\u0259rbaycan X\u0130N: \u201cErm\u0259nistan h\u00f6kum\u0259ti m\u00fcvafiq t\u0259hl\u00fck\u0259sizlik t\u0259dbirl\u0259ri g\u00f6rm\u0259li idi\u201d"},"content":{"rendered":"<p>Az\u0259rbaycan Xarici \u0130\u015fl\u0259r Nazirliyi Beyn\u0259lxalq A\u011f\u0131rl\u0131qqald\u0131rma Federasiyas\u0131, Beyn\u0259lxalq Olimpiya Komit\u0259si v\u0259 dig\u0259r aidiyy\u0259ti beyn\u0259lxalq qurumlara \u0130r\u0259vanda ba\u015f ver\u0259n insidentl\u0259 ba\u011fl\u0131 \u00e7a\u011f\u0131r\u0131\u015f edib.<\/p>\n<p>14 aprel tarixind\u0259 Erm\u0259nistan\u0131n paytaxt\u0131 \u0130r\u0259vanda ke\u00e7iril\u0259n a\u011f\u0131rl\u0131qqald\u0131rma \u00fczr\u0259 Avropa \u00e7empionat\u0131n\u0131n a\u00e7\u0131l\u0131\u015f m\u0259rasimind\u0259 \u00f6lk\u0259mizin bayra\u011f\u0131n\u0131n yand\u0131r\u0131lmas\u0131n\u0131 q\u0259tiyy\u0259tl\u0259 pisl\u0259y\u0259n X\u0130N hadis\u0259nin Erm\u0259nistanda Az\u0259rbaycana qar\u015f\u0131 etnik z\u0259mind\u0259 k\u00f6k salm\u0131\u015f nifr\u0259tin t\u0259c\u0259ss\u00fcm\u00fc oldu\u011funu qeyd edib.<\/p>\n<p>\u201cErm\u0259nistan h\u00f6kum\u0259ti t\u0259dbiri t\u0259\u015fkil ed\u0259n t\u0259r\u0259f kimi bu kimi hadis\u0259l\u0259rin qar\u015f\u0131s\u0131n\u0131 vaxt\u0131nda almal\u0131 v\u0259 m\u00fcvafiq t\u0259hl\u00fck\u0259sizlik t\u0259dbirl\u0259ri g\u00f6rm\u0259li idi. Bu akt\u0131 t\u00f6r\u0259tmi\u015f \u015f\u0259xs ilkin olaraq saxlan\u0131lsa da, onun sonradan t\u0259mt\u0259raql\u0131 alq\u0131\u015flarla azad edilm\u0259si ciddi narahatl\u0131q do\u011furur. Erm\u0259nistan t\u0259r\u0259fi nifr\u0259t z\u0259minind\u0259 bu cinay\u0259ti t\u00f6r\u0259tmi\u015f \u015f\u0259xsi d\u0259rhal m\u0259suliyy\u0259t\u0259 c\u0259lb etm\u0259lidir.<\/p>\n<p>Beyn\u0259lxalq A\u011f\u0131rl\u0131qqald\u0131rma Federasiyas\u0131, Beyn\u0259lxalq Olimpiya Komit\u0259si v\u0259 dig\u0259r aidiyy\u0259ti beyn\u0259lxalq qurumlar t\u0259r\u0259find\u0259n idman yar\u0131\u015flar\u0131 \u00fczr\u0259 q\u0259bul edilmi\u015f davran\u0131\u015f qaydalar\u0131n\u0131n kobud pozuntusu olan bu h\u0259r\u0259k\u0259ti q\u0259ti \u015f\u0259kild\u0259 pisl\u0259m\u0259y\u0259, qaydalar \u00e7\u0259r\u00e7iv\u0259sind\u0259 t\u0259\u015fkilat\u00e7\u0131lara qar\u015f\u0131 m\u00fcvafiq c\u0259za t\u0259dbirl\u0259rinin g\u00f6r\u00fclm\u0259sin\u0259 \u00e7a\u011f\u0131r\u0131r\u0131q\u201d.<\/p>\n","protected":false},"excerpt":{"rendered":"<p>Az\u0259rbaycan Xarici \u0130\u015fl\u0259r Nazirliyi Beyn\u0259lxalq A\u011f\u0131rl\u0131qqald\u0131rma Federasiyas\u0131, Beyn\u0259lxalq Olimpiya Komit\u0259si v\u0259 dig\u0259r aidiyy\u0259ti beyn\u0259lxalq qurumlara \u0130r\u0259vanda ba\u015f ver\u0259n insidentl\u0259 ba\u011fl\u0131 \u00e7a\u011f\u0131r\u0131\u015f edib. 14 aprel tarixind\u0259 Erm\u0259nistan\u0131n paytaxt\u0131 \u0130r\u0259vanda ke\u00e7iril\u0259n a\u011f\u0131rl\u0131qqald\u0131rma \u00fczr\u0259 Avropa \u00e7empionat\u0131n\u0131n a\u00e7\u0131l\u0131\u015f m\u0259rasimind\u0259 \u00f6lk\u0259mizin bayra\u011f\u0131n\u0131n yand\u0131r\u0131lmas\u0131n\u0131 q\u0259tiyy\u0259tl\u0259 pisl\u0259y\u0259n X\u0130N hadis\u0259nin Erm\u0259nistanda Az\u0259rbaycana qar\u015f\u0131 etnik z\u0259mind\u0259 k\u00f6k salm\u0131\u015f nifr\u0259tin t\u0259c\u0259ss\u00fcm\u00fc oldu\u011funu qeyd edib. \u201cErm\u0259nistan h\u00f6kum\u0259ti t\u0259dbiri t\u0259\u015fkil ed\u0259n t\u0259r\u0259f kimi bu kimi hadis\u0259l\u0259rin qar\u015f\u0131s\u0131n\u0131 vaxt\u0131nda almal\u0131 v\u0259 m\u00fcvafiq t\u0259hl\u00fck\u0259sizlik t\u0259dbirl\u0259ri g\u00f6rm\u0259li idi. Bu akt\u0131 t\u00f6r\u0259tmi\u015f \u015f\u0259xs ilkin olaraq saxlan\u0131lsa da, onun sonradan t\u0259mt\u0259raql\u0131 alq\u0131\u015flarla azad edilm\u0259si ciddi narahatl\u0131q do\u011furur.&hellip;<\/p>\n","protected":false},"author":2,"featured_media":557829,"comment_status":"closed","ping_status":"closed","sticky":false,"template":"","format":"standard","meta":{"om_disable_all_campaigns":false,"_monsterinsights_skip_tracking":false,"_monsterinsights_sitenote_active":false,"_monsterinsights_sitenote_note":"","_monsterinsights_sitenote_category":0},"categories":[4],"tags":[],"aioseo_notices":[],"gutentor_comment":0,"rttpg_featured_image_url":{"full":["https:\/\/arantv.az\/wp-content\/uploads\/2023\/01\/XIN.jpg",975,540,false],"landscape":["https:\/\/arantv.az\/wp-content\/uploads\/2023\/01\/XIN.jpg",975,540,false],"portraits":["https:\/\/arantv.az\/wp-content\/uploads\/2023\/01\/XIN.jpg",975,540,false],"thumbnail":["https:\/\/arantv.az\/wp-content\/uploads\/2023\/01\/XIN-500x280.jpg",500,280,true],"medium":["https:\/\/arantv.az\/wp-content\/uploads\/2023\/01\/XIN-660x365.jpg",660,365,true],"large":["https:\/\/arantv.az\/wp-content\/uploads\/2023\/01\/XIN-840x465.jpg",640,354,true],"1536x1536":["https:\/\/arantv.az\/wp-content\/uploads\/2023\/01\/XIN.jpg",975,540,false],"2048x2048":["https:\/\/arantv.az\/wp-content\/uploads\/2023\/01\/XIN.jpg",975,540,false],"post-thumbnail":["https:\/\/arantv.az\/wp-content\/uploads\/2023\/01\/XIN-240x172.jpg",240,172,true],"advps-thumb-one":["https:\/\/arantv.az\/wp-content\/uploads\/2023\/01\/XIN.jpg",975,540,false]},"rttpg_author":{"display_name":"V\u00fcsal Rafiqo\u011flu","author_link":"https:\/\/arantv.az\/?author=2"},"rttpg_comment":0,"rttpg_category":"<a href=\"https:\/\/arantv.az\/?cat=4\" rel=\"category\">Siyas\u0259t<\/a>","rttpg_excerpt":"Az\u0259rbaycan Xarici \u0130\u015fl\u0259r Nazirliyi Beyn\u0259lxalq A\u011f\u0131rl\u0131qqald\u0131rma Federasiyas\u0131, Beyn\u0259lxalq Olimpiya Komit\u0259si v\u0259 dig\u0259r aidiyy\u0259ti beyn\u0259lxalq qurumlara \u0130r\u0259vanda ba\u015f ver\u0259n insidentl\u0259 ba\u011fl\u0131 \u00e7a\u011f\u0131r\u0131\u015f edib. 14 aprel tarixind\u0259 Erm\u0259nistan\u0131n paytaxt\u0131 \u0130r\u0259vanda ke\u00e7iril\u0259n a\u011f\u0131rl\u0131qqald\u0131rma \u00fczr\u0259 Avropa \u00e7empionat\u0131n\u0131n a\u00e7\u0131l\u0131\u015f m\u0259rasimind\u0259 \u00f6lk\u0259mizin bayra\u011f\u0131n\u0131n yand\u0131r\u0131lmas\u0131n\u0131 q\u0259tiyy\u0259tl\u0259 pisl\u0259y\u0259n X\u0130N hadis\u0259nin Erm\u0259nistanda Az\u0259rbaycana qar\u015f\u0131 etnik z\u0259mind\u0259 k\u00f6k salm\u0131\u015f nifr\u0259tin t\u0259c\u0259ss\u00fcm\u00fc oldu\u011funu qeyd edib. \u201cErm\u0259nistan&hellip;","_links":{"self":[{"href":"https:\/\/arantv.az\/index.php?rest_route=\/wp\/v2\/posts\/589880"}],"collection":[{"href":"https:\/\/arantv.az\/index.php?rest_route=\/wp\/v2\/posts"}],"about":[{"href":"https:\/\/arantv.az\/index.php?rest_route=\/wp\/v2\/types\/post"}],"author":[{"embeddable":true,"href":"https:\/\/arantv.az\/index.php?rest_route=\/wp\/v2\/users\/2"}],"replies":[{"embeddable":true,"href":"https:\/\/arantv.az\/index.php?rest_route=%2Fwp%2Fv2%2Fcomments&post=589880"}],"version-history":[{"count":0,"href":"https:\/\/arantv.az\/index.php?rest_route=\/wp\/v2\/posts\/589880\/revisions"}],"wp:featuredmedia":[{"embeddable":true,"href":"https:\/\/arantv.az\/index.php?rest_route=\/wp\/v2\/media\/557829"}],"wp:attachment":[{"href":"https:\/\/arantv.az\/index.php?rest_route=%2Fwp%2Fv2%2Fmedia&parent=589880"}],"wp:term":[{"taxonomy":"category","embeddable":true,"href":"https:\/\/arantv.az\/index.php?rest_route=%2Fwp%2Fv2%2Fcategories&post=589880"},{"taxonomy":"post_tag","embeddable":true,"href":"https:\/\/arantv.az\/index.php?rest_route=%2Fwp%2Fv2%2Ftags&post=589880"}],"curies":[{"name":"wp","href":"https:\/\/api.w.org\/{rel}","templated":true}]}}