{"id":589882,"date":"2023-04-15T11:52:03","date_gmt":"2023-04-15T07:52:03","guid":{"rendered":"https:\/\/arantv.az\/?p=589882"},"modified":"2023-04-15T11:52:03","modified_gmt":"2023-04-15T07:52:03","slug":"sahib%c9%99-qafarova-qazaxistanli-h%c9%99mkari-il%c9%99-gorusub-foto","status":"publish","type":"post","link":"https:\/\/arantv.az\/?p=589882","title":{"rendered":"Sahib\u0259 Qafarova qazax\u0131stanl\u0131 h\u0259mkar\u0131 il\u0259 g\u00f6r\u00fc\u015f\u00fcb &#8211; FOTO"},"content":{"rendered":"<p>Milli M\u0259clisin s\u0259dri Sahib\u0259 Qafarova Rusiya Federasiyas\u0131na i\u015fg\u00fczar s\u0259f\u0259ri \u00e7\u0259r\u00e7iv\u0259sind\u0259 Sankt-Peterburqda Qazax\u0131stan Respublikas\u0131 Parlamenti Senat\u0131n\u0131n s\u0259dri Maulen A\u015fimbayev il\u0259 g\u00f6r\u00fc\u015f\u00fcb.<\/p>\n<p>Bu bar\u0259d\u0259 Milli M\u0259clisin M\u0259tbuat Xidm\u0259ti m\u0259lumat yay\u0131b.<\/p>\n<p>G\u00f6r\u00fc\u015fd\u0259 qeyd olunub ki, dost v\u0259 qarda\u015f \u00f6lk\u0259l\u0259rimiz aras\u0131nda m\u00fcnasib\u0259tl\u0259r u\u011furlu inki\u015faf dinamikas\u0131na malikdir. Bir \u00e7ox sah\u0259l\u0259ri \u0259hat\u0259 ed\u0259n \u0259laq\u0259l\u0259rimizin inki\u015faf\u0131nda d\u00f6vl\u0259t ba\u015f\u00e7\u0131lar\u0131n\u0131n x\u00fcsusi rolu diqq\u0259t\u0259 \u00e7atd\u0131r\u0131laraq vur\u011fulan\u0131b ki, d\u00f6vl\u0259t ba\u015f\u00e7\u0131lar\u0131m\u0131z\u0131n s\u0131x m\u00fcnasib\u0259tl\u0259ri \u00f6lk\u0259l\u0259rimiz aras\u0131nda \u0259laq\u0259l\u0259r\u0259 m\u00fch\u00fcm t\u00f6hf\u0259 verir, ikit\u0259r\u0259fli \u0259m\u0259kda\u015fl\u0131\u011f\u0131n y\u00fcks\u0259l\u0259n x\u0259tl\u0259 inki\u015faf\u0131na v\u0259 daha da g\u00fccl\u0259nm\u0259sin\u0259 xidm\u0259t edir.<\/p>\n<p>Az\u0259rbaycan v\u0259 Qazax\u0131stan prezidentl\u0259rinin son ill\u0259r qar\u015f\u0131l\u0131ql\u0131 s\u0259f\u0259rl\u0259ri ikit\u0259r\u0259fli m\u00fcnasib\u0259tl\u0259r\u0259 m\u00fcsb\u0259t t\u0259sirini g\u00f6st\u0259rib. Bu kontekstd\u0259 Prezident\u00a0<strong>\u0130lham \u018fliyev<\/strong>in 2023-c\u00fc il aprelin 10-da Qazax\u0131stana r\u0259smi s\u0259f\u0259rinin \u0259h\u0259miyy\u0259ti x\u00fcsusi qeyd olunub. Diqq\u0259t\u0259 \u00e7atd\u0131r\u0131l\u0131b ki, bu s\u0259f\u0259r zaman\u0131 iki \u00f6lk\u0259 aras\u0131nda Ali D\u00f6vl\u0259tl\u0259raras\u0131 \u015euran\u0131n yarad\u0131lmas\u0131, imzalanm\u0131\u015f s\u0259n\u0259dl\u0259r qar\u015f\u0131l\u0131ql\u0131 m\u00fcnasib\u0259tl\u0259rimizin daha da inki\u015faf\u0131na xidm\u0259t edir. Bununla yana\u015f\u0131, Astana \u015f\u0259h\u0259rind\u0259 Heyd\u0259r \u018fliyev ad\u0131na k\u00fc\u00e7\u0259nin a\u00e7\u0131lmas\u0131 Qazax\u0131standa ulu \u00f6nd\u0259rin xatir\u0259sin\u0259 olan ehtiram\u0131n g\u00f6st\u0259ricisidir.<\/p>\n<p>G\u00f6r\u00fc\u015fd\u0259 bildirilib ki, \u00f6lk\u0259l\u0259rimiz ist\u0259r ikit\u0259r\u0259fli formatda, ist\u0259rs\u0259 d\u0259 beyn\u0259lxalq t\u0259\u015fkilatlar \u00e7\u0259r\u00e7iv\u0259sind\u0259 f\u0259al \u0259m\u0259kda\u015fl\u0131q edirl\u0259r. O c\u00fcml\u0259d\u0259n, T\u00dcRKPA \u00e7\u0259r\u00e7iv\u0259sind\u0259 \u0259laq\u0259l\u0259rin \u0259h\u0259miyy\u0259ti diqq\u0259t\u0259 \u00e7atd\u0131r\u0131l\u0131b.<\/p>\n<p>T\u0259r\u0259fl\u0259r d\u00f6vl\u0259tl\u0259raras\u0131 m\u00fcnasib\u0259tl\u0259rin inki\u015faf\u0131nda Az\u0259rbaycan v\u0259 Qazax\u0131stan parlamentl\u0259rinin roluna diqq\u0259t \u00e7\u0259k\u0259r\u0259k, qanunvericilik orqanlar\u0131m\u0131z aras\u0131nda \u0259laq\u0259l\u0259rin haz\u0131rk\u0131 s\u0259viyy\u0259sinin raz\u0131l\u0131q do\u011furdu\u011funu vur\u011fulay\u0131blar. Bildirilib ki, son ill\u0259rd\u0259 parlament r\u0259hb\u0259rl\u0259ri s\u0259viyy\u0259sind\u0259 m\u00fct\u0259madi qar\u015f\u0131l\u0131ql\u0131 s\u0259f\u0259rl\u0259rin h\u0259yata ke\u00e7irilm\u0259si \u0259laq\u0259l\u0259rin inki\u015faf\u0131na x\u00fcsusi t\u00f6hf\u0259 verib. H\u0259m\u00e7inin, h\u0259r iki \u00f6lk\u0259nin parlamentl\u0259rind\u0259 m\u00f6vcud olan dostluq qruplar\u0131n\u0131n f\u0259aliyy\u0259ti m\u00fcsb\u0259t qiym\u0259tl\u0259ndirilib. Bildirilib ki, deputatlar\u0131n qar\u015f\u0131l\u0131ql\u0131 s\u0259f\u0259rl\u0259ri, n\u00fcfuzlu beyn\u0259lxalq parlament t\u0259\u015fkilatlar\u0131nda m\u00fct\u0259madi g\u00f6r\u00fc\u015fl\u0259rin ke\u00e7irilm\u0259si \u0259laq\u0259l\u0259rimizin daha da inki\u015faf\u0131 v\u0259 t\u0259r\u0259fl\u0259ri maraqland\u0131ran m\u0259s\u0259l\u0259l\u0259rin m\u00fczakir\u0259si bax\u0131m\u0131ndan \u0259h\u0259miyy\u0259tlidir.<\/p>\n<p>S\u00f6hb\u0259t zaman\u0131 Milli M\u0259clisin s\u0259dri Sahib\u0259 Qafarova Az\u0259rbaycan\u0131n i\u015f\u011faldan azad olunmu\u015f \u0259razil\u0259rind\u0259 h\u0259yata ke\u00e7irdiyi geni\u015fmiqyasl\u0131 quruculuq v\u0259 b\u0259rpa i\u015fl\u0259ri, Erm\u0259nistan\u0131n regionda davaml\u0131 s\u00fclh\u00fcn t\u0259min olunmas\u0131na qar\u015f\u0131 y\u00f6n\u0259lmi\u015f t\u0259xribat\u00e7\u0131 h\u0259r\u0259k\u0259tl\u0259ri bar\u0259d\u0259 d\u0259 geni\u015f m\u0259lumat verib.<\/p>\n<p>G\u00f6r\u00fc\u015fd\u0259 qar\u015f\u0131l\u0131ql\u0131 maraq do\u011furan dig\u0259r m\u0259s\u0259l\u0259l\u0259r bar\u0259d\u0259 d\u0259 geni\u015f fikir m\u00fcbadil\u0259si apar\u0131l\u0131b.<\/p>\n<p>&nbsp;<\/p>\n<div class=\"gallery\">\n<div class=\"gallery-i\"><img src=\"https:\/\/cdn.oxu.az\/uploads\/W1siZiIsIjIwMjMvMDQvMTUvMTEvMjUvNTgvZWVmNmRhMTktOTZhYi00NzI2LWE0NDQtOTU1YzgzNDdmZTYzL2YxZDg3OWEzLTJmNjAtM2UwYS05NDBjLWVhYzFmYTNhYzI5ZS5qcGciXSxbInAiLCJlbmNvZGUiLCJqcGciLCItcXVhbGl0eSA4MCJdLFsicCIsInRodW1iIiwiNTkweDU5MFx1MDAzZSJdXQ?sha=0d9bd77edbc99d00\" alt=\"\" \/><\/p>\n<div class=\"gallery-i-caption\"><\/div>\n<\/div>\n<div class=\"gallery-i\"><img src=\"https:\/\/cdn.oxu.az\/uploads\/W1siZiIsIjIwMjMvMDQvMTUvMTEvMjUvNTgvYzJlMThjMzYtNjhmMy00MmY2LTllYjctNWE2MzliYjA5ZmQ0LzViNjMwMTViLTc0MzctM2Q4Ny04NGU4LWQ1OTg2ZjkwNDQyMC5qcGciXSxbInAiLCJlbmNvZGUiLCJqcGciLCItcXVhbGl0eSA4MCJdLFsicCIsInRodW1iIiwiNTkweDU5MFx1MDAzZSJdXQ?sha=65ae245d4954ec59\" alt=\"\" \/><\/p>\n<div class=\"gallery-i-caption\"><\/div>\n<\/div>\n<div class=\"gallery-i\"><img src=\"https:\/\/cdn.oxu.az\/uploads\/W1siZiIsIjIwMjMvMDQvMTUvMTEvMjUvNTcvZTg5Y2QxM2UtY2VmNy00NGVlLThjY2MtMTcyYWFkZTQxYjRkL2FhODliZDk1LTEyYjMtM2QzMy1hNWMyLTI4YTEzYzQ5YmRmMC5qcGciXSxbInAiLCJlbmNvZGUiLCJqcGciLCItcXVhbGl0eSA4MCJdLFsicCIsInRodW1iIiwiNTkweDU5MFx1MDAzZSJdXQ?sha=062777684c3fc874\" alt=\"\" \/><\/p>\n<div class=\"gallery-i-caption\"><\/div>\n<\/div>\n<div class=\"gallery-i\"><img src=\"https:\/\/cdn.oxu.az\/uploads\/W1siZiIsIjIwMjMvMDQvMTUvMTEvMjUvNTgvNTkzM2IxYmEtYmMxZC00OWIzLWJjZGQtMWI4MWEyNTcwMmRmLzkzNGFhNzNmLTFiMzgtMzIwZC1iZmFjLWViZmUzZjNlZmIwNi5qcGciXSxbInAiLCJlbmNvZGUiLCJqcGciLCItcXVhbGl0eSA4MCJdLFsicCIsInRodW1iIiwiNTkweDU5MFx1MDAzZSJdXQ?sha=e92c68d6219ffb6d\" alt=\"\" \/><\/div>\n<\/div>\n","protected":false},"excerpt":{"rendered":"<p>Milli M\u0259clisin s\u0259dri Sahib\u0259 Qafarova Rusiya Federasiyas\u0131na i\u015fg\u00fczar s\u0259f\u0259ri \u00e7\u0259r\u00e7iv\u0259sind\u0259 Sankt-Peterburqda Qazax\u0131stan Respublikas\u0131 Parlamenti Senat\u0131n\u0131n s\u0259dri Maulen A\u015fimbayev il\u0259 g\u00f6r\u00fc\u015f\u00fcb. Bu bar\u0259d\u0259 Milli M\u0259clisin M\u0259tbuat Xidm\u0259ti m\u0259lumat yay\u0131b. G\u00f6r\u00fc\u015fd\u0259 qeyd olunub ki, dost v\u0259 qarda\u015f \u00f6lk\u0259l\u0259rimiz aras\u0131nda m\u00fcnasib\u0259tl\u0259r u\u011furlu inki\u015faf dinamikas\u0131na malikdir. Bir \u00e7ox sah\u0259l\u0259ri \u0259hat\u0259 ed\u0259n \u0259laq\u0259l\u0259rimizin inki\u015faf\u0131nda d\u00f6vl\u0259t ba\u015f\u00e7\u0131lar\u0131n\u0131n x\u00fcsusi rolu diqq\u0259t\u0259 \u00e7atd\u0131r\u0131laraq vur\u011fulan\u0131b ki, d\u00f6vl\u0259t ba\u015f\u00e7\u0131lar\u0131m\u0131z\u0131n s\u0131x m\u00fcnasib\u0259tl\u0259ri \u00f6lk\u0259l\u0259rimiz aras\u0131nda \u0259laq\u0259l\u0259r\u0259 m\u00fch\u00fcm t\u00f6hf\u0259 verir, ikit\u0259r\u0259fli \u0259m\u0259kda\u015fl\u0131\u011f\u0131n y\u00fcks\u0259l\u0259n x\u0259tl\u0259 inki\u015faf\u0131na v\u0259 daha da g\u00fccl\u0259nm\u0259sin\u0259 xidm\u0259t edir. Az\u0259rbaycan v\u0259 Qazax\u0131stan prezidentl\u0259rinin son ill\u0259r qar\u015f\u0131l\u0131ql\u0131 s\u0259f\u0259rl\u0259ri ikit\u0259r\u0259fli m\u00fcnasib\u0259tl\u0259r\u0259 m\u00fcsb\u0259t t\u0259sirini&hellip;<\/p>\n","protected":false},"author":2,"featured_media":589883,"comment_status":"closed","ping_status":"closed","sticky":false,"template":"","format":"standard","meta":{"om_disable_all_campaigns":false,"_monsterinsights_skip_tracking":false,"_monsterinsights_sitenote_active":false,"_monsterinsights_sitenote_note":"","_monsterinsights_sitenote_category":0},"categories":[1],"tags":[],"aioseo_notices":[],"gutentor_comment":0,"rttpg_featured_image_url":{"full":["https:\/\/arantv.az\/wp-content\/uploads\/2023\/04\/b2bec0c7-5aa4-37f6-b575-cea2ceb863fe_850.jpg",620,413,false],"landscape":["https:\/\/arantv.az\/wp-content\/uploads\/2023\/04\/b2bec0c7-5aa4-37f6-b575-cea2ceb863fe_850.jpg",620,413,false],"portraits":["https:\/\/arantv.az\/wp-content\/uploads\/2023\/04\/b2bec0c7-5aa4-37f6-b575-cea2ceb863fe_850.jpg",620,413,false],"thumbnail":["https:\/\/arantv.az\/wp-content\/uploads\/2023\/04\/b2bec0c7-5aa4-37f6-b575-cea2ceb863fe_850-500x280.jpg",500,280,true],"medium":["https:\/\/arantv.az\/wp-content\/uploads\/2023\/04\/b2bec0c7-5aa4-37f6-b575-cea2ceb863fe_850-548x365.jpg",548,365,true],"large":["https:\/\/arantv.az\/wp-content\/uploads\/2023\/04\/b2bec0c7-5aa4-37f6-b575-cea2ceb863fe_850.jpg",620,413,false],"1536x1536":["https:\/\/arantv.az\/wp-content\/uploads\/2023\/04\/b2bec0c7-5aa4-37f6-b575-cea2ceb863fe_850.jpg",620,413,false],"2048x2048":["https:\/\/arantv.az\/wp-content\/uploads\/2023\/04\/b2bec0c7-5aa4-37f6-b575-cea2ceb863fe_850.jpg",620,413,false],"post-thumbnail":["https:\/\/arantv.az\/wp-content\/uploads\/2023\/04\/b2bec0c7-5aa4-37f6-b575-cea2ceb863fe_850-240x172.jpg",240,172,true],"advps-thumb-one":["https:\/\/arantv.az\/wp-content\/uploads\/2023\/04\/b2bec0c7-5aa4-37f6-b575-cea2ceb863fe_850.jpg",620,413,false]},"rttpg_author":{"display_name":"V\u00fcsal Rafiqo\u011flu","author_link":"https:\/\/arantv.az\/?author=2"},"rttpg_comment":0,"rttpg_category":"<a href=\"https:\/\/arantv.az\/?cat=1\" rel=\"category\">C\u0259miyy\u0259t<\/a>","rttpg_excerpt":"Milli M\u0259clisin s\u0259dri Sahib\u0259 Qafarova Rusiya Federasiyas\u0131na i\u015fg\u00fczar s\u0259f\u0259ri \u00e7\u0259r\u00e7iv\u0259sind\u0259 Sankt-Peterburqda Qazax\u0131stan Respublikas\u0131 Parlamenti Senat\u0131n\u0131n s\u0259dri Maulen A\u015fimbayev il\u0259 g\u00f6r\u00fc\u015f\u00fcb. Bu bar\u0259d\u0259 Milli M\u0259clisin M\u0259tbuat Xidm\u0259ti m\u0259lumat yay\u0131b. G\u00f6r\u00fc\u015fd\u0259 qeyd olunub ki, dost v\u0259 qarda\u015f \u00f6lk\u0259l\u0259rimiz aras\u0131nda m\u00fcnasib\u0259tl\u0259r u\u011furlu inki\u015faf dinamikas\u0131na malikdir. Bir \u00e7ox sah\u0259l\u0259ri \u0259hat\u0259 ed\u0259n \u0259laq\u0259l\u0259rimizin inki\u015faf\u0131nda d\u00f6vl\u0259t ba\u015f\u00e7\u0131lar\u0131n\u0131n x\u00fcsusi rolu diqq\u0259t\u0259 \u00e7atd\u0131r\u0131laraq&hellip;","_links":{"self":[{"href":"https:\/\/arantv.az\/index.php?rest_route=\/wp\/v2\/posts\/589882"}],"collection":[{"href":"https:\/\/arantv.az\/index.php?rest_route=\/wp\/v2\/posts"}],"about":[{"href":"https:\/\/arantv.az\/index.php?rest_route=\/wp\/v2\/types\/post"}],"author":[{"embeddable":true,"href":"https:\/\/arantv.az\/index.php?rest_route=\/wp\/v2\/users\/2"}],"replies":[{"embeddable":true,"href":"https:\/\/arantv.az\/index.php?rest_route=%2Fwp%2Fv2%2Fcomments&post=589882"}],"version-history":[{"count":0,"href":"https:\/\/arantv.az\/index.php?rest_route=\/wp\/v2\/posts\/589882\/revisions"}],"wp:featuredmedia":[{"embeddable":true,"href":"https:\/\/arantv.az\/index.php?rest_route=\/wp\/v2\/media\/589883"}],"wp:attachment":[{"href":"https:\/\/arantv.az\/index.php?rest_route=%2Fwp%2Fv2%2Fmedia&parent=589882"}],"wp:term":[{"taxonomy":"category","embeddable":true,"href":"https:\/\/arantv.az\/index.php?rest_route=%2Fwp%2Fv2%2Fcategories&post=589882"},{"taxonomy":"post_tag","embeddable":true,"href":"https:\/\/arantv.az\/index.php?rest_route=%2Fwp%2Fv2%2Ftags&post=589882"}],"curies":[{"name":"wp","href":"https:\/\/api.w.org\/{rel}","templated":true}]}}