{"id":589886,"date":"2023-04-15T11:52:42","date_gmt":"2023-04-15T07:52:42","guid":{"rendered":"https:\/\/arantv.az\/?p=589886"},"modified":"2023-04-15T11:52:42","modified_gmt":"2023-04-15T07:52:42","slug":"%c9%99dal%c9%99ti-ozumuz-b%c9%99rq%c9%99rar-etm%c9%99liyik","status":"publish","type":"post","link":"https:\/\/arantv.az\/?p=589886","title":{"rendered":"\u018fdal\u0259ti \u00f6z\u00fcm\u00fcz b\u0259rq\u0259rar etm\u0259liyik!"},"content":{"rendered":"<p>Erm\u0259nil\u0259rin \u0259sir d\u00fc\u015fm\u00fc\u015f az\u0259rbaycanl\u0131 \u0259sg\u0259rl\u0259 ba\u011fl\u0131 \u00e7\u0259kib, f\u0259xrl\u0259 yayd\u0131qlar\u0131 kadrlar bir r\u0259zal\u0259t n\u00fcmun\u0259sidir. O kadrlara baxmaq h\u0259qiq\u0259t\u0259n \u00e7ox \u00e7\u0259tindir. \u00d6z\u00fc d\u0259 buna 2-3 n\u0259f\u0259rin etdiyi i\u015f kimi yana\u015fmaq laz\u0131m deyil. Bu, erm\u0259ni toplumunun \u0259lind\u0259n \u00e7\u0131xan i\u015fdir. Erm\u0259nil\u0259r tarix boyu biz\u0259 qar\u015f\u0131 h\u0259mi\u015f\u0259 bel\u0259 davran\u0131blar. 1905, 1918-ci ill\u0259rd\u0259 d\u0259, Birinci Qaraba\u011f sava\u015f\u0131nda da, Xocal\u0131da soyq\u0131r\u0131m\u0131n\u0131 t\u00f6r\u0259d\u0259nd\u0259 d\u0259&#8230; Edibl\u0259r, he\u00e7 \u201cuf\u201d da dem\u0259yibl\u0259r.<\/p>\n<p>Bu kadrlar h\u0259m d\u0259 erm\u0259nil\u0259rin n\u0259 d\u0259r\u0259c\u0259d\u0259 aciz, yaz\u0131q durumda oldu\u011funu g\u00f6st\u0259rir. \u018fliyal\u0131n, bir ne\u00e7\u0259 g\u00fcnd\u00fcr ac qalan bir yeniyetm\u0259ni d\u00f6y\u00fcb, i\u015fg\u0259nc\u0259 verib, bundan z\u00f6vq alacaq q\u0259d\u0259r x\u0259st\u0259 t\u0259f\u0259kk\u00fcrl\u00fcd\u00fcrl\u0259r.<\/p>\n<p><strong>\u018fkr\u0259m \u018fylisliy\u0259 g\u00f6st\u0259rm\u0259k laz\u0131md\u0131r<\/strong><\/p>\n<p>O kadrlara baxmaq, h\u0259qiq\u0259t\u0259n, \u00e7ox \u00e7\u0259tindir. Amma \u00e7\u0259tin d\u0259 olsa, bu kadrlar\u0131 apar\u0131b \u201cda\u015f yuxu\u201dsuna ged\u0259n \u201cyaz\u0131\u00e7\u0131m\u0131z\u201d \u018fkr\u0259m \u018fylisliy\u0259 d\u0259 g\u00f6st\u0259rm\u0259k laz\u0131md\u0131r. Qoy baxs\u0131n, m\u00fcdafi\u0259sin\u0259 qalxd\u0131\u011f\u0131 xalq\u0131n n\u00fcmay\u0259nd\u0259l\u0259rinin hans\u0131 \u0259xlaq\u0131n sahibi oldu\u011funu g\u00f6rs\u00fcn. B\u0259lk\u0259 g\u0259l\u0259c\u0259kd\u0259 d\u00fc\u015f\u00fcnc\u0259l\u0259rin\u0259 t\u0259sir ed\u0259r.<\/p>\n<p>\u00c7\u0259tin d\u0259 olsa, bu kadrlar\u0131 t\u0259krar-t\u0259krar biz\u0259 humanizm d\u0259rsi ke\u00e7\u0259n, \u0259limizi silaha atanda \u00f6zl\u0259rind\u0259n ged\u0259nl\u0259r\u0259 d\u0259 g\u00f6st\u0259rm\u0259k laz\u0131md\u0131r. Qoy bilsinl\u0259r ki, sabah onlarla da bel\u0259 davran\u0131la bil\u0259r.<\/p>\n<p><strong>Ed\u0259n erm\u0259ni, i\u015fg\u0259nc\u0259y\u0259 m\u0259ruz qalan az\u0259rbaycanl\u0131 olanda<\/strong><\/p>\n<p>Bu kadrlar\u0131 h\u0259m d\u0259 tez-tez \u0259dal\u0259td\u0259n d\u0259m vuran, Az\u0259rbaycan\u0131 erm\u0259nil\u0259r\u0259 qar\u015f\u0131 humanizmd\u0259n uzaq davran\u0131\u015flarda ittiham ed\u0259n beyn\u0259lxalq t\u0259\u015fkilatlar\u0131n n\u00fcmay\u0259nd\u0259l\u0259rin\u0259 d\u0259 g\u00f6st\u0259rm\u0259k laz\u0131md\u0131r. 2 g\u00fcnd\u00fcr bir d\u0259n\u0259sind\u0259n s\u0259s \u00e7\u0131xm\u0131r. Sanki qurba\u011fa g\u00f6l\u00fcn\u0259 da\u015f atm\u0131san.<\/p>\n<p>\u0130ndi t\u0259s\u0259vv\u00fcr edin ki, bu hadis\u0259 Az\u0259rbaycan t\u0259r\u0259find\u0259 ba\u015f vers\u0259ydi n\u0259l\u0259r olard\u0131. H\u0259min o beyn\u0259lxalq t\u0259\u015fkilatlar az qala BMT T\u0259hl\u00fck\u0259sizlik \u015euras\u0131n\u0131n iclas\u0131n\u0131n \u00e7a\u011f\u0131r\u0131lmas\u0131n\u0131 ist\u0259y\u0259rdil\u0259r. Ed\u0259n erm\u0259ni, i\u015fg\u0259nc\u0259y\u0259 m\u0259ruz qalan az\u0259rbaycanl\u0131 olanda is\u0259 h\u0259r \u015fey yaddan \u00e7\u0131x\u0131r, b\u0131\u011falt\u0131 n\u0259s\u0259 m\u0131z\u0131ldanmaqla i\u015fl\u0259rini bitmi\u015f hesab edirl\u0259r.<\/p>\n<p><strong>N\u0259 yax\u015f\u0131 ki, g\u00fccl\u00fc ordumuz var<\/strong><\/p>\n<p>Sa\u011f olsunlar, h\u0259r ke\u00e7\u0259n g\u00fcn d\u00fcnyan\u0131n n\u0259 d\u0259r\u0259c\u0259d\u0259 \u0259dal\u0259tsiz oldu\u011funu biz\u0259 g\u00f6st\u0259rirl\u0259r. Bizi agah edirl\u0259r ki, \u0259dal\u0259ti beyn\u0259lxalq h\u00fcquqda, ba\u015fqa qap\u0131larda axtarma\u011f\u0131n m\u0259nas\u0131 yoxdur. \u018fdal\u0259ti \u00f6z\u00fcm\u00fcz b\u0259rq\u0259rar etm\u0259liyik!<\/p>\n<p>Bu kadrlara baxanda v\u0259 \u0259traf al\u0259min reaksiyas\u0131n\u0131 g\u00f6r\u0259nd\u0259 yaln\u0131z bunu d\u00fc\u015f\u00fcn\u00fcr\u0259m: n\u0259 yax\u015f\u0131 ki, bu g\u00fcn g\u00fccl\u00fc ordumuz var! Ordumuz olmasa, onun g\u00fcc\u00fcn\u00fc \u00fcz\u0259rl\u0259rind\u0259 hiss etm\u0259s\u0259l\u0259r, bizi xalq kimi o \u0259sir d\u00fc\u015f\u0259n \u0259sg\u0259rimizin hal\u0131na salarlar, d\u00fcnyan\u0131n t\u00fck\u00fc d\u0259 t\u0259rp\u0259nm\u0259z. Ona g\u00f6r\u0259 d\u0259 co\u011frafiyan\u0131 bir qism\u0259t kimi q\u0259bul edib h\u0259mi\u015f\u0259 g\u00f6zd\u0259-qulaqda olmal\u0131, \u201cd\u0259mir yumru\u011f\u201dumuzu s\u0131x\u0131b g\u00f6zl\u0259m\u0259liyik.<\/p>\n<p><strong>\u201c<a href=\"https:\/\/kaspi.az\/\" target=\"_blank\" rel=\"noopener\">Kaspi<\/a>\u201d\u00a0q\u0259zetinin ba\u015f redaktoru\u00a0\u0130lham Quliyev<\/strong><\/p>\n","protected":false},"excerpt":{"rendered":"<p>Erm\u0259nil\u0259rin \u0259sir d\u00fc\u015fm\u00fc\u015f az\u0259rbaycanl\u0131 \u0259sg\u0259rl\u0259 ba\u011fl\u0131 \u00e7\u0259kib, f\u0259xrl\u0259 yayd\u0131qlar\u0131 kadrlar bir r\u0259zal\u0259t n\u00fcmun\u0259sidir. O kadrlara baxmaq h\u0259qiq\u0259t\u0259n \u00e7ox \u00e7\u0259tindir. \u00d6z\u00fc d\u0259 buna 2-3 n\u0259f\u0259rin etdiyi i\u015f kimi yana\u015fmaq laz\u0131m deyil. Bu, erm\u0259ni toplumunun \u0259lind\u0259n \u00e7\u0131xan i\u015fdir. Erm\u0259nil\u0259r tarix boyu biz\u0259 qar\u015f\u0131 h\u0259mi\u015f\u0259 bel\u0259 davran\u0131blar. 1905, 1918-ci ill\u0259rd\u0259 d\u0259, Birinci Qaraba\u011f sava\u015f\u0131nda da, Xocal\u0131da soyq\u0131r\u0131m\u0131n\u0131 t\u00f6r\u0259d\u0259nd\u0259 d\u0259&#8230; Edibl\u0259r, he\u00e7 \u201cuf\u201d da dem\u0259yibl\u0259r. Bu kadrlar h\u0259m d\u0259 erm\u0259nil\u0259rin n\u0259 d\u0259r\u0259c\u0259d\u0259 aciz, yaz\u0131q durumda oldu\u011funu g\u00f6st\u0259rir. \u018fliyal\u0131n, bir ne\u00e7\u0259 g\u00fcnd\u00fcr ac qalan bir yeniyetm\u0259ni d\u00f6y\u00fcb, i\u015fg\u0259nc\u0259 verib, bundan z\u00f6vq alacaq q\u0259d\u0259r x\u0259st\u0259 t\u0259f\u0259kk\u00fcrl\u00fcd\u00fcrl\u0259r.&hellip;<\/p>\n","protected":false},"author":2,"featured_media":589887,"comment_status":"closed","ping_status":"closed","sticky":false,"template":"","format":"standard","meta":{"om_disable_all_campaigns":false,"_monsterinsights_skip_tracking":false,"_monsterinsights_sitenote_active":false,"_monsterinsights_sitenote_note":"","_monsterinsights_sitenote_category":0},"categories":[4],"tags":[],"aioseo_notices":[],"gutentor_comment":0,"rttpg_featured_image_url":{"full":["https:\/\/arantv.az\/wp-content\/uploads\/2023\/04\/s8Tj0GQc6QvzYQAPQTRM0clCjm45H371WqMZAhFx.jpg",620,413,false],"landscape":["https:\/\/arantv.az\/wp-content\/uploads\/2023\/04\/s8Tj0GQc6QvzYQAPQTRM0clCjm45H371WqMZAhFx.jpg",620,413,false],"portraits":["https:\/\/arantv.az\/wp-content\/uploads\/2023\/04\/s8Tj0GQc6QvzYQAPQTRM0clCjm45H371WqMZAhFx.jpg",620,413,false],"thumbnail":["https:\/\/arantv.az\/wp-content\/uploads\/2023\/04\/s8Tj0GQc6QvzYQAPQTRM0clCjm45H371WqMZAhFx-500x280.jpg",500,280,true],"medium":["https:\/\/arantv.az\/wp-content\/uploads\/2023\/04\/s8Tj0GQc6QvzYQAPQTRM0clCjm45H371WqMZAhFx-548x365.jpg",548,365,true],"large":["https:\/\/arantv.az\/wp-content\/uploads\/2023\/04\/s8Tj0GQc6QvzYQAPQTRM0clCjm45H371WqMZAhFx.jpg",620,413,false],"1536x1536":["https:\/\/arantv.az\/wp-content\/uploads\/2023\/04\/s8Tj0GQc6QvzYQAPQTRM0clCjm45H371WqMZAhFx.jpg",620,413,false],"2048x2048":["https:\/\/arantv.az\/wp-content\/uploads\/2023\/04\/s8Tj0GQc6QvzYQAPQTRM0clCjm45H371WqMZAhFx.jpg",620,413,false],"post-thumbnail":["https:\/\/arantv.az\/wp-content\/uploads\/2023\/04\/s8Tj0GQc6QvzYQAPQTRM0clCjm45H371WqMZAhFx-240x172.jpg",240,172,true],"advps-thumb-one":["https:\/\/arantv.az\/wp-content\/uploads\/2023\/04\/s8Tj0GQc6QvzYQAPQTRM0clCjm45H371WqMZAhFx.jpg",620,413,false]},"rttpg_author":{"display_name":"V\u00fcsal Rafiqo\u011flu","author_link":"https:\/\/arantv.az\/?author=2"},"rttpg_comment":0,"rttpg_category":"<a href=\"https:\/\/arantv.az\/?cat=4\" rel=\"category\">Siyas\u0259t<\/a>","rttpg_excerpt":"Erm\u0259nil\u0259rin \u0259sir d\u00fc\u015fm\u00fc\u015f az\u0259rbaycanl\u0131 \u0259sg\u0259rl\u0259 ba\u011fl\u0131 \u00e7\u0259kib, f\u0259xrl\u0259 yayd\u0131qlar\u0131 kadrlar bir r\u0259zal\u0259t n\u00fcmun\u0259sidir. O kadrlara baxmaq h\u0259qiq\u0259t\u0259n \u00e7ox \u00e7\u0259tindir. \u00d6z\u00fc d\u0259 buna 2-3 n\u0259f\u0259rin etdiyi i\u015f kimi yana\u015fmaq laz\u0131m deyil. Bu, erm\u0259ni toplumunun \u0259lind\u0259n \u00e7\u0131xan i\u015fdir. Erm\u0259nil\u0259r tarix boyu biz\u0259 qar\u015f\u0131 h\u0259mi\u015f\u0259 bel\u0259 davran\u0131blar. 1905, 1918-ci ill\u0259rd\u0259 d\u0259, Birinci Qaraba\u011f sava\u015f\u0131nda da, Xocal\u0131da soyq\u0131r\u0131m\u0131n\u0131 t\u00f6r\u0259d\u0259nd\u0259&hellip;","_links":{"self":[{"href":"https:\/\/arantv.az\/index.php?rest_route=\/wp\/v2\/posts\/589886"}],"collection":[{"href":"https:\/\/arantv.az\/index.php?rest_route=\/wp\/v2\/posts"}],"about":[{"href":"https:\/\/arantv.az\/index.php?rest_route=\/wp\/v2\/types\/post"}],"author":[{"embeddable":true,"href":"https:\/\/arantv.az\/index.php?rest_route=\/wp\/v2\/users\/2"}],"replies":[{"embeddable":true,"href":"https:\/\/arantv.az\/index.php?rest_route=%2Fwp%2Fv2%2Fcomments&post=589886"}],"version-history":[{"count":0,"href":"https:\/\/arantv.az\/index.php?rest_route=\/wp\/v2\/posts\/589886\/revisions"}],"wp:featuredmedia":[{"embeddable":true,"href":"https:\/\/arantv.az\/index.php?rest_route=\/wp\/v2\/media\/589887"}],"wp:attachment":[{"href":"https:\/\/arantv.az\/index.php?rest_route=%2Fwp%2Fv2%2Fmedia&parent=589886"}],"wp:term":[{"taxonomy":"category","embeddable":true,"href":"https:\/\/arantv.az\/index.php?rest_route=%2Fwp%2Fv2%2Fcategories&post=589886"},{"taxonomy":"post_tag","embeddable":true,"href":"https:\/\/arantv.az\/index.php?rest_route=%2Fwp%2Fv2%2Ftags&post=589886"}],"curies":[{"name":"wp","href":"https:\/\/api.w.org\/{rel}","templated":true}]}}