{"id":589901,"date":"2023-04-15T14:01:43","date_gmt":"2023-04-15T10:01:43","guid":{"rendered":"https:\/\/arantv.az\/?p=589901"},"modified":"2023-04-15T14:01:43","modified_gmt":"2023-04-15T10:01:43","slug":"ir%c9%99vanda-az%c9%99rbaycana-qarsi-t%c9%99xribat-nec%c9%99-ola-bil%c9%99r-ki-akkreditasiyasi-olan-s%c9%99xs-zala-alisqanla-kecsin","status":"publish","type":"post","link":"https:\/\/arantv.az\/?p=589901","title":{"rendered":"\u0130r\u0259vanda Az\u0259rbaycana qar\u015f\u0131 t\u0259xribat: \u201cNec\u0259 ola bil\u0259r ki, akkreditasiyas\u0131 olan \u015f\u0259xs zala al\u0131\u015fqanla ke\u00e7sin?!\u201d"},"content":{"rendered":"<p>Az\u0259rbaycan \u0130dman Jurnalistl\u0259ri \u0130ctimai Birliyi (A\u0130J\u0130B) Erm\u0259nistan\u0131n paytaxt\u0131 \u0130r\u0259vanda ke\u00e7iril\u0259n a\u011f\u0131r atletika \u00fczr\u0259 Avropa \u00e7empionat\u0131n\u0131n a\u00e7\u0131l\u0131\u015f m\u0259rasimind\u0259 Az\u0259rbaycana qar\u015f\u0131 ba\u015f vermi\u015f t\u0259xribatla ba\u011fl\u0131 etiraz t\u0259dbiri ke\u00e7irib.<\/p>\n<p><strong>ARANTV.AZ<\/strong>\u00a0x\u0259b\u0259r verir ki, m\u00f6t\u0259b\u0259r t\u0259dbird\u0259 Az\u0259rbaycan bayra\u011f\u0131n\u0131n yand\u0131r\u0131lmas\u0131 s\u0259rt \u015f\u0259kild\u0259 q\u0131nan\u0131l\u0131b.<\/p>\n<p>A\u0130J\u0130B-in s\u0259dri Az\u0259r \u0130smay\u0131lov bildirib ki, bu hadis\u0259 Erm\u0259nistan\u0131n bel\u0259 n\u00fcfuzlu t\u0259dbirl\u0259rin t\u0259\u015fkilin\u0259 haz\u0131r olmad\u0131\u011f\u0131n\u0131n g\u00f6st\u0259ricisidir:<\/p>\n<p>\u201cBu hadis\u0259y\u0259 g\u00f6r\u0259 t\u0259\u0259ss\u00fcfl\u0259nirik. \u0130dman s\u00fclh, birlik, dostluqdur. T\u0259\u0259ss\u00fcf ki, Erm\u0259nistanda idman t\u0259dbiri neqativ hadis\u0259 il\u0259 yadda qald\u0131. Ba\u015f ver\u0259ni \u015fidd\u0259tl\u0259 q\u0131nay\u0131r\u0131q. B\u00fct\u00fcn idman ictimaiyy\u0259tini bir olma\u011fa v\u0259 s\u0259simizi beyn\u0259lxalq al\u0259m\u0259 \u00e7atd\u0131rma\u011fa \u00e7al\u0131\u015f\u0131r\u0131q. Bu hadis\u0259nin Erm\u0259nistan\u0131n ba\u015f nazirinin g\u00f6z\u00fc qar\u015f\u0131s\u0131nda ba\u015f verm\u0259si, \u015f\u0259xsin d\u0259rhal burax\u0131lmas\u0131 bir daha Erm\u0259nistan ictimaiyy\u0259tinin n\u0259 q\u0259d\u0259r rasizm\u0259 meyilli oldu\u011funu, az\u0259rbaycanl\u0131lara nifr\u0259tinin nec\u0259 b\u00f6y\u00fck oldu\u011funu g\u00f6st\u0259rir. Az\u0259rbaycan\u0131n t\u0259\u015fkil etdiyi yar\u0131\u015flar\u0131n he\u00e7 birind\u0259 bu c\u00fcr hadis\u0259 ba\u015f verm\u0259yib. Beyn\u0259lxalq qurumlar\u0131, m\u0259tbuat t\u0259\u015fkilatlar\u0131n\u0131 aktiv olma\u011fa \u00e7a\u011f\u0131r\u0131r\u0131q. Bu hadis\u0259 bir daha Erm\u0259nistan\u0131n bel\u0259 t\u0259dbirl\u0259ri ke\u00e7irm\u0259y\u0259 haz\u0131r olmad\u0131\u011f\u0131n\u0131 g\u00f6st\u0259rir. Bu c\u00fcr t\u0259dbirl\u0259rin orada ke\u00e7irilm\u0259m\u0259si \u00fc\u00e7\u00fcn \u0259sas verir. Bunu b\u0259yanatla da g\u00f6st\u0259r\u0259c\u0259yik\u201d.<\/p>\n<p>Qurumun \u0130dar\u0259 Hey\u0259tinin \u00fczv\u00fc S\u0259nan \u015e\u0259fizad\u0259 hadis\u0259ni biab\u0131r\u00e7\u0131l\u0131q adland\u0131r\u0131b:<\/p>\n<p>\u201cBu, t\u0259xribat idi. H\u00f6kum\u0259t r\u0259smil\u0259ri olan yerd\u0259 bel\u0259 \u201ct\u0259hl\u00fck\u0259sizlik t\u0259dbirl\u0259ri\u201d olmur. Nec\u0259 ola bil\u0259r ki, akkreditasiyas\u0131 olan \u015f\u0259xs oraya al\u0131\u015fqanla ke\u00e7sin?! Az\u0259rbaycanda ke\u00e7iril\u0259n yar\u0131\u015flarda d\u0259f\u0259l\u0259rl\u0259 erm\u0259ni idman\u00e7\u0131lar i\u015ftirak edibl\u0259r. He\u00e7 bir halda problem ya\u015famay\u0131blar, h\u0259tta onlar Bak\u0131 g\u0259zintisin\u0259 d\u0259 \u00e7\u0131x\u0131blar.<\/p>\n<p>\u0130dman s\u00fclh\u00fcn car\u00e7\u0131s\u0131d\u0131r. Bel\u0259 t\u0259xribat biab\u0131r\u00e7\u0131l\u0131qd\u0131r. Bu h\u0259r\u0259k\u0259tl\u0259 g\u00f6st\u0259rirl\u0259r ki, \u00f6hd\u0259likl\u0259rini yerin\u0259 yetirmirl\u0259r. Onlar t\u0259hl\u00fck\u0259sizliy\u0259 d\u00f6vl\u0259t z\u0259man\u0259ti vermi\u015fdil\u0259r. Amma he\u00e7 a\u00e7\u0131l\u0131\u015f m\u0259rasimind\u0259 qoruma\u011f\u0131 bacarmad\u0131lar. \u00c7ox d\u00fczg\u00fcn q\u0259rard\u0131r ki, idman\u00e7\u0131lar\u0131m\u0131z art\u0131q V\u0259t\u0259n\u0259 qay\u0131d\u0131rlar. Yayaca\u011f\u0131m\u0131z b\u0259yanat Beyn\u0259lxalq Atletika Federasiyas\u0131na v\u0259 \u0130dman Jurnalistl\u0259ri Assosiasiyas\u0131na g\u00f6nd\u0259ril\u0259c\u0259k\u201d.<\/p>\n","protected":false},"excerpt":{"rendered":"<p>Az\u0259rbaycan \u0130dman Jurnalistl\u0259ri \u0130ctimai Birliyi (A\u0130J\u0130B) Erm\u0259nistan\u0131n paytaxt\u0131 \u0130r\u0259vanda ke\u00e7iril\u0259n a\u011f\u0131r atletika \u00fczr\u0259 Avropa \u00e7empionat\u0131n\u0131n a\u00e7\u0131l\u0131\u015f m\u0259rasimind\u0259 Az\u0259rbaycana qar\u015f\u0131 ba\u015f vermi\u015f t\u0259xribatla ba\u011fl\u0131 etiraz t\u0259dbiri ke\u00e7irib. ARANTV.AZ\u00a0x\u0259b\u0259r verir ki, m\u00f6t\u0259b\u0259r t\u0259dbird\u0259 Az\u0259rbaycan bayra\u011f\u0131n\u0131n yand\u0131r\u0131lmas\u0131 s\u0259rt \u015f\u0259kild\u0259 q\u0131nan\u0131l\u0131b. A\u0130J\u0130B-in s\u0259dri Az\u0259r \u0130smay\u0131lov bildirib ki, bu hadis\u0259 Erm\u0259nistan\u0131n bel\u0259 n\u00fcfuzlu t\u0259dbirl\u0259rin t\u0259\u015fkilin\u0259 haz\u0131r olmad\u0131\u011f\u0131n\u0131n g\u00f6st\u0259ricisidir: \u201cBu hadis\u0259y\u0259 g\u00f6r\u0259 t\u0259\u0259ss\u00fcfl\u0259nirik. \u0130dman s\u00fclh, birlik, dostluqdur. T\u0259\u0259ss\u00fcf ki, Erm\u0259nistanda idman t\u0259dbiri neqativ hadis\u0259 il\u0259 yadda qald\u0131. Ba\u015f ver\u0259ni \u015fidd\u0259tl\u0259 q\u0131nay\u0131r\u0131q. B\u00fct\u00fcn idman ictimaiyy\u0259tini bir olma\u011fa v\u0259 s\u0259simizi beyn\u0259lxalq al\u0259m\u0259 \u00e7atd\u0131rma\u011fa \u00e7al\u0131\u015f\u0131r\u0131q. Bu hadis\u0259nin Erm\u0259nistan\u0131n ba\u015f&hellip;<\/p>\n","protected":false},"author":2,"featured_media":589908,"comment_status":"closed","ping_status":"closed","sticky":false,"template":"","format":"standard","meta":{"om_disable_all_campaigns":false,"_monsterinsights_skip_tracking":false,"_monsterinsights_sitenote_active":false,"_monsterinsights_sitenote_note":"","_monsterinsights_sitenote_category":0},"categories":[6],"tags":[],"aioseo_notices":[],"gutentor_comment":0,"rttpg_featured_image_url":{"full":["https:\/\/arantv.az\/wp-content\/uploads\/2023\/04\/COvBR0dypmSH2E6qdCpzCfHnYO7y9tRxGcyU5OfQ.jpg",620,413,false],"landscape":["https:\/\/arantv.az\/wp-content\/uploads\/2023\/04\/COvBR0dypmSH2E6qdCpzCfHnYO7y9tRxGcyU5OfQ.jpg",620,413,false],"portraits":["https:\/\/arantv.az\/wp-content\/uploads\/2023\/04\/COvBR0dypmSH2E6qdCpzCfHnYO7y9tRxGcyU5OfQ.jpg",620,413,false],"thumbnail":["https:\/\/arantv.az\/wp-content\/uploads\/2023\/04\/COvBR0dypmSH2E6qdCpzCfHnYO7y9tRxGcyU5OfQ-500x280.jpg",500,280,true],"medium":["https:\/\/arantv.az\/wp-content\/uploads\/2023\/04\/COvBR0dypmSH2E6qdCpzCfHnYO7y9tRxGcyU5OfQ-548x365.jpg",548,365,true],"large":["https:\/\/arantv.az\/wp-content\/uploads\/2023\/04\/COvBR0dypmSH2E6qdCpzCfHnYO7y9tRxGcyU5OfQ.jpg",620,413,false],"1536x1536":["https:\/\/arantv.az\/wp-content\/uploads\/2023\/04\/COvBR0dypmSH2E6qdCpzCfHnYO7y9tRxGcyU5OfQ.jpg",620,413,false],"2048x2048":["https:\/\/arantv.az\/wp-content\/uploads\/2023\/04\/COvBR0dypmSH2E6qdCpzCfHnYO7y9tRxGcyU5OfQ.jpg",620,413,false],"post-thumbnail":["https:\/\/arantv.az\/wp-content\/uploads\/2023\/04\/COvBR0dypmSH2E6qdCpzCfHnYO7y9tRxGcyU5OfQ-240x172.jpg",240,172,true],"advps-thumb-one":["https:\/\/arantv.az\/wp-content\/uploads\/2023\/04\/COvBR0dypmSH2E6qdCpzCfHnYO7y9tRxGcyU5OfQ.jpg",620,413,false]},"rttpg_author":{"display_name":"V\u00fcsal Rafiqo\u011flu","author_link":"https:\/\/arantv.az\/?author=2"},"rttpg_comment":0,"rttpg_category":"<a href=\"https:\/\/arantv.az\/?cat=6\" rel=\"category\">\u0130dman<\/a>","rttpg_excerpt":"Az\u0259rbaycan \u0130dman Jurnalistl\u0259ri \u0130ctimai Birliyi (A\u0130J\u0130B) Erm\u0259nistan\u0131n paytaxt\u0131 \u0130r\u0259vanda ke\u00e7iril\u0259n a\u011f\u0131r atletika \u00fczr\u0259 Avropa \u00e7empionat\u0131n\u0131n a\u00e7\u0131l\u0131\u015f m\u0259rasimind\u0259 Az\u0259rbaycana qar\u015f\u0131 ba\u015f vermi\u015f t\u0259xribatla ba\u011fl\u0131 etiraz t\u0259dbiri ke\u00e7irib. ARANTV.AZ\u00a0x\u0259b\u0259r verir ki, m\u00f6t\u0259b\u0259r t\u0259dbird\u0259 Az\u0259rbaycan bayra\u011f\u0131n\u0131n yand\u0131r\u0131lmas\u0131 s\u0259rt \u015f\u0259kild\u0259 q\u0131nan\u0131l\u0131b. A\u0130J\u0130B-in s\u0259dri Az\u0259r \u0130smay\u0131lov bildirib ki, bu hadis\u0259 Erm\u0259nistan\u0131n bel\u0259 n\u00fcfuzlu t\u0259dbirl\u0259rin t\u0259\u015fkilin\u0259 haz\u0131r olmad\u0131\u011f\u0131n\u0131n g\u00f6st\u0259ricisidir: \u201cBu hadis\u0259y\u0259&hellip;","_links":{"self":[{"href":"https:\/\/arantv.az\/index.php?rest_route=\/wp\/v2\/posts\/589901"}],"collection":[{"href":"https:\/\/arantv.az\/index.php?rest_route=\/wp\/v2\/posts"}],"about":[{"href":"https:\/\/arantv.az\/index.php?rest_route=\/wp\/v2\/types\/post"}],"author":[{"embeddable":true,"href":"https:\/\/arantv.az\/index.php?rest_route=\/wp\/v2\/users\/2"}],"replies":[{"embeddable":true,"href":"https:\/\/arantv.az\/index.php?rest_route=%2Fwp%2Fv2%2Fcomments&post=589901"}],"version-history":[{"count":0,"href":"https:\/\/arantv.az\/index.php?rest_route=\/wp\/v2\/posts\/589901\/revisions"}],"wp:featuredmedia":[{"embeddable":true,"href":"https:\/\/arantv.az\/index.php?rest_route=\/wp\/v2\/media\/589908"}],"wp:attachment":[{"href":"https:\/\/arantv.az\/index.php?rest_route=%2Fwp%2Fv2%2Fmedia&parent=589901"}],"wp:term":[{"taxonomy":"category","embeddable":true,"href":"https:\/\/arantv.az\/index.php?rest_route=%2Fwp%2Fv2%2Fcategories&post=589901"},{"taxonomy":"post_tag","embeddable":true,"href":"https:\/\/arantv.az\/index.php?rest_route=%2Fwp%2Fv2%2Ftags&post=589901"}],"curies":[{"name":"wp","href":"https:\/\/api.w.org\/{rel}","templated":true}]}}