{"id":589996,"date":"2023-04-15T18:08:32","date_gmt":"2023-04-15T14:08:32","guid":{"rendered":"https:\/\/arantv.az\/?p=589996"},"modified":"2023-04-15T18:08:32","modified_gmt":"2023-04-15T14:08:32","slug":"turkiy%c9%99-pa-az%c9%99rbaycan-bayraginin-yandirilmasi-vandalizm-v%c9%99-kutl%c9%99vi-cahilliyin-t%c9%99zahurudur","status":"publish","type":"post","link":"https:\/\/arantv.az\/?p=589996","title":{"rendered":"T\u00fcrkiy\u0259 PA: Az\u0259rbaycan bayra\u011f\u0131n\u0131n yand\u0131r\u0131lmas\u0131 vandalizm v\u0259 k\u00fctl\u0259vi cahilliyin t\u0259zah\u00fcr\u00fcd\u00fcr"},"content":{"rendered":"<p>Beyn\u0259lxalq idman yar\u0131\u015f\u0131nda Az\u0259rbaycan bayra\u011f\u0131n\u0131n yand\u0131r\u0131lmas\u0131 vandalizm v\u0259 k\u00fctl\u0259vi cahilliyin t\u0259zah\u00fcr\u00fcd\u00fcr.<\/p>\n<p>Bu bar\u0259d\u0259\u00a0T\u00fcrkiy\u0259 Prezident Administrasiyas\u0131ndan (PA) bildirilib.<\/p>\n<p>Administrasiyadan o da bildirilib ki, bu kimi hallar yolverilm\u0259zdir.<\/p>\n<p>\u201cAz\u0259rbaycan bayra\u011f\u0131n\u0131n yand\u0131r\u0131lmas\u0131n\u0131 q\u0131nay\u0131r\u0131q, bayraq yand\u0131rmaq eyni zamanda a\u00e7\u0131q nifr\u0259t t\u0259zah\u00fcr\u00fcd\u00fcr v\u0259 inki\u015faf etm\u0259mi\u015f toplumlara xasd\u0131r\u201d &#8211; dey\u0259 PA-dan bildiribl\u0259r.<\/p>\n<p>Xat\u0131rladaq ki, aprelin 14-d\u0259 Erm\u0259nistan\u0131n paytaxt\u0131 \u0130r\u0259vanda ke\u00e7iril\u0259n a\u011f\u0131r atletika \u00fczr\u0259 Avropa \u00e7empionat\u0131n\u0131n a\u00e7\u0131l\u0131\u015f m\u0259rasimind\u0259 milli nifr\u0259t v\u0259 d\u00fc\u015fm\u0259n\u00e7iliyin sal\u0131nmas\u0131na y\u00f6n\u0259lmi\u015f n\u00fcmayi\u015fkaran\u0259 h\u0259r\u0259k\u0259tl\u0259rl\u0259 Az\u0259rbaycan bayra\u011f\u0131 yand\u0131r\u0131l\u0131b.<\/p>\n<p>Ba\u015f Prokurorluqda Erm\u0259nistanda Az\u0259rbaycana qar\u015f\u0131 etnik z\u0259mind\u0259 nifr\u0259t v\u0259 d\u00fc\u015fm\u0259n\u00e7iliyin t\u0259c\u0259ss\u00fcm\u00fc olan h\u0259min faktla ba\u011fl\u0131 Ba\u015f Prokurorlu\u011fun \u0130stintaq idar\u0259sind\u0259 Cinay\u0259t M\u0259c\u0259ll\u0259sinin 12.2, 283.2.1 (zor t\u0259tbiq edilm\u0259kl\u0259 milli nifr\u0259t v\u0259 d\u00fc\u015fm\u0259n\u00e7iliyin sal\u0131nmas\u0131), 12.2, 283.2.2 (qulluq m\u00f6vqeyind\u0259n istifad\u0259 etm\u0259kl\u0259 milli nifr\u0259t v\u0259 d\u00fc\u015fm\u0259n\u00e7iliyin sal\u0131nmas\u0131) v\u0259 12.2, 324-c\u00fc (Az\u0259rbaycan Respublikas\u0131n\u0131n D\u00f6vl\u0259t bayra\u011f\u0131 bar\u0259d\u0259 t\u0259hqiredici h\u0259r\u0259k\u0259tl\u0259r) madd\u0259l\u0259ri il\u0259 cinay\u0259t i\u015fi ba\u015flan\u0131b.<\/p>\n<p>M\u0259nb\u0259:\u00a0TurkicWorld<\/p>\n","protected":false},"excerpt":{"rendered":"<p>Beyn\u0259lxalq idman yar\u0131\u015f\u0131nda Az\u0259rbaycan bayra\u011f\u0131n\u0131n yand\u0131r\u0131lmas\u0131 vandalizm v\u0259 k\u00fctl\u0259vi cahilliyin t\u0259zah\u00fcr\u00fcd\u00fcr. Bu bar\u0259d\u0259\u00a0T\u00fcrkiy\u0259 Prezident Administrasiyas\u0131ndan (PA) bildirilib. Administrasiyadan o da bildirilib ki, bu kimi hallar yolverilm\u0259zdir. \u201cAz\u0259rbaycan bayra\u011f\u0131n\u0131n yand\u0131r\u0131lmas\u0131n\u0131 q\u0131nay\u0131r\u0131q, bayraq yand\u0131rmaq eyni zamanda a\u00e7\u0131q nifr\u0259t t\u0259zah\u00fcr\u00fcd\u00fcr v\u0259 inki\u015faf etm\u0259mi\u015f toplumlara xasd\u0131r\u201d &#8211; dey\u0259 PA-dan bildiribl\u0259r. Xat\u0131rladaq ki, aprelin 14-d\u0259 Erm\u0259nistan\u0131n paytaxt\u0131 \u0130r\u0259vanda ke\u00e7iril\u0259n a\u011f\u0131r atletika \u00fczr\u0259 Avropa \u00e7empionat\u0131n\u0131n a\u00e7\u0131l\u0131\u015f m\u0259rasimind\u0259 milli nifr\u0259t v\u0259 d\u00fc\u015fm\u0259n\u00e7iliyin sal\u0131nmas\u0131na y\u00f6n\u0259lmi\u015f n\u00fcmayi\u015fkaran\u0259 h\u0259r\u0259k\u0259tl\u0259rl\u0259 Az\u0259rbaycan bayra\u011f\u0131 yand\u0131r\u0131l\u0131b. Ba\u015f Prokurorluqda Erm\u0259nistanda Az\u0259rbaycana qar\u015f\u0131 etnik z\u0259mind\u0259 nifr\u0259t v\u0259 d\u00fc\u015fm\u0259n\u00e7iliyin t\u0259c\u0259ss\u00fcm\u00fc olan h\u0259min faktla ba\u011fl\u0131 Ba\u015f Prokurorlu\u011fun \u0130stintaq&hellip;<\/p>\n","protected":false},"author":2,"featured_media":589997,"comment_status":"closed","ping_status":"closed","sticky":false,"template":"","format":"standard","meta":{"om_disable_all_campaigns":false,"_monsterinsights_skip_tracking":false,"_monsterinsights_sitenote_active":false,"_monsterinsights_sitenote_note":"","_monsterinsights_sitenote_category":0},"categories":[4],"tags":[],"aioseo_notices":[],"gutentor_comment":0,"rttpg_featured_image_url":{"full":["https:\/\/arantv.az\/wp-content\/uploads\/2023\/04\/FotoJet-16-2.jpg",620,413,false],"landscape":["https:\/\/arantv.az\/wp-content\/uploads\/2023\/04\/FotoJet-16-2.jpg",620,413,false],"portraits":["https:\/\/arantv.az\/wp-content\/uploads\/2023\/04\/FotoJet-16-2.jpg",620,413,false],"thumbnail":["https:\/\/arantv.az\/wp-content\/uploads\/2023\/04\/FotoJet-16-2-500x280.jpg",500,280,true],"medium":["https:\/\/arantv.az\/wp-content\/uploads\/2023\/04\/FotoJet-16-2-548x365.jpg",548,365,true],"large":["https:\/\/arantv.az\/wp-content\/uploads\/2023\/04\/FotoJet-16-2.jpg",620,413,false],"1536x1536":["https:\/\/arantv.az\/wp-content\/uploads\/2023\/04\/FotoJet-16-2.jpg",620,413,false],"2048x2048":["https:\/\/arantv.az\/wp-content\/uploads\/2023\/04\/FotoJet-16-2.jpg",620,413,false],"post-thumbnail":["https:\/\/arantv.az\/wp-content\/uploads\/2023\/04\/FotoJet-16-2-240x172.jpg",240,172,true],"advps-thumb-one":["https:\/\/arantv.az\/wp-content\/uploads\/2023\/04\/FotoJet-16-2.jpg",620,413,false]},"rttpg_author":{"display_name":"V\u00fcsal Rafiqo\u011flu","author_link":"https:\/\/arantv.az\/?author=2"},"rttpg_comment":0,"rttpg_category":"<a href=\"https:\/\/arantv.az\/?cat=4\" rel=\"category\">Siyas\u0259t<\/a>","rttpg_excerpt":"Beyn\u0259lxalq idman yar\u0131\u015f\u0131nda Az\u0259rbaycan bayra\u011f\u0131n\u0131n yand\u0131r\u0131lmas\u0131 vandalizm v\u0259 k\u00fctl\u0259vi cahilliyin t\u0259zah\u00fcr\u00fcd\u00fcr. Bu bar\u0259d\u0259\u00a0T\u00fcrkiy\u0259 Prezident Administrasiyas\u0131ndan (PA) bildirilib. Administrasiyadan o da bildirilib ki, bu kimi hallar yolverilm\u0259zdir. \u201cAz\u0259rbaycan bayra\u011f\u0131n\u0131n yand\u0131r\u0131lmas\u0131n\u0131 q\u0131nay\u0131r\u0131q, bayraq yand\u0131rmaq eyni zamanda a\u00e7\u0131q nifr\u0259t t\u0259zah\u00fcr\u00fcd\u00fcr v\u0259 inki\u015faf etm\u0259mi\u015f toplumlara xasd\u0131r\u201d &#8211; dey\u0259 PA-dan bildiribl\u0259r. Xat\u0131rladaq ki, aprelin 14-d\u0259 Erm\u0259nistan\u0131n paytaxt\u0131 \u0130r\u0259vanda ke\u00e7iril\u0259n a\u011f\u0131r&hellip;","_links":{"self":[{"href":"https:\/\/arantv.az\/index.php?rest_route=\/wp\/v2\/posts\/589996"}],"collection":[{"href":"https:\/\/arantv.az\/index.php?rest_route=\/wp\/v2\/posts"}],"about":[{"href":"https:\/\/arantv.az\/index.php?rest_route=\/wp\/v2\/types\/post"}],"author":[{"embeddable":true,"href":"https:\/\/arantv.az\/index.php?rest_route=\/wp\/v2\/users\/2"}],"replies":[{"embeddable":true,"href":"https:\/\/arantv.az\/index.php?rest_route=%2Fwp%2Fv2%2Fcomments&post=589996"}],"version-history":[{"count":0,"href":"https:\/\/arantv.az\/index.php?rest_route=\/wp\/v2\/posts\/589996\/revisions"}],"wp:featuredmedia":[{"embeddable":true,"href":"https:\/\/arantv.az\/index.php?rest_route=\/wp\/v2\/media\/589997"}],"wp:attachment":[{"href":"https:\/\/arantv.az\/index.php?rest_route=%2Fwp%2Fv2%2Fmedia&parent=589996"}],"wp:term":[{"taxonomy":"category","embeddable":true,"href":"https:\/\/arantv.az\/index.php?rest_route=%2Fwp%2Fv2%2Fcategories&post=589996"},{"taxonomy":"post_tag","embeddable":true,"href":"https:\/\/arantv.az\/index.php?rest_route=%2Fwp%2Fv2%2Ftags&post=589996"}],"curies":[{"name":"wp","href":"https:\/\/api.w.org\/{rel}","templated":true}]}}