{"id":590011,"date":"2023-04-15T19:36:06","date_gmt":"2023-04-15T15:36:06","guid":{"rendered":"https:\/\/arantv.az\/?p=590011"},"modified":"2023-04-15T19:36:06","modified_gmt":"2023-04-15T15:36:06","slug":"xizida-partlayis-hadis%c9%99si-il%c9%99-bagli-cinay%c9%99t-isi-baslanib-yenil%c9%99nib","status":"publish","type":"post","link":"https:\/\/arantv.az\/?p=590011","title":{"rendered":"X\u0131z\u0131da partlay\u0131\u015f hadis\u0259si il\u0259 ba\u011fl\u0131 cinay\u0259t i\u015fi ba\u015flan\u0131b &#8211; YEN\u0130L\u018fN\u0130B"},"content":{"rendered":"<p>X\u0131z\u0131 rayonunda ba\u015f vermi\u015f partlay\u0131\u015f hadis\u0259si il\u0259 ba\u011fl\u0131 cinay\u0259t i\u015fi ba\u015flan\u0131b.<\/p>\n<p>Bu bar\u0259d\u0259 Ba\u015f Prokurorlu\u011fun M\u0259tbuat Xidm\u0259tind\u0259n bildirilib.<\/p>\n<p>Qeyd edilir ki, aprelin 15-i saat 15 rad\u0259l\u0259rind\u0259 X\u0131z\u0131 rayonunun Ya\u015fma k\u0259ndi \u0259razisind\u0259 partlay\u0131\u015f ba\u015f verm\u0259si bar\u0259d\u0259 m\u0259lumat daxil olub.<\/p>\n<p>Prokurorluq v\u0259 Daxili \u0130\u015fl\u0259r Nazirliyinin \u0259m\u0259kda\u015flar\u0131ndan ibar\u0259t \u0259m\u0259liyyat-istintaq qrupu d\u0259rhal hadis\u0259 yerin\u0259 \u00e7\u0131xaraq z\u0259ruri h\u0259r\u0259k\u0259tl\u0259r apar\u0131b v\u0259 ilkin ara\u015fd\u0131rma zaman\u0131 m\u00fc\u0259yy\u0259n edilib\u00a0ki, partlay\u0131\u015fa \u015f\u0259b\u0259b Sumqay\u0131t \u015f\u0259h\u0259r sakinl\u0259ri &#8211; 1976-c\u0131 il t\u0259v\u0259ll\u00fcdl\u00fc B\u0259xtiyar H\u00fcseynov, 1979-cu il t\u0259v\u0259ll\u00fcdl\u00fc Xanki\u015fi Quliyev v\u0259 2006-c\u0131 il t\u0259v\u0259ll\u00fcdl\u00fc R\u0259\u015fad \u018fbilovun qeyd olunan \u0259razid\u0259 a\u015fkar etdikl\u0259ri m\u0259rmi ba\u015fl\u0131\u011f\u0131n\u0131 g\u00f6t\u00fcrm\u0259si olub.<\/p>\n<p>Hadis\u0259 n\u0259tic\u0259sind\u0259 Xanki\u015fi Quliyev v\u0259 R\u0259\u015fad \u018fbilov \u00f6l\u00fcb, B\u0259xtiyar H\u00fcseynov is\u0259 m\u00fcxt\u0259lif x\u0259sar\u0259tl\u0259r al\u0131b.<\/p>\n<p>Faktla ba\u011fl\u0131 X\u0131z\u0131 rayon prokurorlu\u011funda Cinay\u0259t M\u0259c\u0259ll\u0259sinin 314.3-c\u00fc (iki v\u0259 daha \u00e7ox \u015f\u0259xsin \u00f6l\u00fcm\u00fcn\u0259 s\u0259b\u0259b olan s\u0259hl\u0259nkarl\u0131q) madd\u0259sil\u0259 cinay\u0259t i\u015fi ba\u015flan\u0131b.<\/p>\n<p>\u0130btidai istintaq davam etdirilir.<\/p>\n<p><strong>18:52<\/strong><\/p>\n<p>X\u0131z\u0131da\u00a0mina partlay\u0131b.<\/p>\n<p>APA x\u0259b\u0259r verir ki,\u00a0hadis\u0259 Ya\u015fma ya\u015fay\u0131\u015f \u0259razisind\u0259 qeyd\u0259 al\u0131n\u0131b.<\/p>\n<p>\u0130lkin m\u0259lumata g\u00f6r\u0259, iki m\u00fclki \u015f\u0259xs \u00f6l\u00fcb, bir m\u00fclki \u015f\u0259xs x\u0259sar\u0259t al\u0131b. X\u0259sar\u0259t alan \u015f\u0259xs x\u0259st\u0259xanaya yerl\u0259\u015fdirilib.<\/p>\n<p>Haz\u0131rda hadis\u0259 yerin\u0259 h\u00fcquq-m\u00fchafiz\u0259 orqanlar\u0131n\u0131n \u0259m\u0259kda\u015flar\u0131 c\u0259lb edilib, ara\u015fd\u0131rma apar\u0131l\u0131r.<\/p>\n","protected":false},"excerpt":{"rendered":"<p>X\u0131z\u0131 rayonunda ba\u015f vermi\u015f partlay\u0131\u015f hadis\u0259si il\u0259 ba\u011fl\u0131 cinay\u0259t i\u015fi ba\u015flan\u0131b. Bu bar\u0259d\u0259 Ba\u015f Prokurorlu\u011fun M\u0259tbuat Xidm\u0259tind\u0259n bildirilib. Qeyd edilir ki, aprelin 15-i saat 15 rad\u0259l\u0259rind\u0259 X\u0131z\u0131 rayonunun Ya\u015fma k\u0259ndi \u0259razisind\u0259 partlay\u0131\u015f ba\u015f verm\u0259si bar\u0259d\u0259 m\u0259lumat daxil olub. Prokurorluq v\u0259 Daxili \u0130\u015fl\u0259r Nazirliyinin \u0259m\u0259kda\u015flar\u0131ndan ibar\u0259t \u0259m\u0259liyyat-istintaq qrupu d\u0259rhal hadis\u0259 yerin\u0259 \u00e7\u0131xaraq z\u0259ruri h\u0259r\u0259k\u0259tl\u0259r apar\u0131b v\u0259 ilkin ara\u015fd\u0131rma zaman\u0131 m\u00fc\u0259yy\u0259n edilib\u00a0ki, partlay\u0131\u015fa \u015f\u0259b\u0259b Sumqay\u0131t \u015f\u0259h\u0259r sakinl\u0259ri &#8211; 1976-c\u0131 il t\u0259v\u0259ll\u00fcdl\u00fc B\u0259xtiyar H\u00fcseynov, 1979-cu il t\u0259v\u0259ll\u00fcdl\u00fc Xanki\u015fi Quliyev v\u0259 2006-c\u0131 il t\u0259v\u0259ll\u00fcdl\u00fc R\u0259\u015fad \u018fbilovun qeyd olunan \u0259razid\u0259 a\u015fkar etdikl\u0259ri m\u0259rmi ba\u015fl\u0131\u011f\u0131n\u0131 g\u00f6t\u00fcrm\u0259si&hellip;<\/p>\n","protected":false},"author":2,"featured_media":590012,"comment_status":"closed","ping_status":"closed","sticky":false,"template":"","format":"standard","meta":{"om_disable_all_campaigns":false,"_monsterinsights_skip_tracking":false,"_monsterinsights_sitenote_active":false,"_monsterinsights_sitenote_note":"","_monsterinsights_sitenote_category":0},"categories":[5],"tags":[],"aioseo_notices":[],"gutentor_comment":0,"rttpg_featured_image_url":{"full":["https:\/\/arantv.az\/wp-content\/uploads\/2023\/04\/mina2-1.jpg",620,413,false],"landscape":["https:\/\/arantv.az\/wp-content\/uploads\/2023\/04\/mina2-1.jpg",620,413,false],"portraits":["https:\/\/arantv.az\/wp-content\/uploads\/2023\/04\/mina2-1.jpg",620,413,false],"thumbnail":["https:\/\/arantv.az\/wp-content\/uploads\/2023\/04\/mina2-1-500x280.jpg",500,280,true],"medium":["https:\/\/arantv.az\/wp-content\/uploads\/2023\/04\/mina2-1-548x365.jpg",548,365,true],"large":["https:\/\/arantv.az\/wp-content\/uploads\/2023\/04\/mina2-1.jpg",620,413,false],"1536x1536":["https:\/\/arantv.az\/wp-content\/uploads\/2023\/04\/mina2-1.jpg",620,413,false],"2048x2048":["https:\/\/arantv.az\/wp-content\/uploads\/2023\/04\/mina2-1.jpg",620,413,false],"post-thumbnail":["https:\/\/arantv.az\/wp-content\/uploads\/2023\/04\/mina2-1-240x172.jpg",240,172,true],"advps-thumb-one":["https:\/\/arantv.az\/wp-content\/uploads\/2023\/04\/mina2-1.jpg",620,413,false]},"rttpg_author":{"display_name":"V\u00fcsal Rafiqo\u011flu","author_link":"https:\/\/arantv.az\/?author=2"},"rttpg_comment":0,"rttpg_category":"<a href=\"https:\/\/arantv.az\/?cat=5\" rel=\"category\">Hadis\u0259<\/a>","rttpg_excerpt":"X\u0131z\u0131 rayonunda ba\u015f vermi\u015f partlay\u0131\u015f hadis\u0259si il\u0259 ba\u011fl\u0131 cinay\u0259t i\u015fi ba\u015flan\u0131b. Bu bar\u0259d\u0259 Ba\u015f Prokurorlu\u011fun M\u0259tbuat Xidm\u0259tind\u0259n bildirilib. Qeyd edilir ki, aprelin 15-i saat 15 rad\u0259l\u0259rind\u0259 X\u0131z\u0131 rayonunun Ya\u015fma k\u0259ndi \u0259razisind\u0259 partlay\u0131\u015f ba\u015f verm\u0259si bar\u0259d\u0259 m\u0259lumat daxil olub. Prokurorluq v\u0259 Daxili \u0130\u015fl\u0259r Nazirliyinin \u0259m\u0259kda\u015flar\u0131ndan ibar\u0259t \u0259m\u0259liyyat-istintaq qrupu d\u0259rhal hadis\u0259 yerin\u0259 \u00e7\u0131xaraq z\u0259ruri h\u0259r\u0259k\u0259tl\u0259r apar\u0131b v\u0259&hellip;","_links":{"self":[{"href":"https:\/\/arantv.az\/index.php?rest_route=\/wp\/v2\/posts\/590011"}],"collection":[{"href":"https:\/\/arantv.az\/index.php?rest_route=\/wp\/v2\/posts"}],"about":[{"href":"https:\/\/arantv.az\/index.php?rest_route=\/wp\/v2\/types\/post"}],"author":[{"embeddable":true,"href":"https:\/\/arantv.az\/index.php?rest_route=\/wp\/v2\/users\/2"}],"replies":[{"embeddable":true,"href":"https:\/\/arantv.az\/index.php?rest_route=%2Fwp%2Fv2%2Fcomments&post=590011"}],"version-history":[{"count":0,"href":"https:\/\/arantv.az\/index.php?rest_route=\/wp\/v2\/posts\/590011\/revisions"}],"wp:featuredmedia":[{"embeddable":true,"href":"https:\/\/arantv.az\/index.php?rest_route=\/wp\/v2\/media\/590012"}],"wp:attachment":[{"href":"https:\/\/arantv.az\/index.php?rest_route=%2Fwp%2Fv2%2Fmedia&parent=590011"}],"wp:term":[{"taxonomy":"category","embeddable":true,"href":"https:\/\/arantv.az\/index.php?rest_route=%2Fwp%2Fv2%2Fcategories&post=590011"},{"taxonomy":"post_tag","embeddable":true,"href":"https:\/\/arantv.az\/index.php?rest_route=%2Fwp%2Fv2%2Ftags&post=590011"}],"curies":[{"name":"wp","href":"https:\/\/api.w.org\/{rel}","templated":true}]}}