{"id":590070,"date":"2023-04-15T20:54:13","date_gmt":"2023-04-15T16:54:13","guid":{"rendered":"https:\/\/arantv.az\/?p=590070"},"modified":"2023-04-15T20:54:13","modified_gmt":"2023-04-15T16:54:13","slug":"aram-aram-dusm%c9%99ncilik","status":"publish","type":"post","link":"https:\/\/arantv.az\/?p=590070","title":{"rendered":"Aram-aram d\u00fc\u015fm\u0259n\u00e7ilik"},"content":{"rendered":"<p><em>S\u00f6hb\u0259t\u0259 \u015fair B\u0259xtiyar\u0131n iki misras\u0131 il\u0259 girm\u0259li olaca\u011fam. \u0130mt\u0259has\u0131, bu misralar sizin tan\u0131d\u0131\u011f\u0131n\u0131z \u015fair\u0259 \u2013 r\u0259hm\u0259tlik B\u0259xtiyar Vahabzad\u0259y\u0259 yox, B\u0259xtiyar Hiday\u0259t\u0259 aiddir. \u0130lahi q\u00fcvv\u0259l\u0259r t\u0259r\u0259find\u0259n \u00e7oxdan hiday\u0259t olunmu\u015f \u015fair deyir:<\/em><\/p>\n<p><strong>\u201cA\u011f\u0131r s\u00f6z\u00fc y\u00fcng\u00fcl adam g\u00f6t\u00fcr\u0259r,<\/strong><br \/>\n<strong>A\u011f\u0131r s\u00f6z\u00fc a\u011f\u0131r adam g\u00f6t\u00fcrm\u0259z\u201d.<\/strong><\/p>\n<p>Erm\u0259nil\u0259rin a\u011f\u0131r atletika \u00fczr\u0259 Avropa \u00e7empionat\u0131n\u0131n \u0130r\u0259vandak\u0131 a\u00e7\u0131l\u0131\u015f m\u0259rasimind\u0259 etdiyi h\u0259r\u0259k\u0259t a\u011f\u0131r s\u00f6hb\u0259t idi. Jurnalist h\u0259mkarlar\u0131m bu fikird\u0259dirl\u0259r ki, idman\u00e7\u0131lar\u0131m\u0131z\u0131n yar\u0131\u015fa qat\u0131lmadan geri qay\u0131tmas\u0131 h\u0259min a\u011f\u0131r s\u00f6z\u00fc g\u00f6t\u00fcrm\u0259m\u0259k jestidir. Qal\u0131b yar\u0131\u015fsayd\u0131q, y\u00fcng\u00fcll\u00fck olard\u0131. Bunu he\u00e7 y\u00fcng\u00fcl atletika \u00fczr\u0259 \u00e7empionatda da etm\u0259k olmaz.<\/p>\n<p>\u018flb\u0259tt\u0259, el\u0259 \u00e7\u0131xa bil\u0259r ki, Aram adl\u0131 dizayner g\u0259d\u0259nin bayra\u011f\u0131m\u0131z\u0131 yand\u0131rmas\u0131 yaln\u0131z bir erm\u0259ninin etdiyi h\u0259r\u0259k\u0259tdir v\u0259 buna g\u00f6r\u0259 zaldak\u0131 b\u00fct\u00fcn erm\u0259nil\u0259ri su\u00e7lu saymaq olmaz. Tutaq ki, el\u0259dir, b\u0259s o f\u0131\u015ft\u0131r\u0131qlamaq n\u0259ydi? Dey\u0259s\u0259n, d\u00f6vl\u0259t bayra\u011f\u0131m\u0131z idman arenas\u0131n\u0131n s\u0259hn\u0259sin\u0259 g\u0259tir\u0259l\u0259nd\u0259 yann\u0131z Pa\u015finyan d\u00f6rd barma\u011f\u0131n\u0131 iki-iki qo\u015falay\u0131b cavc\u0131s\u0131na salaraq f\u0131\u015ft\u0131r\u0131q \u00e7almad\u0131, qalan ham\u0131 \u00f6z\u00fcn\u0259 borc bildi ki, bel\u0259 el\u0259sin.<\/p>\n<p>Adama dey\u0259rl\u0259r, qonaq \u00e7a\u011f\u0131rd\u0131\u011f\u0131n\u0131z n\u0259dir, qona\u011fa, \u201cM\u0259\u015f\u0259di \u0130bad\u201dk\u0131 ziyal\u0131n\u0131n s\u00f6z\u00fc olmas\u0131n, k\u0259ndi xan\u0259nizd\u0259 h\u0259qar\u0259t etm\u0259k n\u0259dir, h\u0259p\u0259ndl\u0259r?<\/p>\n<p><img loading=\"lazy\" src=\"https:\/\/cdn.musavat.com\/news\/thumbnails\/8604cb175cc360239322964f3888b706.jpg\" alt=\"555666-1.jpg (55 KB)\" width=\"740\" height=\"487\" \/><\/p>\n<p>H\u0259l\u0259 sonras\u0131 da var: apar\u0131ld\u0131\u011f\u0131 polis b\u00f6lm\u0259sind\u0259 yar\u0131m saat l\u0259ngimi\u015f, m\u00fcr\u0259bb\u0259 il\u0259 \u00e7ay i\u00e7ib \u00e7\u0131xm\u0131\u015f Nikolyan\u0131 el\u0259 alq\u0131\u015flay\u0131rlar, sanki Nelson Mandela 27 illik h\u0259bsd\u0259n \u00e7\u0131x\u0131b, yaxud, el\u0259 bil, bu q\u0131r\u0131\u015fmal t\u0259kba\u015f\u0131na gedib Hadruta bayraq sanc\u0131b.<\/p>\n<p>El\u0259 ke\u00e7mi\u015f erm\u0259ni deputat Samsonyan d\u00fcz deyir ki, q\u0259hr\u0259man deyils\u0259n, c\u00fcr\u0259tli o\u011flansan, get s\u0259rh\u0259d\u0259. Haql\u0131d\u0131r. O Aram bel\u0259 qeyr\u0259tli v\u0259 c\u0259sar\u0259tli o\u011fland\u0131rsa, g\u0259l\u0259rdi D\u0131\u011f k\u0259ndin\u0259, orada bizim \u0259sg\u0259rl\u0259r onun onur\u011fa s\u00fctununun qurtaraca\u011f\u0131n\u0131 polkovnik G\u00f6z\u0259lyan\u0131nk\u0131 kimi ed\u0259rdil\u0259r, a\u011fl\u0131 ba\u015f\u0131na g\u0259l\u0259rdi.<\/p>\n<p>Bunlar\u0131nk\u0131 budur: \u00f6zl\u0259rinin \u00e7ox v\u0259 arxal\u0131 oldu\u011fu yerd\u0259 atamana d\u00f6n\u00fcrl\u0259r, t\u0259kb\u0259t\u0259k\u0259 \u00e7\u0131xanda amerikal\u0131 \u015f\u0259kil \u00e7\u0259kdir\u0259nl\u0259r kimi sif\u0259tl\u0259rind\u0259 eyz\u0259n \u201c\u00e7iiiz\u201d ifad\u0259si olur.<\/p>\n<p>Yax\u015f\u0131 ki, bu d\u0259f\u0259 a\u011f\u0131ll\u0131 erm\u0259nil\u0259r \u00f6zl\u0259ri d\u0259 bayraq yand\u0131r\u0131lmas\u0131 m\u0259s\u0259l\u0259sin\u0259 etiraz bildirdil\u0259r, yoxsa h\u0259mi\u015f\u0259 bel\u0259 situasiyalarda h\u0259r n\u0259 ets\u0259l\u0259r, total \u015f\u0259kild\u0259 \u201cyax\u015f\u0131 el\u0259mi\u015fik\u201d deyirdil\u0259r. Bu d\u0259f\u0259 hiss edirl\u0259r ki, yax\u015f\u0131 el\u0259m\u0259yibl\u0259r. D\u00fcnyan\u0131n g\u00f6z\u00fc qar\u015f\u0131s\u0131nda s\u00fclhd\u0259n dan\u0131\u015fa-dan\u0131\u015fa m\u00fcnaqi\u015f\u0259d\u0259 oldu\u011fun qon\u015fuya nifr\u0259t p\u00fcsk\u00fcrm\u0259yin yax\u015f\u0131 t\u0259r\u0259fi yoxdur.<\/p>\n<p>H\u0259r\u00e7\u0259nd n\u0259 erm\u0259nil\u0259r, n\u0259 d\u0259 beyn\u0259lxalq birlik deyil\u0259n \u015foq\u0259rib bunu vecl\u0259rin\u0259 alan deyill\u0259r, bilirl\u0259r ki, bir-iki g\u00fcn\u0259 h\u0259r \u015fey unudulub ged\u0259c\u0259k.<\/p>\n<p><img loading=\"lazy\" src=\"https:\/\/cdn.musavat.com\/news\/thumbnails\/e694cd1b18903cf3bc73af2573f50d5f.jpg\" alt=\"999.jpg (42 KB)\" width=\"741\" height=\"521\" \/><\/p>\n<p>O vaxt, 2019-cu ild\u0259 L\u00fcksemburqda yerli futbol \u201cDudelanj\u201d klubu il\u0259 bizim \u201cQaraba\u011f\u201d oynayanda erm\u0259nil\u0259r meydan\u00e7aya dronla \u201cartsax\u201d \u015f\u0259lp\u0259si sallam\u0131\u015fd\u0131lar, yad\u0131n\u0131zdad\u0131rm? M\u00fcdafi\u0259\u00e7imiz Qara Qarayev topu g\u00f6t\u00fcr\u00fcb \u00fcz\u00fc yuxar\u0131 nallad\u0131 ki, dronu vursun, top yan ke\u00e7di, amma bir ild\u0259n sonra Qaran\u0131n k\u0259nd\u00e7il\u0259ri Horadizd\u0259 h\u0259m dronla, h\u0259m d\u0259 topla erm\u0259nil\u0259rin bunkerini da\u011f\u0131td\u0131lar, \u00f6zl\u0259rini d\u0259 qara g\u00fcn\u0259 qoydular, yax\u015f\u0131 oldumu?<\/p>\n<p>Amma hiss olunur ki, onlar d\u00fcz\u0259lm\u0259k, d\u00fcz\u0259l\u0259nin\u0259 getm\u0259k, fara\u011fat durmaq, dinc, yana\u015f\u0131 ya\u015famaq ist\u0259mirl\u0259r. Zal\u0131m u\u015fa\u011f\u0131n\u0131n beyni ba\u015fqa c\u00fcr i\u015fl\u0259yir. M\u0259kr da\u011farc\u0131\u011f\u0131d\u0131rlar.<\/p>\n<p>H\u0259l\u0259 bizd\u0259 b\u0259zil\u0259ri s\u00f6z-s\u00f6z\u00fc g\u0259tir\u0259nd\u0259 deyirl\u0259r, yox, erm\u0259nil\u0259r a\u011f\u0131ll\u0131 mill\u0259tdirl\u0259r. Vallahi v\u0259 tallahi, bu a\u011f\u0131lla onlar yaln\u0131z bizim qon\u015fulu\u011fumuzda bu \u0259sr\u0259 g\u0259lib \u00e7\u0131xa bil\u0259rdil\u0259r, ba\u015fqa regionlarda olsalar, onlar\u0131 bir t\u0259ki d\u0259 qalmayan merkitl\u0259r\u0259 d\u00f6nd\u0259r\u0259rdil\u0259r. Fikir verirsinizs\u0259, ba\u015fqa q\u0259dim xalqlar 50, 10 milyonu ke\u00e7ibl\u0259r, 1 milyard\u0131 a\u015fanlar var, amma bunlar artm\u0131r, b\u00f6y\u00fcm\u00fcr, mifik Tiqran\u0131n vaxt\u0131nda ili\u015fib qal\u0131blar. H\u0259l\u0259 d\u0259 q\u0259dim tayfalar kimi primitib d\u00fc\u015fm\u0259n\u00e7ilikl\u0259r edirl\u0259r, d\u0259y\u0259, taya yand\u0131r\u0131rlar.<\/p>\n<p>Bel\u0259 durumlarda bizim d\u0259 ba\u015f\u0131m\u0131z \u00e7\u00f6n\u00fcr, deyirik, yax\u015f\u0131 f\u00fcrs\u0259t olar, biz d\u0259 erm\u0259ni bayra\u011f\u0131n\u0131 yand\u0131rar\u0131q.<\/p>\n<p>Allah el\u0259m\u0259sin, biz o q\u0259d\u0259r z\u0259if v\u0259 \u0259zik olaq ki, hans\u0131sa d\u00f6vl\u0259tin bayra\u011f\u0131n\u0131 yand\u0131rmaqla qisas alaq, \u00f6z\u00fcm\u00fcz\u0259 t\u0259skinlik ver\u0259k, bel\u0259 \u015feyl\u0259 t\u0259s\u0259lli tapaq. Allah el\u0259m\u0259sin! Bu z\u0259ifl\u0259rin, s\u0131nd\u0131r\u0131lm\u0131\u015flar\u0131n, zorlanm\u0131\u015flar\u0131n ed\u0259c\u0259yi \u015feydir. Siz he\u00e7 g\u00f6rm\u00fcs\u00fcn\u00fcz ki, AB\u015e-da hans\u0131sa d\u00f6vl\u0259tin bayra\u011f\u0131n\u0131 yand\u0131rs\u0131nlar? Etmirl\u0259r, \u00e7\u00fcnki ehtiyac yoxdur. Laz\u0131m olanda Pentaqon ona d\u00fc\u015fm\u0259n\u00e7ilik ed\u0259n d\u00f6vl\u0259tin d\u0259d\u0259sinin evini yand\u0131r\u0131r, m\u0259s\u0259l\u0259 bitir.<\/p>\n<p><img loading=\"lazy\" src=\"https:\/\/cdn.musavat.com\/news\/thumbnails\/84f6a0dd665ef56a241813062a128d02.jpg\" alt=\"turamp.jpg (7 KB)\" width=\"636\" height=\"356\" \/><\/p>\n<p>\u018fksin\u0259, bir \u00e7ox \u00f6lk\u0259l\u0259rd\u0259 AB\u015e-\u0131n, \u0130srailin bayraqlar\u0131n\u0131 yand\u0131r\u0131rlar. Ona g\u00f6r\u0259 ki, onlar\u0131n \u00f6zl\u0259rin\u0259 g\u00fccl\u0259ri \u00e7atm\u0131r, g\u00fccl\u0259ri bayraq yand\u0131rma\u011fa \u00e7at\u0131r. Bir ara Tramp\u0131n m\u00fcq\u0259vvalar\u0131n\u0131 da odlay\u0131rd\u0131lar. N\u0259 olurdu? He\u00e7 n\u0259? Odey, Tramp turp kimidir, h\u0259l\u0259 t\u0259z\u0259d\u0259n prezident olmaq ist\u0259yir, g\u00f6r\u0259k, AB\u015e-\u0131n MSK-s\u0131 onun namiz\u0259dliyi qeyd\u0259 alacaqm\u0131.<\/p>\n<p>X\u00fcl\u0259s, biz g\u0259r\u0259k bel\u0259 hadis\u0259l\u0259r\u0259 g\u00f6r\u0259 \u00e7ox da qeyzl\u0259nm\u0259y\u0259k. H\u0259tta \u0259ksin\u0259, sevinm\u0259liyik. \u00c7\u00fcnki s\u0131y\u0131q v\u0259 unutqan camaat\u0131q. Erm\u0259nil\u0259r ard-arda be\u015f d\u0259f\u0259 \u00fcz\u00fcm\u00fcz\u0259 g\u00fcls\u0259l\u0259r, onlar\u0131n n\u0259 tip olduqlar\u0131n\u0131 unudaca\u011f\u0131q v\u0259 bir d\u0259 g\u00f6r\u0259c\u0259yik, t\u0259z\u0259d\u0259n kirv\u0259l\u0259\u015fmi\u015fik, \u018fsli-K\u0259r\u0259m vaqi\u0259si ya\u015f\u00e7ay\u0131r\u0131q, H\u0259ci-Roza ili\u015fkisi qurmu\u015fuq. Amma g\u00f6r\u0259nd\u0259 ki, d\u00fc\u015fm\u0259n yatmay\u0131b, aram-aram d\u00fc\u015fm\u0259n\u00e7iliyini davam etdirir, biz d\u0259 yatm\u0131r\u0131q, s\u0259rvaxt v\u0259 prinsipial oluruq.<\/p>\n","protected":false},"excerpt":{"rendered":"<p>S\u00f6hb\u0259t\u0259 \u015fair B\u0259xtiyar\u0131n iki misras\u0131 il\u0259 girm\u0259li olaca\u011fam. \u0130mt\u0259has\u0131, bu misralar sizin tan\u0131d\u0131\u011f\u0131n\u0131z \u015fair\u0259 \u2013 r\u0259hm\u0259tlik B\u0259xtiyar Vahabzad\u0259y\u0259 yox, B\u0259xtiyar Hiday\u0259t\u0259 aiddir. \u0130lahi q\u00fcvv\u0259l\u0259r t\u0259r\u0259find\u0259n \u00e7oxdan hiday\u0259t olunmu\u015f \u015fair deyir: \u201cA\u011f\u0131r s\u00f6z\u00fc y\u00fcng\u00fcl adam g\u00f6t\u00fcr\u0259r, A\u011f\u0131r s\u00f6z\u00fc a\u011f\u0131r adam g\u00f6t\u00fcrm\u0259z\u201d. Erm\u0259nil\u0259rin a\u011f\u0131r atletika \u00fczr\u0259 Avropa \u00e7empionat\u0131n\u0131n \u0130r\u0259vandak\u0131 a\u00e7\u0131l\u0131\u015f m\u0259rasimind\u0259 etdiyi h\u0259r\u0259k\u0259t a\u011f\u0131r s\u00f6hb\u0259t idi. Jurnalist h\u0259mkarlar\u0131m bu fikird\u0259dirl\u0259r ki, idman\u00e7\u0131lar\u0131m\u0131z\u0131n yar\u0131\u015fa qat\u0131lmadan geri qay\u0131tmas\u0131 h\u0259min a\u011f\u0131r s\u00f6z\u00fc g\u00f6t\u00fcrm\u0259m\u0259k jestidir. Qal\u0131b yar\u0131\u015fsayd\u0131q, y\u00fcng\u00fcll\u00fck olard\u0131. Bunu he\u00e7 y\u00fcng\u00fcl atletika \u00fczr\u0259 \u00e7empionatda da etm\u0259k olmaz. \u018flb\u0259tt\u0259, el\u0259 \u00e7\u0131xa bil\u0259r ki, Aram adl\u0131 dizayner&hellip;<\/p>\n","protected":false},"author":2,"featured_media":590071,"comment_status":"closed","ping_status":"closed","sticky":false,"template":"","format":"standard","meta":{"om_disable_all_campaigns":false,"_monsterinsights_skip_tracking":false,"_monsterinsights_sitenote_active":false,"_monsterinsights_sitenote_note":"","_monsterinsights_sitenote_category":0},"categories":[1],"tags":[],"aioseo_notices":[],"gutentor_comment":0,"rttpg_featured_image_url":{"full":["https:\/\/arantv.az\/wp-content\/uploads\/2023\/04\/a2949480f68a02cb1934d99ea85e7a35.jpg",800,500,false],"landscape":["https:\/\/arantv.az\/wp-content\/uploads\/2023\/04\/a2949480f68a02cb1934d99ea85e7a35.jpg",800,500,false],"portraits":["https:\/\/arantv.az\/wp-content\/uploads\/2023\/04\/a2949480f68a02cb1934d99ea85e7a35.jpg",800,500,false],"thumbnail":["https:\/\/arantv.az\/wp-content\/uploads\/2023\/04\/a2949480f68a02cb1934d99ea85e7a35-500x280.jpg",500,280,true],"medium":["https:\/\/arantv.az\/wp-content\/uploads\/2023\/04\/a2949480f68a02cb1934d99ea85e7a35-584x365.jpg",584,365,true],"large":["https:\/\/arantv.az\/wp-content\/uploads\/2023\/04\/a2949480f68a02cb1934d99ea85e7a35.jpg",640,400,false],"1536x1536":["https:\/\/arantv.az\/wp-content\/uploads\/2023\/04\/a2949480f68a02cb1934d99ea85e7a35.jpg",800,500,false],"2048x2048":["https:\/\/arantv.az\/wp-content\/uploads\/2023\/04\/a2949480f68a02cb1934d99ea85e7a35.jpg",800,500,false],"post-thumbnail":["https:\/\/arantv.az\/wp-content\/uploads\/2023\/04\/a2949480f68a02cb1934d99ea85e7a35-240x172.jpg",240,172,true],"advps-thumb-one":["https:\/\/arantv.az\/wp-content\/uploads\/2023\/04\/a2949480f68a02cb1934d99ea85e7a35.jpg",800,500,false]},"rttpg_author":{"display_name":"V\u00fcsal Rafiqo\u011flu","author_link":"https:\/\/arantv.az\/?author=2"},"rttpg_comment":0,"rttpg_category":"<a href=\"https:\/\/arantv.az\/?cat=1\" rel=\"category\">C\u0259miyy\u0259t<\/a>","rttpg_excerpt":"S\u00f6hb\u0259t\u0259 \u015fair B\u0259xtiyar\u0131n iki misras\u0131 il\u0259 girm\u0259li olaca\u011fam. \u0130mt\u0259has\u0131, bu misralar sizin tan\u0131d\u0131\u011f\u0131n\u0131z \u015fair\u0259 \u2013 r\u0259hm\u0259tlik B\u0259xtiyar Vahabzad\u0259y\u0259 yox, B\u0259xtiyar Hiday\u0259t\u0259 aiddir. \u0130lahi q\u00fcvv\u0259l\u0259r t\u0259r\u0259find\u0259n \u00e7oxdan hiday\u0259t olunmu\u015f \u015fair deyir: \u201cA\u011f\u0131r s\u00f6z\u00fc y\u00fcng\u00fcl adam g\u00f6t\u00fcr\u0259r, A\u011f\u0131r s\u00f6z\u00fc a\u011f\u0131r adam g\u00f6t\u00fcrm\u0259z\u201d. Erm\u0259nil\u0259rin a\u011f\u0131r atletika \u00fczr\u0259 Avropa \u00e7empionat\u0131n\u0131n \u0130r\u0259vandak\u0131 a\u00e7\u0131l\u0131\u015f m\u0259rasimind\u0259 etdiyi h\u0259r\u0259k\u0259t a\u011f\u0131r s\u00f6hb\u0259t idi. Jurnalist&hellip;","_links":{"self":[{"href":"https:\/\/arantv.az\/index.php?rest_route=\/wp\/v2\/posts\/590070"}],"collection":[{"href":"https:\/\/arantv.az\/index.php?rest_route=\/wp\/v2\/posts"}],"about":[{"href":"https:\/\/arantv.az\/index.php?rest_route=\/wp\/v2\/types\/post"}],"author":[{"embeddable":true,"href":"https:\/\/arantv.az\/index.php?rest_route=\/wp\/v2\/users\/2"}],"replies":[{"embeddable":true,"href":"https:\/\/arantv.az\/index.php?rest_route=%2Fwp%2Fv2%2Fcomments&post=590070"}],"version-history":[{"count":0,"href":"https:\/\/arantv.az\/index.php?rest_route=\/wp\/v2\/posts\/590070\/revisions"}],"wp:featuredmedia":[{"embeddable":true,"href":"https:\/\/arantv.az\/index.php?rest_route=\/wp\/v2\/media\/590071"}],"wp:attachment":[{"href":"https:\/\/arantv.az\/index.php?rest_route=%2Fwp%2Fv2%2Fmedia&parent=590070"}],"wp:term":[{"taxonomy":"category","embeddable":true,"href":"https:\/\/arantv.az\/index.php?rest_route=%2Fwp%2Fv2%2Fcategories&post=590070"},{"taxonomy":"post_tag","embeddable":true,"href":"https:\/\/arantv.az\/index.php?rest_route=%2Fwp%2Fv2%2Ftags&post=590070"}],"curies":[{"name":"wp","href":"https:\/\/api.w.org\/{rel}","templated":true}]}}