{"id":590080,"date":"2023-04-15T21:36:54","date_gmt":"2023-04-15T17:36:54","guid":{"rendered":"https:\/\/arantv.az\/?p=590080"},"modified":"2023-04-15T21:36:54","modified_gmt":"2023-04-15T17:36:54","slug":"ir%c9%99vandaki-avropa-cempionatinda-istirakdan-imtina-ed%c9%99n-az%c9%99rbaycan-millisi-v%c9%99t%c9%99n%c9%99-qayidib-canli-yayim","status":"publish","type":"post","link":"https:\/\/arantv.az\/?p=590080","title":{"rendered":"\u0130r\u0259vandak\u0131 Avropa \u00e7empionat\u0131nda i\u015ftirakdan imtina ed\u0259n Az\u0259rbaycan millisi V\u0259t\u0259n\u0259 qay\u0131d\u0131b &#8211; CANLI YAYIM"},"content":{"rendered":"<p>\u0130r\u0259vanda ke\u00e7iril\u0259n a\u011f\u0131r atletika \u00fczr\u0259 Avropa \u00e7empionat\u0131nda i\u015ftirakdan imtina ed\u0259n Az\u0259rbaycan millisi V\u0259t\u0259n\u0259 qay\u0131d\u0131b.<\/p>\n<p><strong>ARANTV.AZ<\/strong>\u00a0x\u0259b\u0259r verir ki, a\u011f\u0131rl\u0131qqald\u0131ranlar\u0131m\u0131z\u0131 v\u0259 federasiya n\u00fcmay\u0259nd\u0259l\u0259rini g\u0259tir\u0259n t\u0259yyar\u0259 az \u00f6nc\u0259 Heyd\u0259r \u018fliyev Beyn\u0259lxalq Aeroportuna eni\u015f edib.<\/p>\n<p>Xat\u0131rladaq ki, qit\u0259 birinciliyinin d\u00fcn\u0259n ke\u00e7iril\u0259n a\u00e7\u0131l\u0131\u015f m\u0259rasimind\u0259 \u00f6lk\u0259miz\u0259 qar\u015f\u0131 t\u0259xribat edilm\u0259si &#8211; Az\u0259rbaycan bayra\u011f\u0131n\u0131n yand\u0131r\u0131lmas\u0131 s\u0259b\u0259bind\u0259n a\u011f\u0131r atletl\u0259rimiz Avropa \u00e7empionat\u0131nda yar\u0131\u015fmaqdan imtina edibl\u0259r.<\/p>\n<div><iframe loading=\"lazy\" title=\"YouTube video player\" src=\"https:\/\/www.youtube.com\/embed\/5A1SsFp69Hc\" width=\"560\" height=\"315\" frameborder=\"0\" allowfullscreen=\"allowfullscreen\" data-mce-fragment=\"1\"><\/iframe><\/div>\n","protected":false},"excerpt":{"rendered":"<p>\u0130r\u0259vanda ke\u00e7iril\u0259n a\u011f\u0131r atletika \u00fczr\u0259 Avropa \u00e7empionat\u0131nda i\u015ftirakdan imtina ed\u0259n Az\u0259rbaycan millisi V\u0259t\u0259n\u0259 qay\u0131d\u0131b. ARANTV.AZ\u00a0x\u0259b\u0259r verir ki, a\u011f\u0131rl\u0131qqald\u0131ranlar\u0131m\u0131z\u0131 v\u0259 federasiya n\u00fcmay\u0259nd\u0259l\u0259rini g\u0259tir\u0259n t\u0259yyar\u0259 az \u00f6nc\u0259 Heyd\u0259r \u018fliyev Beyn\u0259lxalq Aeroportuna eni\u015f edib. Xat\u0131rladaq ki, qit\u0259 birinciliyinin d\u00fcn\u0259n ke\u00e7iril\u0259n a\u00e7\u0131l\u0131\u015f m\u0259rasimind\u0259 \u00f6lk\u0259miz\u0259 qar\u015f\u0131 t\u0259xribat edilm\u0259si &#8211; Az\u0259rbaycan bayra\u011f\u0131n\u0131n yand\u0131r\u0131lmas\u0131 s\u0259b\u0259bind\u0259n a\u011f\u0131r atletl\u0259rimiz Avropa \u00e7empionat\u0131nda yar\u0131\u015fmaqdan imtina edibl\u0259r.<\/p>\n","protected":false},"author":2,"featured_media":590081,"comment_status":"closed","ping_status":"closed","sticky":false,"template":"","format":"standard","meta":{"om_disable_all_campaigns":false,"_monsterinsights_skip_tracking":false,"_monsterinsights_sitenote_active":false,"_monsterinsights_sitenote_note":"","_monsterinsights_sitenote_category":0},"categories":[6],"tags":[],"aioseo_notices":[],"gutentor_comment":0,"rttpg_featured_image_url":{"full":["https:\/\/arantv.az\/wp-content\/uploads\/2023\/04\/FotoJet-2023-04-15T212617.020.jpg",620,413,false],"landscape":["https:\/\/arantv.az\/wp-content\/uploads\/2023\/04\/FotoJet-2023-04-15T212617.020.jpg",620,413,false],"portraits":["https:\/\/arantv.az\/wp-content\/uploads\/2023\/04\/FotoJet-2023-04-15T212617.020.jpg",620,413,false],"thumbnail":["https:\/\/arantv.az\/wp-content\/uploads\/2023\/04\/FotoJet-2023-04-15T212617.020-500x280.jpg",500,280,true],"medium":["https:\/\/arantv.az\/wp-content\/uploads\/2023\/04\/FotoJet-2023-04-15T212617.020-548x365.jpg",548,365,true],"large":["https:\/\/arantv.az\/wp-content\/uploads\/2023\/04\/FotoJet-2023-04-15T212617.020.jpg",620,413,false],"1536x1536":["https:\/\/arantv.az\/wp-content\/uploads\/2023\/04\/FotoJet-2023-04-15T212617.020.jpg",620,413,false],"2048x2048":["https:\/\/arantv.az\/wp-content\/uploads\/2023\/04\/FotoJet-2023-04-15T212617.020.jpg",620,413,false],"post-thumbnail":["https:\/\/arantv.az\/wp-content\/uploads\/2023\/04\/FotoJet-2023-04-15T212617.020-240x172.jpg",240,172,true],"advps-thumb-one":["https:\/\/arantv.az\/wp-content\/uploads\/2023\/04\/FotoJet-2023-04-15T212617.020.jpg",620,413,false]},"rttpg_author":{"display_name":"V\u00fcsal Rafiqo\u011flu","author_link":"https:\/\/arantv.az\/?author=2"},"rttpg_comment":0,"rttpg_category":"<a href=\"https:\/\/arantv.az\/?cat=6\" rel=\"category\">\u0130dman<\/a>","rttpg_excerpt":"\u0130r\u0259vanda ke\u00e7iril\u0259n a\u011f\u0131r atletika \u00fczr\u0259 Avropa \u00e7empionat\u0131nda i\u015ftirakdan imtina ed\u0259n Az\u0259rbaycan millisi V\u0259t\u0259n\u0259 qay\u0131d\u0131b. ARANTV.AZ\u00a0x\u0259b\u0259r verir ki, a\u011f\u0131rl\u0131qqald\u0131ranlar\u0131m\u0131z\u0131 v\u0259 federasiya n\u00fcmay\u0259nd\u0259l\u0259rini g\u0259tir\u0259n t\u0259yyar\u0259 az \u00f6nc\u0259 Heyd\u0259r \u018fliyev Beyn\u0259lxalq Aeroportuna eni\u015f edib. Xat\u0131rladaq ki, qit\u0259 birinciliyinin d\u00fcn\u0259n ke\u00e7iril\u0259n a\u00e7\u0131l\u0131\u015f m\u0259rasimind\u0259 \u00f6lk\u0259miz\u0259 qar\u015f\u0131 t\u0259xribat edilm\u0259si &#8211; Az\u0259rbaycan bayra\u011f\u0131n\u0131n yand\u0131r\u0131lmas\u0131 s\u0259b\u0259bind\u0259n a\u011f\u0131r atletl\u0259rimiz Avropa \u00e7empionat\u0131nda yar\u0131\u015fmaqdan imtina edibl\u0259r.","_links":{"self":[{"href":"https:\/\/arantv.az\/index.php?rest_route=\/wp\/v2\/posts\/590080"}],"collection":[{"href":"https:\/\/arantv.az\/index.php?rest_route=\/wp\/v2\/posts"}],"about":[{"href":"https:\/\/arantv.az\/index.php?rest_route=\/wp\/v2\/types\/post"}],"author":[{"embeddable":true,"href":"https:\/\/arantv.az\/index.php?rest_route=\/wp\/v2\/users\/2"}],"replies":[{"embeddable":true,"href":"https:\/\/arantv.az\/index.php?rest_route=%2Fwp%2Fv2%2Fcomments&post=590080"}],"version-history":[{"count":0,"href":"https:\/\/arantv.az\/index.php?rest_route=\/wp\/v2\/posts\/590080\/revisions"}],"wp:featuredmedia":[{"embeddable":true,"href":"https:\/\/arantv.az\/index.php?rest_route=\/wp\/v2\/media\/590081"}],"wp:attachment":[{"href":"https:\/\/arantv.az\/index.php?rest_route=%2Fwp%2Fv2%2Fmedia&parent=590080"}],"wp:term":[{"taxonomy":"category","embeddable":true,"href":"https:\/\/arantv.az\/index.php?rest_route=%2Fwp%2Fv2%2Fcategories&post=590080"},{"taxonomy":"post_tag","embeddable":true,"href":"https:\/\/arantv.az\/index.php?rest_route=%2Fwp%2Fv2%2Ftags&post=590080"}],"curies":[{"name":"wp","href":"https:\/\/api.w.org\/{rel}","templated":true}]}}