{"id":590083,"date":"2023-04-15T21:38:03","date_gmt":"2023-04-15T17:38:03","guid":{"rendered":"https:\/\/arantv.az\/?p=590083"},"modified":"2023-04-15T21:38:03","modified_gmt":"2023-04-15T17:38:03","slug":"erm%c9%99nistanda-qizil-medal-alan-turkiy%c9%99li-atlet-q%c9%99l%c9%99b%c9%99sini-az%c9%99rbaycana-h%c9%99sr-etdi-video","status":"publish","type":"post","link":"https:\/\/arantv.az\/?p=590083","title":{"rendered":"Erm\u0259nistanda q\u0131z\u0131l medal alan t\u00fcrkiy\u0259li atlet q\u0259l\u0259b\u0259sini Az\u0259rbaycana h\u0259sr etdi &#8211; V\u0130DEO"},"content":{"rendered":"<p>\u0130r\u0259vanda ke\u00e7iril\u0259n a\u011f\u0131r atletika \u00fczr\u0259 Avropa \u00e7empionatda t\u00fcrkiy\u0259li altel Cansu Bekta\u015f 45 kq-da f\u0259xri k\u00fcrs\u00fcy\u0259 qalx\u0131b. O, bird\u0259n qald\u0131rmada 72 kiloqram\u0131n \u00f6hd\u0259sind\u0259n g\u0259l\u0259r\u0259k q\u0131z\u0131l medal qazan\u0131b.<\/p>\n<p>\u0130dman\u00e7\u0131 medal\u0131n\u0131 az\u0259rbaycanl\u0131 h\u0259mkarlar\u0131na h\u0259sr etdiyini, onlar\u0131\u00a0d\u0259st\u0259kl\u0259diyini bildirib.<\/p>\n<p>T\u00fcrkiy\u0259nin g\u0259ncl\u0259r v\u0259 idman naziri Mehmet Muharrem Kasapo\u011flu idman\u00e7\u0131n\u0131 bu u\u011furu m\u00fcnasib\u0259til\u0259 t\u0259brik edib.<\/p>\n<div><iframe loading=\"lazy\" src=\"https:\/\/baku.tv\/embed\/79697\" width=\"560\" height=\"315\" frameborder=\"0\" allowfullscreen=\"allowfullscreen\" data-mce-fragment=\"1\"><\/iframe><\/div>\n<p>M\u0259nb\u0259: TRT<\/p>\n","protected":false},"excerpt":{"rendered":"<p>\u0130r\u0259vanda ke\u00e7iril\u0259n a\u011f\u0131r atletika \u00fczr\u0259 Avropa \u00e7empionatda t\u00fcrkiy\u0259li altel Cansu Bekta\u015f 45 kq-da f\u0259xri k\u00fcrs\u00fcy\u0259 qalx\u0131b. O, bird\u0259n qald\u0131rmada 72 kiloqram\u0131n \u00f6hd\u0259sind\u0259n g\u0259l\u0259r\u0259k q\u0131z\u0131l medal qazan\u0131b. \u0130dman\u00e7\u0131 medal\u0131n\u0131 az\u0259rbaycanl\u0131 h\u0259mkarlar\u0131na h\u0259sr etdiyini, onlar\u0131\u00a0d\u0259st\u0259kl\u0259diyini bildirib. T\u00fcrkiy\u0259nin g\u0259ncl\u0259r v\u0259 idman naziri Mehmet Muharrem Kasapo\u011flu idman\u00e7\u0131n\u0131 bu u\u011furu m\u00fcnasib\u0259til\u0259 t\u0259brik edib. M\u0259nb\u0259: TRT<\/p>\n","protected":false},"author":2,"featured_media":590084,"comment_status":"closed","ping_status":"closed","sticky":false,"template":"","format":"standard","meta":{"om_disable_all_campaigns":false,"_monsterinsights_skip_tracking":false,"_monsterinsights_sitenote_active":false,"_monsterinsights_sitenote_note":"","_monsterinsights_sitenote_category":0},"categories":[6],"tags":[],"aioseo_notices":[],"gutentor_comment":0,"rttpg_featured_image_url":{"full":["https:\/\/arantv.az\/wp-content\/uploads\/2023\/04\/1621768454778-141241243.jpg",620,413,false],"landscape":["https:\/\/arantv.az\/wp-content\/uploads\/2023\/04\/1621768454778-141241243.jpg",620,413,false],"portraits":["https:\/\/arantv.az\/wp-content\/uploads\/2023\/04\/1621768454778-141241243.jpg",620,413,false],"thumbnail":["https:\/\/arantv.az\/wp-content\/uploads\/2023\/04\/1621768454778-141241243-500x280.jpg",500,280,true],"medium":["https:\/\/arantv.az\/wp-content\/uploads\/2023\/04\/1621768454778-141241243-548x365.jpg",548,365,true],"large":["https:\/\/arantv.az\/wp-content\/uploads\/2023\/04\/1621768454778-141241243.jpg",620,413,false],"1536x1536":["https:\/\/arantv.az\/wp-content\/uploads\/2023\/04\/1621768454778-141241243.jpg",620,413,false],"2048x2048":["https:\/\/arantv.az\/wp-content\/uploads\/2023\/04\/1621768454778-141241243.jpg",620,413,false],"post-thumbnail":["https:\/\/arantv.az\/wp-content\/uploads\/2023\/04\/1621768454778-141241243-240x172.jpg",240,172,true],"advps-thumb-one":["https:\/\/arantv.az\/wp-content\/uploads\/2023\/04\/1621768454778-141241243.jpg",620,413,false]},"rttpg_author":{"display_name":"V\u00fcsal Rafiqo\u011flu","author_link":"https:\/\/arantv.az\/?author=2"},"rttpg_comment":0,"rttpg_category":"<a href=\"https:\/\/arantv.az\/?cat=6\" rel=\"category\">\u0130dman<\/a>","rttpg_excerpt":"\u0130r\u0259vanda ke\u00e7iril\u0259n a\u011f\u0131r atletika \u00fczr\u0259 Avropa \u00e7empionatda t\u00fcrkiy\u0259li altel Cansu Bekta\u015f 45 kq-da f\u0259xri k\u00fcrs\u00fcy\u0259 qalx\u0131b. O, bird\u0259n qald\u0131rmada 72 kiloqram\u0131n \u00f6hd\u0259sind\u0259n g\u0259l\u0259r\u0259k q\u0131z\u0131l medal qazan\u0131b. \u0130dman\u00e7\u0131 medal\u0131n\u0131 az\u0259rbaycanl\u0131 h\u0259mkarlar\u0131na h\u0259sr etdiyini, onlar\u0131\u00a0d\u0259st\u0259kl\u0259diyini bildirib. T\u00fcrkiy\u0259nin g\u0259ncl\u0259r v\u0259 idman naziri Mehmet Muharrem Kasapo\u011flu idman\u00e7\u0131n\u0131 bu u\u011furu m\u00fcnasib\u0259til\u0259 t\u0259brik edib. M\u0259nb\u0259: TRT","_links":{"self":[{"href":"https:\/\/arantv.az\/index.php?rest_route=\/wp\/v2\/posts\/590083"}],"collection":[{"href":"https:\/\/arantv.az\/index.php?rest_route=\/wp\/v2\/posts"}],"about":[{"href":"https:\/\/arantv.az\/index.php?rest_route=\/wp\/v2\/types\/post"}],"author":[{"embeddable":true,"href":"https:\/\/arantv.az\/index.php?rest_route=\/wp\/v2\/users\/2"}],"replies":[{"embeddable":true,"href":"https:\/\/arantv.az\/index.php?rest_route=%2Fwp%2Fv2%2Fcomments&post=590083"}],"version-history":[{"count":0,"href":"https:\/\/arantv.az\/index.php?rest_route=\/wp\/v2\/posts\/590083\/revisions"}],"wp:featuredmedia":[{"embeddable":true,"href":"https:\/\/arantv.az\/index.php?rest_route=\/wp\/v2\/media\/590084"}],"wp:attachment":[{"href":"https:\/\/arantv.az\/index.php?rest_route=%2Fwp%2Fv2%2Fmedia&parent=590083"}],"wp:term":[{"taxonomy":"category","embeddable":true,"href":"https:\/\/arantv.az\/index.php?rest_route=%2Fwp%2Fv2%2Fcategories&post=590083"},{"taxonomy":"post_tag","embeddable":true,"href":"https:\/\/arantv.az\/index.php?rest_route=%2Fwp%2Fv2%2Ftags&post=590083"}],"curies":[{"name":"wp","href":"https:\/\/api.w.org\/{rel}","templated":true}]}}