{"id":590095,"date":"2023-04-15T21:40:22","date_gmt":"2023-04-15T17:40:22","guid":{"rendered":"https:\/\/arantv.az\/?p=590095"},"modified":"2023-04-15T21:40:22","modified_gmt":"2023-04-15T17:40:22","slug":"cavusoglu-can-az%c9%99rbaycan-torpaqlarini-azad-ed%c9%99r%c9%99k-turk-dunyasinin-gucunu-gost%c9%99rdi","status":"publish","type":"post","link":"https:\/\/arantv.az\/?p=590095","title":{"rendered":"\u00c7avu\u015fo\u011flu: \u201cCan Az\u0259rbaycan torpaqlar\u0131n\u0131 azad ed\u0259r\u0259k t\u00fcrk d\u00fcnyas\u0131n\u0131n g\u00fcc\u00fcn\u00fc g\u00f6st\u0259rdi\u201d"},"content":{"rendered":"<p>\u201cCan Az\u0259rbaycan h\u0259rbi \u0259m\u0259liyyatlarla i\u015f\u011fal alt\u0131ndak\u0131 torpaqlar\u0131n\u0131 azad edib. Bununla da T\u00fcrk d\u00fcnyas\u0131n\u0131n g\u00fcc\u00fcn\u00fc d\u00fcnyaya g\u00f6st\u0259rdi\u201d.<\/p>\n<p>Bunu T\u00fcrkiy\u0259nin xarici i\u015fl\u0259r naziri M\u00f6vlud \u00c7avu\u015fo\u011flu deyib.<\/p>\n<div id=\"22889818619\"><\/div>\n<p>\u00c7avu\u015fo\u011flu qeyd edib ki, T\u00fcrkiy\u0259nin d\u0259 b\u00fct\u00fcn sah\u0259l\u0259rd\u0259 g\u00fcc\u00fc art\u0131r: &#8220;Amma t\u0259kc\u0259 T\u00fcrkiy\u0259nin g\u00fccl\u00fc olmas\u0131 kifay\u0259t etmir. T\u00fcrk d\u00fcnyas\u0131n\u0131n g\u00fccl\u00fc olmas\u0131 laz\u0131md\u0131r. T\u00fcrk d\u00fcnyas\u0131n\u0131 bir t\u0259\u015fkilat alt\u0131nda toplad\u0131q. T\u00fcrk d\u00fcnyas\u0131n\u0131n g\u00fcc\u00fc, birliyi \u00fc\u00e7\u00fcn daha s\u0259yl\u0259 \u00e7al\u0131\u015faca\u011f\u0131q&#8221;.<\/p>\n","protected":false},"excerpt":{"rendered":"<p>\u201cCan Az\u0259rbaycan h\u0259rbi \u0259m\u0259liyyatlarla i\u015f\u011fal alt\u0131ndak\u0131 torpaqlar\u0131n\u0131 azad edib. Bununla da T\u00fcrk d\u00fcnyas\u0131n\u0131n g\u00fcc\u00fcn\u00fc d\u00fcnyaya g\u00f6st\u0259rdi\u201d. Bunu T\u00fcrkiy\u0259nin xarici i\u015fl\u0259r naziri M\u00f6vlud \u00c7avu\u015fo\u011flu deyib. \u00c7avu\u015fo\u011flu qeyd edib ki, T\u00fcrkiy\u0259nin d\u0259 b\u00fct\u00fcn sah\u0259l\u0259rd\u0259 g\u00fcc\u00fc art\u0131r: &#8220;Amma t\u0259kc\u0259 T\u00fcrkiy\u0259nin g\u00fccl\u00fc olmas\u0131 kifay\u0259t etmir. T\u00fcrk d\u00fcnyas\u0131n\u0131n g\u00fccl\u00fc olmas\u0131 laz\u0131md\u0131r. T\u00fcrk d\u00fcnyas\u0131n\u0131 bir t\u0259\u015fkilat alt\u0131nda toplad\u0131q. T\u00fcrk d\u00fcnyas\u0131n\u0131n g\u00fcc\u00fc, birliyi \u00fc\u00e7\u00fcn daha s\u0259yl\u0259 \u00e7al\u0131\u015faca\u011f\u0131q&#8221;.<\/p>\n","protected":false},"author":2,"featured_media":590096,"comment_status":"closed","ping_status":"closed","sticky":false,"template":"","format":"standard","meta":{"om_disable_all_campaigns":false,"_monsterinsights_skip_tracking":false,"_monsterinsights_sitenote_active":false,"_monsterinsights_sitenote_note":"","_monsterinsights_sitenote_category":0},"categories":[4],"tags":[],"aioseo_notices":[],"gutentor_comment":0,"rttpg_featured_image_url":{"full":["https:\/\/arantv.az\/wp-content\/uploads\/2023\/04\/FotoJet-2023-03-04T232928.725-2.jpg",620,413,false],"landscape":["https:\/\/arantv.az\/wp-content\/uploads\/2023\/04\/FotoJet-2023-03-04T232928.725-2.jpg",620,413,false],"portraits":["https:\/\/arantv.az\/wp-content\/uploads\/2023\/04\/FotoJet-2023-03-04T232928.725-2.jpg",620,413,false],"thumbnail":["https:\/\/arantv.az\/wp-content\/uploads\/2023\/04\/FotoJet-2023-03-04T232928.725-2-500x280.jpg",500,280,true],"medium":["https:\/\/arantv.az\/wp-content\/uploads\/2023\/04\/FotoJet-2023-03-04T232928.725-2-548x365.jpg",548,365,true],"large":["https:\/\/arantv.az\/wp-content\/uploads\/2023\/04\/FotoJet-2023-03-04T232928.725-2.jpg",620,413,false],"1536x1536":["https:\/\/arantv.az\/wp-content\/uploads\/2023\/04\/FotoJet-2023-03-04T232928.725-2.jpg",620,413,false],"2048x2048":["https:\/\/arantv.az\/wp-content\/uploads\/2023\/04\/FotoJet-2023-03-04T232928.725-2.jpg",620,413,false],"post-thumbnail":["https:\/\/arantv.az\/wp-content\/uploads\/2023\/04\/FotoJet-2023-03-04T232928.725-2-240x172.jpg",240,172,true],"advps-thumb-one":["https:\/\/arantv.az\/wp-content\/uploads\/2023\/04\/FotoJet-2023-03-04T232928.725-2.jpg",620,413,false]},"rttpg_author":{"display_name":"V\u00fcsal Rafiqo\u011flu","author_link":"https:\/\/arantv.az\/?author=2"},"rttpg_comment":0,"rttpg_category":"<a href=\"https:\/\/arantv.az\/?cat=4\" rel=\"category\">Siyas\u0259t<\/a>","rttpg_excerpt":"\u201cCan Az\u0259rbaycan h\u0259rbi \u0259m\u0259liyyatlarla i\u015f\u011fal alt\u0131ndak\u0131 torpaqlar\u0131n\u0131 azad edib. Bununla da T\u00fcrk d\u00fcnyas\u0131n\u0131n g\u00fcc\u00fcn\u00fc d\u00fcnyaya g\u00f6st\u0259rdi\u201d. Bunu T\u00fcrkiy\u0259nin xarici i\u015fl\u0259r naziri M\u00f6vlud \u00c7avu\u015fo\u011flu deyib. \u00c7avu\u015fo\u011flu qeyd edib ki, T\u00fcrkiy\u0259nin d\u0259 b\u00fct\u00fcn sah\u0259l\u0259rd\u0259 g\u00fcc\u00fc art\u0131r: &#8220;Amma t\u0259kc\u0259 T\u00fcrkiy\u0259nin g\u00fccl\u00fc olmas\u0131 kifay\u0259t etmir. T\u00fcrk d\u00fcnyas\u0131n\u0131n g\u00fccl\u00fc olmas\u0131 laz\u0131md\u0131r. T\u00fcrk d\u00fcnyas\u0131n\u0131 bir t\u0259\u015fkilat alt\u0131nda toplad\u0131q. T\u00fcrk d\u00fcnyas\u0131n\u0131n g\u00fcc\u00fc,&hellip;","_links":{"self":[{"href":"https:\/\/arantv.az\/index.php?rest_route=\/wp\/v2\/posts\/590095"}],"collection":[{"href":"https:\/\/arantv.az\/index.php?rest_route=\/wp\/v2\/posts"}],"about":[{"href":"https:\/\/arantv.az\/index.php?rest_route=\/wp\/v2\/types\/post"}],"author":[{"embeddable":true,"href":"https:\/\/arantv.az\/index.php?rest_route=\/wp\/v2\/users\/2"}],"replies":[{"embeddable":true,"href":"https:\/\/arantv.az\/index.php?rest_route=%2Fwp%2Fv2%2Fcomments&post=590095"}],"version-history":[{"count":0,"href":"https:\/\/arantv.az\/index.php?rest_route=\/wp\/v2\/posts\/590095\/revisions"}],"wp:featuredmedia":[{"embeddable":true,"href":"https:\/\/arantv.az\/index.php?rest_route=\/wp\/v2\/media\/590096"}],"wp:attachment":[{"href":"https:\/\/arantv.az\/index.php?rest_route=%2Fwp%2Fv2%2Fmedia&parent=590095"}],"wp:term":[{"taxonomy":"category","embeddable":true,"href":"https:\/\/arantv.az\/index.php?rest_route=%2Fwp%2Fv2%2Fcategories&post=590095"},{"taxonomy":"post_tag","embeddable":true,"href":"https:\/\/arantv.az\/index.php?rest_route=%2Fwp%2Fv2%2Ftags&post=590095"}],"curies":[{"name":"wp","href":"https:\/\/api.w.org\/{rel}","templated":true}]}}