{"id":590110,"date":"2023-04-15T22:26:38","date_gmt":"2023-04-15T18:26:38","guid":{"rendered":"https:\/\/arantv.az\/?p=590110"},"modified":"2023-04-15T22:26:38","modified_gmt":"2023-04-15T18:26:38","slug":"az%c9%99rbaycan-millisinin-uzvu-erm%c9%99nistan-t%c9%99r%c9%99fi-h%c9%99mis%c9%99ki-kimi-bu-d%c9%99f%c9%99-d%c9%99-idmani-siyas%c9%99t%c9%99-qatib","status":"publish","type":"post","link":"https:\/\/arantv.az\/?p=590110","title":{"rendered":"Az\u0259rbaycan millisinin \u00fczv\u00fc: \u201cErm\u0259nistan t\u0259r\u0259fi h\u0259mi\u015f\u0259ki kimi, bu d\u0259f\u0259 d\u0259 idman\u0131 siyas\u0259t\u0259 qat\u0131b\u201d"},"content":{"rendered":"<p>\u201cHadis\u0259 zaman\u0131 orada deyildik. Erm\u0259ni t\u0259xribat\u0131 s\u0259b\u0259bind\u0259n yar\u0131\u015fdan imtina etdik\u201d.<\/p>\n<p><b>ARANTV.AZ <\/b>x\u0259b\u0259r verir ki, bunu Erm\u0259nistan\u0131n paytaxt\u0131 \u0130r\u0259vanda ke\u00e7iril\u0259n Avropa \u00e7empionat\u0131ndan imtina ed\u0259r\u0259k V\u0259t\u0259n\u0259 qay\u0131dan a\u011f\u0131rl\u0131qqald\u0131rma \u00fczr\u0259 Az\u0259rbaycan millisinin \u00fczv\u00fc \u00d6m\u0259r Cavadov (73 kq) Heyd\u0259r \u018fliyev Beyn\u0259lxalq Aeroportunda jurnalistl\u0259r\u0259 a\u00e7\u0131qlamas\u0131nda deyib.<\/p>\n<p>O bildirib ki, Erm\u0259nistan t\u0259r\u0259fi h\u0259mi\u015f\u0259ki kimi, bu d\u0259f\u0259 d\u0259 idman\u0131 siyas\u0259t\u0259 qat\u0131b: \u201cOra bayra\u011f\u0131m\u0131z\u0131 qald\u0131rma\u011fa getmi\u015fdik. Amma onlar\u0131n etdikl\u0259ri h\u0259r\u0259k\u0259t d\u00fczg\u00fcn deyildi. Bayra\u011f\u0131m\u0131z h\u0259r \u015feyd\u0259n ucad\u0131r. Buradan b\u00fct\u00fcn mill\u0259timiz\u0259 d\u0259rin minn\u0259tdarl\u0131\u011f\u0131m\u0131z\u0131 bildiririk. C\u0259nab Prezidentimiz\u0259, Vitse-prezidentimiz\u0259 t\u0259\u015f\u0259kk\u00fcr\u00fcm\u00fcz\u00fc bildiririk ki, biz\u0259 bu c\u00fcr qay\u011f\u0131 g\u00f6st\u0259rdil\u0259r, V\u0259t\u0259nimiz\u0259 qaytard\u0131lar\u201d.<\/p>\n","protected":false},"excerpt":{"rendered":"<p>\u201cHadis\u0259 zaman\u0131 orada deyildik. Erm\u0259ni t\u0259xribat\u0131 s\u0259b\u0259bind\u0259n yar\u0131\u015fdan imtina etdik\u201d. ARANTV.AZ x\u0259b\u0259r verir ki, bunu Erm\u0259nistan\u0131n paytaxt\u0131 \u0130r\u0259vanda ke\u00e7iril\u0259n Avropa \u00e7empionat\u0131ndan imtina ed\u0259r\u0259k V\u0259t\u0259n\u0259 qay\u0131dan a\u011f\u0131rl\u0131qqald\u0131rma \u00fczr\u0259 Az\u0259rbaycan millisinin \u00fczv\u00fc \u00d6m\u0259r Cavadov (73 kq) Heyd\u0259r \u018fliyev Beyn\u0259lxalq Aeroportunda jurnalistl\u0259r\u0259 a\u00e7\u0131qlamas\u0131nda deyib. O bildirib ki, Erm\u0259nistan t\u0259r\u0259fi h\u0259mi\u015f\u0259ki kimi, bu d\u0259f\u0259 d\u0259 idman\u0131 siyas\u0259t\u0259 qat\u0131b: \u201cOra bayra\u011f\u0131m\u0131z\u0131 qald\u0131rma\u011fa getmi\u015fdik. Amma onlar\u0131n etdikl\u0259ri h\u0259r\u0259k\u0259t d\u00fczg\u00fcn deyildi. Bayra\u011f\u0131m\u0131z h\u0259r \u015feyd\u0259n ucad\u0131r. Buradan b\u00fct\u00fcn mill\u0259timiz\u0259 d\u0259rin minn\u0259tdarl\u0131\u011f\u0131m\u0131z\u0131 bildiririk. C\u0259nab Prezidentimiz\u0259, Vitse-prezidentimiz\u0259 t\u0259\u015f\u0259kk\u00fcr\u00fcm\u00fcz\u00fc bildiririk ki, biz\u0259 bu c\u00fcr qay\u011f\u0131 g\u00f6st\u0259rdil\u0259r, V\u0259t\u0259nimiz\u0259 qaytard\u0131lar\u201d.<\/p>\n","protected":false},"author":2,"featured_media":590111,"comment_status":"closed","ping_status":"closed","sticky":false,"template":"","format":"standard","meta":{"om_disable_all_campaigns":false,"_monsterinsights_skip_tracking":false,"_monsterinsights_sitenote_active":false,"_monsterinsights_sitenote_note":"","_monsterinsights_sitenote_category":0},"categories":[6],"tags":[],"aioseo_notices":[],"gutentor_comment":0,"rttpg_featured_image_url":{"full":["https:\/\/arantv.az\/wp-content\/uploads\/2023\/04\/FotoJet-2023-04-15T221158.844.jpg",620,413,false],"landscape":["https:\/\/arantv.az\/wp-content\/uploads\/2023\/04\/FotoJet-2023-04-15T221158.844.jpg",620,413,false],"portraits":["https:\/\/arantv.az\/wp-content\/uploads\/2023\/04\/FotoJet-2023-04-15T221158.844.jpg",620,413,false],"thumbnail":["https:\/\/arantv.az\/wp-content\/uploads\/2023\/04\/FotoJet-2023-04-15T221158.844-500x280.jpg",500,280,true],"medium":["https:\/\/arantv.az\/wp-content\/uploads\/2023\/04\/FotoJet-2023-04-15T221158.844-548x365.jpg",548,365,true],"large":["https:\/\/arantv.az\/wp-content\/uploads\/2023\/04\/FotoJet-2023-04-15T221158.844.jpg",620,413,false],"1536x1536":["https:\/\/arantv.az\/wp-content\/uploads\/2023\/04\/FotoJet-2023-04-15T221158.844.jpg",620,413,false],"2048x2048":["https:\/\/arantv.az\/wp-content\/uploads\/2023\/04\/FotoJet-2023-04-15T221158.844.jpg",620,413,false],"post-thumbnail":["https:\/\/arantv.az\/wp-content\/uploads\/2023\/04\/FotoJet-2023-04-15T221158.844-240x172.jpg",240,172,true],"advps-thumb-one":["https:\/\/arantv.az\/wp-content\/uploads\/2023\/04\/FotoJet-2023-04-15T221158.844.jpg",620,413,false]},"rttpg_author":{"display_name":"V\u00fcsal Rafiqo\u011flu","author_link":"https:\/\/arantv.az\/?author=2"},"rttpg_comment":0,"rttpg_category":"<a href=\"https:\/\/arantv.az\/?cat=6\" rel=\"category\">\u0130dman<\/a>","rttpg_excerpt":"\u201cHadis\u0259 zaman\u0131 orada deyildik. Erm\u0259ni t\u0259xribat\u0131 s\u0259b\u0259bind\u0259n yar\u0131\u015fdan imtina etdik\u201d. ARANTV.AZ x\u0259b\u0259r verir ki, bunu Erm\u0259nistan\u0131n paytaxt\u0131 \u0130r\u0259vanda ke\u00e7iril\u0259n Avropa \u00e7empionat\u0131ndan imtina ed\u0259r\u0259k V\u0259t\u0259n\u0259 qay\u0131dan a\u011f\u0131rl\u0131qqald\u0131rma \u00fczr\u0259 Az\u0259rbaycan millisinin \u00fczv\u00fc \u00d6m\u0259r Cavadov (73 kq) Heyd\u0259r \u018fliyev Beyn\u0259lxalq Aeroportunda jurnalistl\u0259r\u0259 a\u00e7\u0131qlamas\u0131nda deyib. O bildirib ki, Erm\u0259nistan t\u0259r\u0259fi h\u0259mi\u015f\u0259ki kimi, bu d\u0259f\u0259 d\u0259 idman\u0131 siyas\u0259t\u0259 qat\u0131b: \u201cOra&hellip;","_links":{"self":[{"href":"https:\/\/arantv.az\/index.php?rest_route=\/wp\/v2\/posts\/590110"}],"collection":[{"href":"https:\/\/arantv.az\/index.php?rest_route=\/wp\/v2\/posts"}],"about":[{"href":"https:\/\/arantv.az\/index.php?rest_route=\/wp\/v2\/types\/post"}],"author":[{"embeddable":true,"href":"https:\/\/arantv.az\/index.php?rest_route=\/wp\/v2\/users\/2"}],"replies":[{"embeddable":true,"href":"https:\/\/arantv.az\/index.php?rest_route=%2Fwp%2Fv2%2Fcomments&post=590110"}],"version-history":[{"count":0,"href":"https:\/\/arantv.az\/index.php?rest_route=\/wp\/v2\/posts\/590110\/revisions"}],"wp:featuredmedia":[{"embeddable":true,"href":"https:\/\/arantv.az\/index.php?rest_route=\/wp\/v2\/media\/590111"}],"wp:attachment":[{"href":"https:\/\/arantv.az\/index.php?rest_route=%2Fwp%2Fv2%2Fmedia&parent=590110"}],"wp:term":[{"taxonomy":"category","embeddable":true,"href":"https:\/\/arantv.az\/index.php?rest_route=%2Fwp%2Fv2%2Fcategories&post=590110"},{"taxonomy":"post_tag","embeddable":true,"href":"https:\/\/arantv.az\/index.php?rest_route=%2Fwp%2Fv2%2Ftags&post=590110"}],"curies":[{"name":"wp","href":"https:\/\/api.w.org\/{rel}","templated":true}]}}