{"id":590114,"date":"2023-04-15T22:27:20","date_gmt":"2023-04-15T18:27:20","guid":{"rendered":"https:\/\/arantv.az\/?p=590114"},"modified":"2023-04-15T22:27:20","modified_gmt":"2023-04-15T18:27:20","slug":"karen-giloyan-erm%c9%99nistan-dunya-cempionatina-ev-sahibliyi-etm%c9%99k-huququndan-m%c9%99hrum-edil%c9%99-bil%c9%99r","status":"publish","type":"post","link":"https:\/\/arantv.az\/?p=590114","title":{"rendered":"Karen Giloyan: \u201cErm\u0259nistan d\u00fcnya \u00e7empionat\u0131na ev sahibliyi etm\u0259k h\u00fcququndan m\u0259hrum edil\u0259 bil\u0259r\u201d"},"content":{"rendered":"<p>\u0130r\u0259vanda ke\u00e7iril\u0259n Avropa \u00e7empionat\u0131n\u0131n a\u00e7\u0131l\u0131\u015f m\u0259rasimind\u0259 Az\u0259rbaycan bayra\u011f\u0131n\u0131n yand\u0131r\u0131lmas\u0131 il\u0259 ba\u011fl\u0131 insident s\u0259b\u0259bind\u0259n Erm\u0259nistan a\u011f\u0131r atletika \u00fczr\u0259 d\u00fcnya \u00e7empionat\u0131na ev sahibliyi etm\u0259k h\u00fcququndan m\u0259hrum edil\u0259 bil\u0259r.<\/p>\n<p>Bunu Erm\u0259nistan m\u0259tbuat\u0131na \u00f6lk\u0259nin t\u0259hsil, elm, m\u0259d\u0259niyy\u0259t v\u0259 idman nazirinin m\u00fcavini Karen Giloyan deyib.<\/p>\n<p>Giloyan\u0131n s\u00f6zl\u0259rin\u0259 g\u00f6r\u0259, erm\u0259ni t\u0259r\u0259fi beyn\u0259lxalq t\u0259r\u0259fda\u015flarla dan\u0131\u015f\u0131qlar apar\u0131r v\u0259 idman\u00e7\u0131lar\u0131n fiziki t\u0259hl\u00fck\u0259sizliyi il\u0259 ba\u011fl\u0131 he\u00e7 bir problemin olmad\u0131\u011f\u0131n\u0131 s\u00fcbut etm\u0259y\u0259 \u00e7al\u0131\u015f\u0131r.<\/p>\n<p>\u201cBiz v\u0259ziyy\u0259ti yum\u015faltmaq \u00fc\u00e7\u00fcn h\u0259r \u015feyi etm\u0259y\u0259 \u00e7al\u0131\u015faca\u011f\u0131q ki, n\u0259tic\u0259l\u0259r a\u011f\u0131r olmas\u0131n\u201d, &#8211; Giloyan bildirib.<\/p>\n<p>Qeyd ed\u0259k ki, Avropa A\u011f\u0131r Atletika Federasiyas\u0131 da hadis\u0259ni pisl\u0259yib, Avropa \u00e7empionat\u0131n\u0131n b\u00fct\u00fcn i\u015ftirak\u00e7\u0131lar\u0131 \u00fc\u00e7\u00fcn \u0259lav\u0259 t\u0259hl\u00fck\u0259sizlik z\u0259man\u0259ti ist\u0259yib.<\/p>\n","protected":false},"excerpt":{"rendered":"<p>\u0130r\u0259vanda ke\u00e7iril\u0259n Avropa \u00e7empionat\u0131n\u0131n a\u00e7\u0131l\u0131\u015f m\u0259rasimind\u0259 Az\u0259rbaycan bayra\u011f\u0131n\u0131n yand\u0131r\u0131lmas\u0131 il\u0259 ba\u011fl\u0131 insident s\u0259b\u0259bind\u0259n Erm\u0259nistan a\u011f\u0131r atletika \u00fczr\u0259 d\u00fcnya \u00e7empionat\u0131na ev sahibliyi etm\u0259k h\u00fcququndan m\u0259hrum edil\u0259 bil\u0259r. Bunu Erm\u0259nistan m\u0259tbuat\u0131na \u00f6lk\u0259nin t\u0259hsil, elm, m\u0259d\u0259niyy\u0259t v\u0259 idman nazirinin m\u00fcavini Karen Giloyan deyib. Giloyan\u0131n s\u00f6zl\u0259rin\u0259 g\u00f6r\u0259, erm\u0259ni t\u0259r\u0259fi beyn\u0259lxalq t\u0259r\u0259fda\u015flarla dan\u0131\u015f\u0131qlar apar\u0131r v\u0259 idman\u00e7\u0131lar\u0131n fiziki t\u0259hl\u00fck\u0259sizliyi il\u0259 ba\u011fl\u0131 he\u00e7 bir problemin olmad\u0131\u011f\u0131n\u0131 s\u00fcbut etm\u0259y\u0259 \u00e7al\u0131\u015f\u0131r. \u201cBiz v\u0259ziyy\u0259ti yum\u015faltmaq \u00fc\u00e7\u00fcn h\u0259r \u015feyi etm\u0259y\u0259 \u00e7al\u0131\u015faca\u011f\u0131q ki, n\u0259tic\u0259l\u0259r a\u011f\u0131r olmas\u0131n\u201d, &#8211; Giloyan bildirib. Qeyd ed\u0259k ki, Avropa A\u011f\u0131r Atletika Federasiyas\u0131 da hadis\u0259ni pisl\u0259yib, Avropa \u00e7empionat\u0131n\u0131n b\u00fct\u00fcn&hellip;<\/p>\n","protected":false},"author":2,"featured_media":590115,"comment_status":"closed","ping_status":"closed","sticky":false,"template":"","format":"standard","meta":{"om_disable_all_campaigns":false,"_monsterinsights_skip_tracking":false,"_monsterinsights_sitenote_active":false,"_monsterinsights_sitenote_note":"","_monsterinsights_sitenote_category":0},"categories":[6],"tags":[],"aioseo_notices":[],"gutentor_comment":0,"rttpg_featured_image_url":{"full":["https:\/\/arantv.az\/wp-content\/uploads\/2023\/04\/O_O__O\u00bfO\u00b3O_O__O\u00b6O\u00a1O_O\u00a1O_O\u00a1O_O_O\u00bfO\u00a5O\u00b2O\u00a1O\u00afO\u00a1O\u00ac_O\u00bfO\u00a1O_O\u00a5O\u00b6_O\u00b3OO\u00acO\u00b8O\u00b5O\u00a1O\u00b6.jpg",620,413,false],"landscape":["https:\/\/arantv.az\/wp-content\/uploads\/2023\/04\/O_O__O\u00bfO\u00b3O_O__O\u00b6O\u00a1O_O\u00a1O_O\u00a1O_O_O\u00bfO\u00a5O\u00b2O\u00a1O\u00afO\u00a1O\u00ac_O\u00bfO\u00a1O_O\u00a5O\u00b6_O\u00b3OO\u00acO\u00b8O\u00b5O\u00a1O\u00b6.jpg",620,413,false],"portraits":["https:\/\/arantv.az\/wp-content\/uploads\/2023\/04\/O_O__O\u00bfO\u00b3O_O__O\u00b6O\u00a1O_O\u00a1O_O\u00a1O_O_O\u00bfO\u00a5O\u00b2O\u00a1O\u00afO\u00a1O\u00ac_O\u00bfO\u00a1O_O\u00a5O\u00b6_O\u00b3OO\u00acO\u00b8O\u00b5O\u00a1O\u00b6.jpg",620,413,false],"thumbnail":["https:\/\/arantv.az\/wp-content\/uploads\/2023\/04\/O_O__O\u00bfO\u00b3O_O__O\u00b6O\u00a1O_O\u00a1O_O\u00a1O_O_O\u00bfO\u00a5O\u00b2O\u00a1O\u00afO\u00a1O\u00ac_O\u00bfO\u00a1O_O\u00a5O\u00b6_O\u00b3OO\u00acO\u00b8O\u00b5O\u00a1O\u00b6-500x280.jpg",500,280,true],"medium":["https:\/\/arantv.az\/wp-content\/uploads\/2023\/04\/O_O__O\u00bfO\u00b3O_O__O\u00b6O\u00a1O_O\u00a1O_O\u00a1O_O_O\u00bfO\u00a5O\u00b2O\u00a1O\u00afO\u00a1O\u00ac_O\u00bfO\u00a1O_O\u00a5O\u00b6_O\u00b3OO\u00acO\u00b8O\u00b5O\u00a1O\u00b6-548x365.jpg",548,365,true],"large":["https:\/\/arantv.az\/wp-content\/uploads\/2023\/04\/O_O__O\u00bfO\u00b3O_O__O\u00b6O\u00a1O_O\u00a1O_O\u00a1O_O_O\u00bfO\u00a5O\u00b2O\u00a1O\u00afO\u00a1O\u00ac_O\u00bfO\u00a1O_O\u00a5O\u00b6_O\u00b3OO\u00acO\u00b8O\u00b5O\u00a1O\u00b6.jpg",620,413,false],"1536x1536":["https:\/\/arantv.az\/wp-content\/uploads\/2023\/04\/O_O__O\u00bfO\u00b3O_O__O\u00b6O\u00a1O_O\u00a1O_O\u00a1O_O_O\u00bfO\u00a5O\u00b2O\u00a1O\u00afO\u00a1O\u00ac_O\u00bfO\u00a1O_O\u00a5O\u00b6_O\u00b3OO\u00acO\u00b8O\u00b5O\u00a1O\u00b6.jpg",620,413,false],"2048x2048":["https:\/\/arantv.az\/wp-content\/uploads\/2023\/04\/O_O__O\u00bfO\u00b3O_O__O\u00b6O\u00a1O_O\u00a1O_O\u00a1O_O_O\u00bfO\u00a5O\u00b2O\u00a1O\u00afO\u00a1O\u00ac_O\u00bfO\u00a1O_O\u00a5O\u00b6_O\u00b3OO\u00acO\u00b8O\u00b5O\u00a1O\u00b6.jpg",620,413,false],"post-thumbnail":["https:\/\/arantv.az\/wp-content\/uploads\/2023\/04\/O_O__O\u00bfO\u00b3O_O__O\u00b6O\u00a1O_O\u00a1O_O\u00a1O_O_O\u00bfO\u00a5O\u00b2O\u00a1O\u00afO\u00a1O\u00ac_O\u00bfO\u00a1O_O\u00a5O\u00b6_O\u00b3OO\u00acO\u00b8O\u00b5O\u00a1O\u00b6-240x172.jpg",240,172,true],"advps-thumb-one":["https:\/\/arantv.az\/wp-content\/uploads\/2023\/04\/O_O__O\u00bfO\u00b3O_O__O\u00b6O\u00a1O_O\u00a1O_O\u00a1O_O_O\u00bfO\u00a5O\u00b2O\u00a1O\u00afO\u00a1O\u00ac_O\u00bfO\u00a1O_O\u00a5O\u00b6_O\u00b3OO\u00acO\u00b8O\u00b5O\u00a1O\u00b6.jpg",620,413,false]},"rttpg_author":{"display_name":"V\u00fcsal Rafiqo\u011flu","author_link":"https:\/\/arantv.az\/?author=2"},"rttpg_comment":0,"rttpg_category":"<a href=\"https:\/\/arantv.az\/?cat=6\" rel=\"category\">\u0130dman<\/a>","rttpg_excerpt":"\u0130r\u0259vanda ke\u00e7iril\u0259n Avropa \u00e7empionat\u0131n\u0131n a\u00e7\u0131l\u0131\u015f m\u0259rasimind\u0259 Az\u0259rbaycan bayra\u011f\u0131n\u0131n yand\u0131r\u0131lmas\u0131 il\u0259 ba\u011fl\u0131 insident s\u0259b\u0259bind\u0259n Erm\u0259nistan a\u011f\u0131r atletika \u00fczr\u0259 d\u00fcnya \u00e7empionat\u0131na ev sahibliyi etm\u0259k h\u00fcququndan m\u0259hrum edil\u0259 bil\u0259r. Bunu Erm\u0259nistan m\u0259tbuat\u0131na \u00f6lk\u0259nin t\u0259hsil, elm, m\u0259d\u0259niyy\u0259t v\u0259 idman nazirinin m\u00fcavini Karen Giloyan deyib. Giloyan\u0131n s\u00f6zl\u0259rin\u0259 g\u00f6r\u0259, erm\u0259ni t\u0259r\u0259fi beyn\u0259lxalq t\u0259r\u0259fda\u015flarla dan\u0131\u015f\u0131qlar apar\u0131r v\u0259 idman\u00e7\u0131lar\u0131n fiziki t\u0259hl\u00fck\u0259sizliyi il\u0259 ba\u011fl\u0131&hellip;","_links":{"self":[{"href":"https:\/\/arantv.az\/index.php?rest_route=\/wp\/v2\/posts\/590114"}],"collection":[{"href":"https:\/\/arantv.az\/index.php?rest_route=\/wp\/v2\/posts"}],"about":[{"href":"https:\/\/arantv.az\/index.php?rest_route=\/wp\/v2\/types\/post"}],"author":[{"embeddable":true,"href":"https:\/\/arantv.az\/index.php?rest_route=\/wp\/v2\/users\/2"}],"replies":[{"embeddable":true,"href":"https:\/\/arantv.az\/index.php?rest_route=%2Fwp%2Fv2%2Fcomments&post=590114"}],"version-history":[{"count":0,"href":"https:\/\/arantv.az\/index.php?rest_route=\/wp\/v2\/posts\/590114\/revisions"}],"wp:featuredmedia":[{"embeddable":true,"href":"https:\/\/arantv.az\/index.php?rest_route=\/wp\/v2\/media\/590115"}],"wp:attachment":[{"href":"https:\/\/arantv.az\/index.php?rest_route=%2Fwp%2Fv2%2Fmedia&parent=590114"}],"wp:term":[{"taxonomy":"category","embeddable":true,"href":"https:\/\/arantv.az\/index.php?rest_route=%2Fwp%2Fv2%2Fcategories&post=590114"},{"taxonomy":"post_tag","embeddable":true,"href":"https:\/\/arantv.az\/index.php?rest_route=%2Fwp%2Fv2%2Ftags&post=590114"}],"curies":[{"name":"wp","href":"https:\/\/api.w.org\/{rel}","templated":true}]}}