{"id":590118,"date":"2023-04-15T22:28:13","date_gmt":"2023-04-15T18:28:13","guid":{"rendered":"https:\/\/arantv.az\/?p=590118"},"modified":"2023-04-15T22:28:13","modified_gmt":"2023-04-15T18:28:13","slug":"ir%c9%99vandaki-cempionatdan-imtina-ed%c9%99n-idmancimiz-orada-biz%c9%99-qarsi-munasib%c9%99t-yaxsi-deyildi","status":"publish","type":"post","link":"https:\/\/arantv.az\/?p=590118","title":{"rendered":"\u0130r\u0259vandak\u0131 \u00e7empionatdan imtina ed\u0259n idman\u00e7\u0131m\u0131z: \u201cOrada biz\u0259 qar\u015f\u0131 m\u00fcnasib\u0259t yax\u015f\u0131 deyildi\u201d"},"content":{"rendered":"<p>\u201c\u0130r\u0259vana b\u00f6y\u00fck \u00fcmidl\u0259rl\u0259 getmi\u015fdik, bayra\u011f\u0131m\u0131z\u0131 dal\u011faland\u0131rmaq, medal qazanmaq ist\u0259yirdik\u201d.<\/p>\n<p><strong>ARANTV.AZ <\/strong>\u00a0x\u0259b\u0259r verir ki, bunu Erm\u0259nistan\u0131n paytaxt\u0131 \u0130r\u0259vanda ke\u00e7iril\u0259n Avropa \u00e7empionat\u0131ndan imtina ed\u0259r\u0259k V\u0259t\u0259n\u0259 qay\u0131dan a\u011f\u0131rl\u0131qqald\u0131rma \u00fczr\u0259 Az\u0259rbaycan millisinin \u00fczv\u00fc \u018fli \u015e\u00fck\u00fcrl\u00fc (102 kq) Heyd\u0259r \u018fliyev Beyn\u0259lxalq Aeroportunda jurnalistl\u0259r\u0259 a\u00e7\u0131qlamas\u0131nda deyib.<\/p>\n<p>\u0130dman\u00e7\u0131 bildirib ki, ba\u015f ver\u0259n hadis\u0259 onlarda ruh d\u00fc\u015fk\u00fcnl\u00fcy\u00fc yarad\u0131b: \u201cAvropa \u00e7empionat\u0131na qat\u0131lmamaq m\u0259cburiyy\u0259tind\u0259 qald\u0131q. Bayra\u011fa qar\u015f\u0131 h\u00f6rm\u0259tsizlik g\u00f6rm\u0259k ist\u0259mirdik. Bel\u0259 h\u00f6rm\u0259tsizlikd\u0259n sonra bizd\u0259 ruh d\u00fc\u015fk\u00fcnl\u00fcy\u00fc oldu. Bak\u0131da ke\u00e7iril\u0259n Avropa Oyunlar\u0131nda erm\u0259ni idman\u00e7\u0131lar g\u0259lmi\u015fdil\u0259r. Amma bel\u0259 m\u00fcnasib\u0259tl\u0259 qar\u015f\u0131la\u015fmam\u0131\u015fd\u0131lar. Biz\u0259 qar\u015f\u0131 oradak\u0131 m\u00fcnasib\u0259t is\u0259 he\u00e7 yax\u015f\u0131 deyildi\u201d. O, \u00f6lk\u0259 ba\u015f\u00e7\u0131s\u0131\u00a0<strong>\u0130lham \u018fliyev<\/strong>\u00a0v\u0259 birinci Vitse-prezident\u00a0<strong>Mehriban \u018fliyeva<\/strong>ya t\u0259\u015f\u0259kk\u00fcr\u00fcn\u00fc bildirib: \u201cOrada \u00e7\u0259tin v\u0259ziyy\u0259td\u0259 biz\u0259 d\u0259st\u0259k oldular, bizi qorudular, V\u0259t\u0259n\u0259 qay\u0131tma\u011f\u0131m\u0131zda b\u00f6y\u00fck xidm\u0259tl\u0259ri oldu\u201d.<\/p>\n","protected":false},"excerpt":{"rendered":"<p>\u201c\u0130r\u0259vana b\u00f6y\u00fck \u00fcmidl\u0259rl\u0259 getmi\u015fdik, bayra\u011f\u0131m\u0131z\u0131 dal\u011faland\u0131rmaq, medal qazanmaq ist\u0259yirdik\u201d. ARANTV.AZ \u00a0x\u0259b\u0259r verir ki, bunu Erm\u0259nistan\u0131n paytaxt\u0131 \u0130r\u0259vanda ke\u00e7iril\u0259n Avropa \u00e7empionat\u0131ndan imtina ed\u0259r\u0259k V\u0259t\u0259n\u0259 qay\u0131dan a\u011f\u0131rl\u0131qqald\u0131rma \u00fczr\u0259 Az\u0259rbaycan millisinin \u00fczv\u00fc \u018fli \u015e\u00fck\u00fcrl\u00fc (102 kq) Heyd\u0259r \u018fliyev Beyn\u0259lxalq Aeroportunda jurnalistl\u0259r\u0259 a\u00e7\u0131qlamas\u0131nda deyib. \u0130dman\u00e7\u0131 bildirib ki, ba\u015f ver\u0259n hadis\u0259 onlarda ruh d\u00fc\u015fk\u00fcnl\u00fcy\u00fc yarad\u0131b: \u201cAvropa \u00e7empionat\u0131na qat\u0131lmamaq m\u0259cburiyy\u0259tind\u0259 qald\u0131q. Bayra\u011fa qar\u015f\u0131 h\u00f6rm\u0259tsizlik g\u00f6rm\u0259k ist\u0259mirdik. Bel\u0259 h\u00f6rm\u0259tsizlikd\u0259n sonra bizd\u0259 ruh d\u00fc\u015fk\u00fcnl\u00fcy\u00fc oldu. Bak\u0131da ke\u00e7iril\u0259n Avropa Oyunlar\u0131nda erm\u0259ni idman\u00e7\u0131lar g\u0259lmi\u015fdil\u0259r. Amma bel\u0259 m\u00fcnasib\u0259tl\u0259 qar\u015f\u0131la\u015fmam\u0131\u015fd\u0131lar. Biz\u0259 qar\u015f\u0131 oradak\u0131 m\u00fcnasib\u0259t is\u0259 he\u00e7 yax\u015f\u0131 deyildi\u201d. O, \u00f6lk\u0259 ba\u015f\u00e7\u0131s\u0131\u00a0\u0130lham \u018fliyev\u00a0v\u0259&hellip;<\/p>\n","protected":false},"author":2,"featured_media":590119,"comment_status":"closed","ping_status":"closed","sticky":false,"template":"","format":"standard","meta":{"om_disable_all_campaigns":false,"_monsterinsights_skip_tracking":false,"_monsterinsights_sitenote_active":false,"_monsterinsights_sitenote_note":"","_monsterinsights_sitenote_category":0},"categories":[6],"tags":[],"aioseo_notices":[],"gutentor_comment":0,"rttpg_featured_image_url":{"full":["https:\/\/arantv.az\/wp-content\/uploads\/2023\/04\/FotoJet-2023-04-15T220854.263.jpg",620,413,false],"landscape":["https:\/\/arantv.az\/wp-content\/uploads\/2023\/04\/FotoJet-2023-04-15T220854.263.jpg",620,413,false],"portraits":["https:\/\/arantv.az\/wp-content\/uploads\/2023\/04\/FotoJet-2023-04-15T220854.263.jpg",620,413,false],"thumbnail":["https:\/\/arantv.az\/wp-content\/uploads\/2023\/04\/FotoJet-2023-04-15T220854.263-500x280.jpg",500,280,true],"medium":["https:\/\/arantv.az\/wp-content\/uploads\/2023\/04\/FotoJet-2023-04-15T220854.263-548x365.jpg",548,365,true],"large":["https:\/\/arantv.az\/wp-content\/uploads\/2023\/04\/FotoJet-2023-04-15T220854.263.jpg",620,413,false],"1536x1536":["https:\/\/arantv.az\/wp-content\/uploads\/2023\/04\/FotoJet-2023-04-15T220854.263.jpg",620,413,false],"2048x2048":["https:\/\/arantv.az\/wp-content\/uploads\/2023\/04\/FotoJet-2023-04-15T220854.263.jpg",620,413,false],"post-thumbnail":["https:\/\/arantv.az\/wp-content\/uploads\/2023\/04\/FotoJet-2023-04-15T220854.263-240x172.jpg",240,172,true],"advps-thumb-one":["https:\/\/arantv.az\/wp-content\/uploads\/2023\/04\/FotoJet-2023-04-15T220854.263.jpg",620,413,false]},"rttpg_author":{"display_name":"V\u00fcsal Rafiqo\u011flu","author_link":"https:\/\/arantv.az\/?author=2"},"rttpg_comment":0,"rttpg_category":"<a href=\"https:\/\/arantv.az\/?cat=6\" rel=\"category\">\u0130dman<\/a>","rttpg_excerpt":"\u201c\u0130r\u0259vana b\u00f6y\u00fck \u00fcmidl\u0259rl\u0259 getmi\u015fdik, bayra\u011f\u0131m\u0131z\u0131 dal\u011faland\u0131rmaq, medal qazanmaq ist\u0259yirdik\u201d. ARANTV.AZ \u00a0x\u0259b\u0259r verir ki, bunu Erm\u0259nistan\u0131n paytaxt\u0131 \u0130r\u0259vanda ke\u00e7iril\u0259n Avropa \u00e7empionat\u0131ndan imtina ed\u0259r\u0259k V\u0259t\u0259n\u0259 qay\u0131dan a\u011f\u0131rl\u0131qqald\u0131rma \u00fczr\u0259 Az\u0259rbaycan millisinin \u00fczv\u00fc \u018fli \u015e\u00fck\u00fcrl\u00fc (102 kq) Heyd\u0259r \u018fliyev Beyn\u0259lxalq Aeroportunda jurnalistl\u0259r\u0259 a\u00e7\u0131qlamas\u0131nda deyib. \u0130dman\u00e7\u0131 bildirib ki, ba\u015f ver\u0259n hadis\u0259 onlarda ruh d\u00fc\u015fk\u00fcnl\u00fcy\u00fc yarad\u0131b: \u201cAvropa \u00e7empionat\u0131na qat\u0131lmamaq m\u0259cburiyy\u0259tind\u0259 qald\u0131q.&hellip;","_links":{"self":[{"href":"https:\/\/arantv.az\/index.php?rest_route=\/wp\/v2\/posts\/590118"}],"collection":[{"href":"https:\/\/arantv.az\/index.php?rest_route=\/wp\/v2\/posts"}],"about":[{"href":"https:\/\/arantv.az\/index.php?rest_route=\/wp\/v2\/types\/post"}],"author":[{"embeddable":true,"href":"https:\/\/arantv.az\/index.php?rest_route=\/wp\/v2\/users\/2"}],"replies":[{"embeddable":true,"href":"https:\/\/arantv.az\/index.php?rest_route=%2Fwp%2Fv2%2Fcomments&post=590118"}],"version-history":[{"count":0,"href":"https:\/\/arantv.az\/index.php?rest_route=\/wp\/v2\/posts\/590118\/revisions"}],"wp:featuredmedia":[{"embeddable":true,"href":"https:\/\/arantv.az\/index.php?rest_route=\/wp\/v2\/media\/590119"}],"wp:attachment":[{"href":"https:\/\/arantv.az\/index.php?rest_route=%2Fwp%2Fv2%2Fmedia&parent=590118"}],"wp:term":[{"taxonomy":"category","embeddable":true,"href":"https:\/\/arantv.az\/index.php?rest_route=%2Fwp%2Fv2%2Fcategories&post=590118"},{"taxonomy":"post_tag","embeddable":true,"href":"https:\/\/arantv.az\/index.php?rest_route=%2Fwp%2Fv2%2Ftags&post=590118"}],"curies":[{"name":"wp","href":"https:\/\/api.w.org\/{rel}","templated":true}]}}