{"id":590124,"date":"2023-04-15T22:29:09","date_gmt":"2023-04-15T18:29:09","guid":{"rendered":"https:\/\/arantv.az\/?p=590124"},"modified":"2023-04-15T22:29:09","modified_gmt":"2023-04-15T18:29:09","slug":"%c9%99ll%c9%99ri-bagli-%c9%99sg%c9%99r%c9%99-qarsi-yuzl%c9%99rl%c9%99-caqqal-lapaytis","status":"publish","type":"post","link":"https:\/\/arantv.az\/?p=590124","title":{"rendered":"\u018fll\u0259ri ba\u011fl\u0131 \u0259sg\u0259r\u0259 qar\u015f\u0131 y\u00fczl\u0259rl\u0259 \u00e7aqqal&#8230; &#8211; Lapaytis"},"content":{"rendered":"<p>Son g\u00fcnl\u0259r ba\u015f ver\u0259n hadis\u0259l\u0259r bizi \u00e7ox \u015feyl\u0259r \u00fcz\u0259rind\u0259 d\u00fc\u015f\u00fcnm\u0259y\u0259 vadar edir. Erm\u0259nil\u0259r b\u00fct\u00fcn d\u00fcnyan\u0131n g\u00f6z\u00fc qar\u015f\u0131s\u0131nda azm\u0131\u015f Az\u0259rbaycan \u0259sg\u0259rini v\u0259h\u015fic\u0259sin\u0259 d\u00f6y\u00fcrl\u0259r.<\/p>\n<p><strong>ARANTV.AZ<\/strong> Report-a istinad\u0259n <a title=\"xeberler son xeberler 2023\" href=\"https:\/\/big.az\/\" target=\"_blank\" rel=\"noopener\">x\u0259b\u0259r<\/a>\u00a0verir ki, bunu litval\u0131 ekspert, h\u0259rbi jurnalist Ri\u00e7ardas Lapaytis \u00f6z\u00fcn\u00fcn Feysbuk s\u0259hif\u0259sind\u0259 yaz\u0131b.<\/p>\n<p>&#8220;D\u00f6y\u00fclm\u00fc\u015f g\u0259nc Az\u0259rbaycan \u0259sg\u0259rinin nec\u0259 yerd\u0259 uzand\u0131\u011f\u0131n\u0131, m\u00fclki \u015f\u0259xsin onun \u00fcz\u00fcn\u0259 nec\u0259 t\u0259pik vurdu\u011funu g\u00f6r\u00fcr\u00fck. A\u00e7\u0131\u011f\u0131, bu, d\u0259h\u015f\u0259tli iyr\u0259nclik hissi yarad\u0131r. \u018fll\u0259ri ba\u011fl\u0131 bir g\u0259nc \u0259sg\u0259r\u0259 qar\u015f\u0131 y\u00fczl\u0259rl\u0259 \u00e7aqqal. Burada ki\u015filikd\u0259n, x\u00fcsus\u0259n d\u0259 insanl\u0131qdan \u0259s\u0259r-\u0259lam\u0259t yoxdur&#8221;, &#8211; R.Lapaytis bildirib.<\/p>\n<p>Litval\u0131 m\u00fct\u0259x\u0259ssis h\u0259m\u00e7inin \u0130r\u0259vanda ke\u00e7iril\u0259n a\u011f\u0131r atletika \u00fczr\u0259 Avropa \u00e7empionat\u0131n\u0131n a\u00e7\u0131l\u0131\u015f m\u0259rasimind\u0259 Az\u0259rbaycan bayra\u011f\u0131n\u0131n yand\u0131r\u0131lmas\u0131na da hidd\u0259tl\u0259nib:<\/p>\n<p>&#8220;\u0130r\u0259vanda ke\u00e7iril\u0259n Avropa \u00e7empionat\u0131n\u0131n a\u00e7\u0131l\u0131\u015f m\u0259rasimind\u0259 Az\u0259rbaycan bayra\u011f\u0131 yand\u0131r\u0131l\u0131b. Bayra\u011f\u0131 yand\u0131ran Aram Nikolyand\u0131r. Erm\u0259nistan\u0131n Avropa \u0130ttifaq\u0131na inteqrasiyas\u0131 buna deyilir? Ona he\u00e7 orada ehtiyac varm\u0131? Erm\u0259nistan bu c\u00fcr davran\u0131\u015f\u0131 il\u0259 yaln\u0131z Rusiya v\u0259 \u0130ranla dost olmal\u0131d\u0131r! Erm\u0259nil\u0259r bel\u0259 h\u0259r\u0259k\u0259tl\u0259 b\u00fct\u00fcn etimad k\u00f6rp\u00fcl\u0259rini v\u0259 bir \u00e7ox m\u0259s\u0259l\u0259l\u0259rin sivil h\u0259llini yand\u0131rd\u0131lar. Beyn\u0259lxalq ictimaiyy\u0259t bu m\u0259s\u0259l\u0259y\u0259 reaksiya v\u0259 h\u00fcquqi qiym\u0259t verm\u0259lidir&#8221;.<\/p>\n<p>H\u0259rbi jurnalistin fikrinc\u0259, bu, b\u0259lk\u0259 d\u0259 m\u00fcasir idman tarixinin \u0259n biab\u0131r\u00e7\u0131 s\u0259hif\u0259sidir:<\/p>\n<p>&#8220;A\u00e7\u0131l\u0131\u015f m\u0259rasimind\u0259 D\u00fcnya A\u011f\u0131r Atletika Federasiyas\u0131n\u0131n v\u0259 Avropa A\u011f\u0131r Atletika Federasiyas\u0131n\u0131n prezidentl\u0259ri i\u015ftirak edirdil\u0259r. Bel\u0259 insidentd\u0259n sonra yar\u0131\u015f \u00fcmumiyy\u0259tl\u0259 l\u0259\u011fv edilm\u0259lidir&#8221;.<\/p>\n","protected":false},"excerpt":{"rendered":"<p>Son g\u00fcnl\u0259r ba\u015f ver\u0259n hadis\u0259l\u0259r bizi \u00e7ox \u015feyl\u0259r \u00fcz\u0259rind\u0259 d\u00fc\u015f\u00fcnm\u0259y\u0259 vadar edir. Erm\u0259nil\u0259r b\u00fct\u00fcn d\u00fcnyan\u0131n g\u00f6z\u00fc qar\u015f\u0131s\u0131nda azm\u0131\u015f Az\u0259rbaycan \u0259sg\u0259rini v\u0259h\u015fic\u0259sin\u0259 d\u00f6y\u00fcrl\u0259r. ARANTV.AZ Report-a istinad\u0259n x\u0259b\u0259r\u00a0verir ki, bunu litval\u0131 ekspert, h\u0259rbi jurnalist Ri\u00e7ardas Lapaytis \u00f6z\u00fcn\u00fcn Feysbuk s\u0259hif\u0259sind\u0259 yaz\u0131b. &#8220;D\u00f6y\u00fclm\u00fc\u015f g\u0259nc Az\u0259rbaycan \u0259sg\u0259rinin nec\u0259 yerd\u0259 uzand\u0131\u011f\u0131n\u0131, m\u00fclki \u015f\u0259xsin onun \u00fcz\u00fcn\u0259 nec\u0259 t\u0259pik vurdu\u011funu g\u00f6r\u00fcr\u00fck. A\u00e7\u0131\u011f\u0131, bu, d\u0259h\u015f\u0259tli iyr\u0259nclik hissi yarad\u0131r. \u018fll\u0259ri ba\u011fl\u0131 bir g\u0259nc \u0259sg\u0259r\u0259 qar\u015f\u0131 y\u00fczl\u0259rl\u0259 \u00e7aqqal. Burada ki\u015filikd\u0259n, x\u00fcsus\u0259n d\u0259 insanl\u0131qdan \u0259s\u0259r-\u0259lam\u0259t yoxdur&#8221;, &#8211; R.Lapaytis bildirib. Litval\u0131 m\u00fct\u0259x\u0259ssis h\u0259m\u00e7inin \u0130r\u0259vanda ke\u00e7iril\u0259n a\u011f\u0131r atletika \u00fczr\u0259 Avropa \u00e7empionat\u0131n\u0131n a\u00e7\u0131l\u0131\u015f m\u0259rasimind\u0259 Az\u0259rbaycan&hellip;<\/p>\n","protected":false},"author":2,"featured_media":590125,"comment_status":"closed","ping_status":"closed","sticky":false,"template":"","format":"standard","meta":{"om_disable_all_campaigns":false,"_monsterinsights_skip_tracking":false,"_monsterinsights_sitenote_active":false,"_monsterinsights_sitenote_note":"","_monsterinsights_sitenote_category":0},"categories":[19],"tags":[],"aioseo_notices":[],"gutentor_comment":0,"rttpg_featured_image_url":{"full":["https:\/\/arantv.az\/wp-content\/uploads\/2023\/04\/huseyn-esir_1.jpg",597,340,false],"landscape":["https:\/\/arantv.az\/wp-content\/uploads\/2023\/04\/huseyn-esir_1.jpg",597,340,false],"portraits":["https:\/\/arantv.az\/wp-content\/uploads\/2023\/04\/huseyn-esir_1.jpg",597,340,false],"thumbnail":["https:\/\/arantv.az\/wp-content\/uploads\/2023\/04\/huseyn-esir_1-500x280.jpg",500,280,true],"medium":["https:\/\/arantv.az\/wp-content\/uploads\/2023\/04\/huseyn-esir_1.jpg",597,340,false],"large":["https:\/\/arantv.az\/wp-content\/uploads\/2023\/04\/huseyn-esir_1.jpg",597,340,false],"1536x1536":["https:\/\/arantv.az\/wp-content\/uploads\/2023\/04\/huseyn-esir_1.jpg",597,340,false],"2048x2048":["https:\/\/arantv.az\/wp-content\/uploads\/2023\/04\/huseyn-esir_1.jpg",597,340,false],"post-thumbnail":["https:\/\/arantv.az\/wp-content\/uploads\/2023\/04\/huseyn-esir_1-240x172.jpg",240,172,true],"advps-thumb-one":["https:\/\/arantv.az\/wp-content\/uploads\/2023\/04\/huseyn-esir_1.jpg",597,340,false]},"rttpg_author":{"display_name":"V\u00fcsal Rafiqo\u011flu","author_link":"https:\/\/arantv.az\/?author=2"},"rttpg_comment":0,"rttpg_category":"<a href=\"https:\/\/arantv.az\/?cat=19\" rel=\"category\">G\u00fcnd\u0259m<\/a>","rttpg_excerpt":"Son g\u00fcnl\u0259r ba\u015f ver\u0259n hadis\u0259l\u0259r bizi \u00e7ox \u015feyl\u0259r \u00fcz\u0259rind\u0259 d\u00fc\u015f\u00fcnm\u0259y\u0259 vadar edir. Erm\u0259nil\u0259r b\u00fct\u00fcn d\u00fcnyan\u0131n g\u00f6z\u00fc qar\u015f\u0131s\u0131nda azm\u0131\u015f Az\u0259rbaycan \u0259sg\u0259rini v\u0259h\u015fic\u0259sin\u0259 d\u00f6y\u00fcrl\u0259r. ARANTV.AZ Report-a istinad\u0259n x\u0259b\u0259r\u00a0verir ki, bunu litval\u0131 ekspert, h\u0259rbi jurnalist Ri\u00e7ardas Lapaytis \u00f6z\u00fcn\u00fcn Feysbuk s\u0259hif\u0259sind\u0259 yaz\u0131b. &#8220;D\u00f6y\u00fclm\u00fc\u015f g\u0259nc Az\u0259rbaycan \u0259sg\u0259rinin nec\u0259 yerd\u0259 uzand\u0131\u011f\u0131n\u0131, m\u00fclki \u015f\u0259xsin onun \u00fcz\u00fcn\u0259 nec\u0259 t\u0259pik vurdu\u011funu g\u00f6r\u00fcr\u00fck. A\u00e7\u0131\u011f\u0131, bu,&hellip;","_links":{"self":[{"href":"https:\/\/arantv.az\/index.php?rest_route=\/wp\/v2\/posts\/590124"}],"collection":[{"href":"https:\/\/arantv.az\/index.php?rest_route=\/wp\/v2\/posts"}],"about":[{"href":"https:\/\/arantv.az\/index.php?rest_route=\/wp\/v2\/types\/post"}],"author":[{"embeddable":true,"href":"https:\/\/arantv.az\/index.php?rest_route=\/wp\/v2\/users\/2"}],"replies":[{"embeddable":true,"href":"https:\/\/arantv.az\/index.php?rest_route=%2Fwp%2Fv2%2Fcomments&post=590124"}],"version-history":[{"count":0,"href":"https:\/\/arantv.az\/index.php?rest_route=\/wp\/v2\/posts\/590124\/revisions"}],"wp:featuredmedia":[{"embeddable":true,"href":"https:\/\/arantv.az\/index.php?rest_route=\/wp\/v2\/media\/590125"}],"wp:attachment":[{"href":"https:\/\/arantv.az\/index.php?rest_route=%2Fwp%2Fv2%2Fmedia&parent=590124"}],"wp:term":[{"taxonomy":"category","embeddable":true,"href":"https:\/\/arantv.az\/index.php?rest_route=%2Fwp%2Fv2%2Fcategories&post=590124"},{"taxonomy":"post_tag","embeddable":true,"href":"https:\/\/arantv.az\/index.php?rest_route=%2Fwp%2Fv2%2Ftags&post=590124"}],"curies":[{"name":"wp","href":"https:\/\/api.w.org\/{rel}","templated":true}]}}