{"id":590319,"date":"2023-04-16T21:46:25","date_gmt":"2023-04-16T17:46:25","guid":{"rendered":"https:\/\/arantv.az\/?p=590319"},"modified":"2023-04-16T21:46:25","modified_gmt":"2023-04-16T17:46:25","slug":"turkiy%c9%99li-idmanci-ir%c9%99vandaki-avropa-cempionatinda-husunu-itirdi-video","status":"publish","type":"post","link":"https:\/\/arantv.az\/?p=590319","title":{"rendered":"T\u00fcrkiy\u0259li idman\u00e7\u0131 \u0130r\u0259vandak\u0131 Avropa \u00e7empionat\u0131nda hu\u015funu itirdi &#8211; V\u0130DEO"},"content":{"rendered":"<p>Aprelin 16-da T\u00fcrkiy\u0259 idman\u00e7\u0131s\u0131 Bayav Pelinsu Erm\u0259nistan\u0131n paytaxt\u0131 \u0130r\u0259vanda ke\u00e7iril\u0259n a\u011f\u0131r atletika \u00fczr\u0259 Avropa \u00e7empionat\u0131 zaman\u0131 hu\u015funu itirib.<\/p>\n<p>M\u0259lumata g\u00f6r\u0259, 49 kq \u00e7\u0259ki d\u0259r\u0259c\u0259sind\u0259 m\u00fcbariz\u0259 aparan 21 ya\u015fl\u0131 a\u011f\u0131rl\u0131qqald\u0131ran \u015ftanqaya yax\u0131nla\u015faraq onu bir ne\u00e7\u0259 saniy\u0259 qald\u0131r\u0131b. Lakin o, q\u0259fild\u0259n \u015ftanq\u0131 yer\u0259 at\u0131b v\u0259 hu\u015funu itirib. T\u00fcrkiy\u0259li idman\u00e7\u0131ya d\u0259rhal tibbi yard\u0131m g\u00f6st\u0259rilib.<\/p>\n<p>Xat\u0131rladaq ki, aprelin 15-d\u0259n aprelin 23-d\u0259k \u0130r\u0259vanda a\u011f\u0131r atletika \u00fczr\u0259 Avropa \u00e7empionat\u0131 ke\u00e7irilir. Yar\u0131\u015fda 400-\u0259 yax\u0131n idman\u00e7\u0131 i\u015ftirak edir.<\/p>\n<div><iframe loading=\"lazy\" src=\"https:\/\/baku.tv\/embed\/79758\" width=\"560\" height=\"315\" frameborder=\"0\" allowfullscreen=\"allowfullscreen\" data-mce-fragment=\"1\"><\/iframe><\/div>\n<p>M\u0259nb\u0259: sportrbc.ru<\/p>\n","protected":false},"excerpt":{"rendered":"<p>Aprelin 16-da T\u00fcrkiy\u0259 idman\u00e7\u0131s\u0131 Bayav Pelinsu Erm\u0259nistan\u0131n paytaxt\u0131 \u0130r\u0259vanda ke\u00e7iril\u0259n a\u011f\u0131r atletika \u00fczr\u0259 Avropa \u00e7empionat\u0131 zaman\u0131 hu\u015funu itirib. M\u0259lumata g\u00f6r\u0259, 49 kq \u00e7\u0259ki d\u0259r\u0259c\u0259sind\u0259 m\u00fcbariz\u0259 aparan 21 ya\u015fl\u0131 a\u011f\u0131rl\u0131qqald\u0131ran \u015ftanqaya yax\u0131nla\u015faraq onu bir ne\u00e7\u0259 saniy\u0259 qald\u0131r\u0131b. Lakin o, q\u0259fild\u0259n \u015ftanq\u0131 yer\u0259 at\u0131b v\u0259 hu\u015funu itirib. T\u00fcrkiy\u0259li idman\u00e7\u0131ya d\u0259rhal tibbi yard\u0131m g\u00f6st\u0259rilib. Xat\u0131rladaq ki, aprelin 15-d\u0259n aprelin 23-d\u0259k \u0130r\u0259vanda a\u011f\u0131r atletika \u00fczr\u0259 Avropa \u00e7empionat\u0131 ke\u00e7irilir. Yar\u0131\u015fda 400-\u0259 yax\u0131n idman\u00e7\u0131 i\u015ftirak edir. M\u0259nb\u0259: sportrbc.ru<\/p>\n","protected":false},"author":2,"featured_media":590320,"comment_status":"closed","ping_status":"closed","sticky":false,"template":"","format":"standard","meta":{"om_disable_all_campaigns":false,"_monsterinsights_skip_tracking":false,"_monsterinsights_sitenote_active":false,"_monsterinsights_sitenote_note":"","_monsterinsights_sitenote_category":0},"categories":[6],"tags":[],"aioseo_notices":[],"gutentor_comment":0,"rttpg_featured_image_url":{"full":["https:\/\/arantv.az\/wp-content\/uploads\/2023\/04\/338422675_890681412018596_992956258566153747_n.jpg",620,413,false],"landscape":["https:\/\/arantv.az\/wp-content\/uploads\/2023\/04\/338422675_890681412018596_992956258566153747_n.jpg",620,413,false],"portraits":["https:\/\/arantv.az\/wp-content\/uploads\/2023\/04\/338422675_890681412018596_992956258566153747_n.jpg",620,413,false],"thumbnail":["https:\/\/arantv.az\/wp-content\/uploads\/2023\/04\/338422675_890681412018596_992956258566153747_n-500x280.jpg",500,280,true],"medium":["https:\/\/arantv.az\/wp-content\/uploads\/2023\/04\/338422675_890681412018596_992956258566153747_n-548x365.jpg",548,365,true],"large":["https:\/\/arantv.az\/wp-content\/uploads\/2023\/04\/338422675_890681412018596_992956258566153747_n.jpg",620,413,false],"1536x1536":["https:\/\/arantv.az\/wp-content\/uploads\/2023\/04\/338422675_890681412018596_992956258566153747_n.jpg",620,413,false],"2048x2048":["https:\/\/arantv.az\/wp-content\/uploads\/2023\/04\/338422675_890681412018596_992956258566153747_n.jpg",620,413,false],"post-thumbnail":["https:\/\/arantv.az\/wp-content\/uploads\/2023\/04\/338422675_890681412018596_992956258566153747_n-240x172.jpg",240,172,true],"advps-thumb-one":["https:\/\/arantv.az\/wp-content\/uploads\/2023\/04\/338422675_890681412018596_992956258566153747_n.jpg",620,413,false]},"rttpg_author":{"display_name":"V\u00fcsal Rafiqo\u011flu","author_link":"https:\/\/arantv.az\/?author=2"},"rttpg_comment":0,"rttpg_category":"<a href=\"https:\/\/arantv.az\/?cat=6\" rel=\"category\">\u0130dman<\/a>","rttpg_excerpt":"Aprelin 16-da T\u00fcrkiy\u0259 idman\u00e7\u0131s\u0131 Bayav Pelinsu Erm\u0259nistan\u0131n paytaxt\u0131 \u0130r\u0259vanda ke\u00e7iril\u0259n a\u011f\u0131r atletika \u00fczr\u0259 Avropa \u00e7empionat\u0131 zaman\u0131 hu\u015funu itirib. M\u0259lumata g\u00f6r\u0259, 49 kq \u00e7\u0259ki d\u0259r\u0259c\u0259sind\u0259 m\u00fcbariz\u0259 aparan 21 ya\u015fl\u0131 a\u011f\u0131rl\u0131qqald\u0131ran \u015ftanqaya yax\u0131nla\u015faraq onu bir ne\u00e7\u0259 saniy\u0259 qald\u0131r\u0131b. Lakin o, q\u0259fild\u0259n \u015ftanq\u0131 yer\u0259 at\u0131b v\u0259 hu\u015funu itirib. T\u00fcrkiy\u0259li idman\u00e7\u0131ya d\u0259rhal tibbi yard\u0131m g\u00f6st\u0259rilib. Xat\u0131rladaq ki, aprelin 15-d\u0259n&hellip;","_links":{"self":[{"href":"https:\/\/arantv.az\/index.php?rest_route=\/wp\/v2\/posts\/590319"}],"collection":[{"href":"https:\/\/arantv.az\/index.php?rest_route=\/wp\/v2\/posts"}],"about":[{"href":"https:\/\/arantv.az\/index.php?rest_route=\/wp\/v2\/types\/post"}],"author":[{"embeddable":true,"href":"https:\/\/arantv.az\/index.php?rest_route=\/wp\/v2\/users\/2"}],"replies":[{"embeddable":true,"href":"https:\/\/arantv.az\/index.php?rest_route=%2Fwp%2Fv2%2Fcomments&post=590319"}],"version-history":[{"count":0,"href":"https:\/\/arantv.az\/index.php?rest_route=\/wp\/v2\/posts\/590319\/revisions"}],"wp:featuredmedia":[{"embeddable":true,"href":"https:\/\/arantv.az\/index.php?rest_route=\/wp\/v2\/media\/590320"}],"wp:attachment":[{"href":"https:\/\/arantv.az\/index.php?rest_route=%2Fwp%2Fv2%2Fmedia&parent=590319"}],"wp:term":[{"taxonomy":"category","embeddable":true,"href":"https:\/\/arantv.az\/index.php?rest_route=%2Fwp%2Fv2%2Fcategories&post=590319"},{"taxonomy":"post_tag","embeddable":true,"href":"https:\/\/arantv.az\/index.php?rest_route=%2Fwp%2Fv2%2Ftags&post=590319"}],"curies":[{"name":"wp","href":"https:\/\/api.w.org\/{rel}","templated":true}]}}