{"id":590323,"date":"2023-04-16T21:47:12","date_gmt":"2023-04-16T17:47:12","guid":{"rendered":"https:\/\/arantv.az\/?p=590323"},"modified":"2023-04-16T21:47:12","modified_gmt":"2023-04-16T17:47:12","slug":"dovl%c9%99t-komit%c9%99si-az%c9%99rbaycan-bayraginin-ir%c9%99vanda-yandirilmasini-pisl%c9%99yib","status":"publish","type":"post","link":"https:\/\/arantv.az\/?p=590323","title":{"rendered":"D\u00f6vl\u0259t Komit\u0259si Az\u0259rbaycan bayra\u011f\u0131n\u0131n \u0130r\u0259vanda yand\u0131r\u0131lmas\u0131n\u0131 pisl\u0259yib"},"content":{"rendered":"<p>Az\u0259rbaycan Respublikas\u0131 Qa\u00e7q\u0131nlar\u0131n v\u0259 M\u0259cburi K\u00f6\u00e7k\u00fcnl\u0259rin \u0130\u015fl\u0259ri \u00fczr\u0259 D\u00f6vl\u0259t Komit\u0259si \u0130r\u0259vanda ke\u00e7iril\u0259n A\u011f\u0131r atletika \u00fczr\u0259 Avropa \u00e7empionat\u0131n\u0131n a\u00e7\u0131l\u0131\u015f m\u0259rasimind\u0259 Az\u0259rbaycan\u0131n D\u00f6vl\u0259t Bayra\u011f\u0131n\u0131n yand\u0131r\u0131lmas\u0131 il\u0259 ba\u011fl\u0131 b\u0259yanat yay\u0131b.<\/p>\n<p><strong>ARANTV.AZ<\/strong>\u00a0x\u0259b\u0259r verir ki, b\u0259yanatda deyilir:<\/p>\n<p>\u201cC\u0259nubi Qafqazda s\u00fclh\u00fcn v\u0259 \u0259min-amanl\u0131\u011f\u0131n b\u0259rq\u0259rar olmas\u0131na h\u0259r v\u0259chl\u0259 mane\u0259 t\u00f6r\u0259d\u0259n Erm\u0259nistanda son g\u00fcnl\u0259r az\u0259rbaycanafobiyan\u0131n daha da \u015fidd\u0259tl\u0259nm\u0259sini, b\u00fct\u00fcn d\u00fcnyada s\u00fclhp\u0259rv\u0259r t\u0259dbir kimi q\u0259bul edil\u0259n idman yar\u0131\u015flar\u0131ndan birinin \u2013 a\u011f\u0131r atletika \u00fczr\u0259 n\u00f6vb\u0259ti Avropa \u00e7empionat\u0131n\u0131n \u0130r\u0259vanda ke\u00e7iril\u0259n a\u00e7\u0131l\u0131\u015f m\u0259rasiminin canl\u0131 yay\u0131m\u0131nda, beyn\u0259lxalq ictimaiyy\u0259tin g\u00f6z\u00fc qar\u015f\u0131s\u0131nda Az\u0259rbaycan\u0131n bayra\u011f\u0131n\u0131n erm\u0259ni tama\u015fa\u00e7\u0131lardan biri t\u0259r\u0259find\u0259n n\u00fcmayi\u015fkaran\u0259 \u015f\u0259kild\u0259 yand\u0131r\u0131lmas\u0131n\u0131 Erm\u0259nistan\u0131n deportasiya v\u0259 i\u015f\u011fal\u00e7\u0131l\u0131q siyas\u0259ti n\u0259tic\u0259sind\u0259 do\u011fma yurdundan did\u0259rgin d\u00fc\u015fm\u00fc\u015f bir milyona yax\u0131n az\u0259rbaycanl\u0131 qa\u00e7q\u0131n v\u0259 m\u0259cburi k\u00f6\u00e7k\u00fcnl\u0259r ad\u0131ndan k\u0259skin \u015f\u0259kild\u0259 q\u0131nay\u0131r\u0131q.<\/p>\n<p>Erm\u0259nistan\u0131n 30 illik i\u015f\u011fal\u0131na \u00f6z g\u00fcc\u00fc il\u0259 son qoyduqdan sonra Az\u0259rbaycan b\u00f6lg\u0259d\u0259 s\u00fclh quruculu\u011funun t\u0259\u015f\u0259bb\u00fcs\u00e7\u00fcs\u00fc kimi ikit\u0259r\u0259fli \u0259laq\u0259l\u0259rin normalla\u015fd\u0131r\u0131lmas\u0131 \u00fc\u00e7\u00fcn siyasi irad\u0259 v\u0259 q\u0259tiyy\u0259t g\u00f6st\u0259rm\u0259kd\u0259dir. Lakin Erm\u0259nistan h\u00f6kum\u0259ti n\u0259inki bu prosesi m\u00fcxt\u0259lif b\u0259han\u0259l\u0259rl\u0259 l\u0259ngitm\u0259y\u0259 \u00e7al\u0131\u015f\u0131r, \u00fcst\u0259lik, c\u0259miyy\u0259td\u0259 \u00f6lk\u0259miz\u0259 v\u0259 xalq\u0131m\u0131za qar\u015f\u0131 nifr\u0259t hissini daha da art\u0131r\u0131lmas\u0131na istiqam\u0259tl\u0259nmi\u015f h\u0259r\u0259k\u0259tl\u0259r\u0259 ideoloji d\u0259st\u0259k verir, bel\u0259 h\u0259r\u0259k\u0259tl\u0259rin qar\u015f\u0131s\u0131n\u0131 almaq ist\u0259mir.<\/p>\n<p>\u0130\u015f\u011faldan azad edilmi\u015f \u0259razil\u0259rin b\u0259rpas\u0131 v\u0259 yenid\u0259n qurulmas\u0131, bu \u0259razil\u0259rin \u0259z\u0259li sakinl\u0259rinin geri d\u00f6n\u00fc\u015f\u00fc, Qaraba\u011f\u0131n erm\u0259ni icmas\u0131n\u0131n reinteqrasiyas\u0131 \u00fc\u00e7\u00fcn Az\u0259rbaycan h\u00f6kum\u0259tinin z\u0259ruri t\u0259dbirl\u0259r g\u00f6rd\u00fcy\u00fc bir vaxtda Erm\u0259nistanda etnik nifr\u0259t v\u0259 ayr\u0131-se\u00e7kilik siyas\u0259tinin davam etdirilm\u0259si b\u00f6lg\u0259d\u0259 beyn\u0259lxalq ictimaiyy\u0259tin d\u0259 b\u00f6y\u00fck maraqla g\u00f6zl\u0259diyi s\u00fclh quruculu\u011fu prosesini \u015f\u00fcbh\u0259 alt\u0131na al\u0131r.<\/p>\n<p>Az\u0259rbaycanl\u0131larla erm\u0259nil\u0259rin birg\u0259ya\u015fay\u0131\u015f\u0131n\u0131n m\u00fcmk\u00fcnl\u00fcy\u00fc bar\u0259d\u0259 Az\u0259rbaycan h\u00f6kum\u0259tinin v\u0259 ictimaiyy\u0259tinin xo\u015f niyy\u0259t n\u00fcmayi\u015f etdirm\u0259sin\u0259 baxmayaraq, Erm\u0259nistandak\u0131 reva\u015finst q\u00fcvv\u0259l\u0259rin t\u0259xribatlardan v\u0259 d\u00fc\u015fm\u0259n\u00e7ilikd\u0259n \u0259l \u00e7\u0259km\u0259m\u0259si bu niyy\u0259tin ger\u00e7\u0259kl\u0259\u015fm\u0259sin\u0259, n\u0259yin bahas\u0131na olursa-olsun, onlar\u0131n imkan verm\u0259k ist\u0259m\u0259diyini g\u00f6st\u0259rir.<\/p>\n<p>Erm\u0259nistan\u0131n terroru v\u0259 terror\u00e7ular\u0131 d\u0259st\u0259kl\u0259diyi tarixi h\u0259qiq\u0259tdir, onun \u00f6z \u0259razisind\u0259 h\u0259r hans\u0131 beyn\u0259lxalq s\u0259viyy\u0259d\u0259 t\u0259dbiri, o c\u00fcml\u0259d\u0259n idman yar\u0131\u015flar\u0131n\u0131 t\u0259hl\u00fck\u0259siz t\u0259\u015fkil ed\u0259 bil\u0259c\u0259yi \u015f\u00fcbh\u0259 do\u011furur. Az\u0259rbaycan bayra\u011f\u0131n\u0131n yand\u0131r\u0131lmas\u0131 v\u0259 h\u0259min m\u0259nfur h\u0259r\u0259k\u0259tin onu t\u00f6r\u0259d\u0259n \u015f\u0259xsin q\u0259hr\u0259manl\u0131\u011f\u0131 kimi alq\u0131\u015flanmas\u0131 da bunu ayd\u0131n \u015f\u0259kild\u0259 g\u00f6st\u0259rir.<\/p>\n<p>Az\u0259rbaycanl\u0131 qa\u00e7q\u0131nlar v\u0259 m\u0259cburi k\u00f6\u00e7k\u00fcnl\u0259r beyn\u0259lxalq ictimaiyy\u0259ti Erm\u0259nistanda mill\u0259tl\u0259raras\u0131 nifr\u0259t v\u0259 ayr\u0131-se\u00e7kilik do\u011furan \u0259m\u0259ll\u0259r\u0259 son qoyulmas\u0131n\u0131, Az\u0259rbaycan bayra\u011f\u0131n\u0131 yand\u0131ran \u015f\u0259xsin m\u00f6vcud h\u00fcquq normalar\u0131 \u0259sas\u0131nda c\u0259zaland\u0131r\u0131lmas\u0131n\u0131 t\u0259l\u0259b etm\u0259y\u0259 \u00e7a\u011f\u0131r\u0131r.<\/p>\n<p>Bununla yana\u015f\u0131, beyn\u0259lxalq idman t\u0259\u015fkilatlar\u0131 Erm\u0259nistanda h\u0259r hans\u0131 m\u00f6t\u0259b\u0259r yar\u0131\u015f\u0131n t\u0259\u015fkilind\u0259n imtina etm\u0259li, h\u0259m\u00e7inin \u0130r\u0259vanda a\u011f\u0131rl\u0131qqald\u0131rma \u00fczr\u0259 Avropa \u00e7empionat\u0131 dayand\u0131rmal\u0131 v\u0259 onun n\u0259tic\u0259l\u0259ri l\u0259\u011fv olunmal\u0131d\u0131r.<\/p>\n<p>\u015e\u0259rqi Z\u0259ng\u0259zurda v\u0259 Qaraba\u011fda i\u015f\u011faldan azad edilmi\u015f \u0259razil\u0259r\u0259 &#8211; do\u011fma yurd yerl\u0259rin\u0259 qay\u0131tma\u011fa haz\u0131rla\u015fan az\u0259rbaycanl\u0131lar b\u00f6lg\u0259d\u0259 s\u00fclh\u00fcn v\u0259 t\u0259hl\u00fck\u0259sizliyin tam t\u0259min edil\u0259c\u0259yin\u0259, Erm\u0259nistan\u0131n bu prosesi pozmaq c\u0259hdl\u0259rinin qar\u015f\u0131s\u0131n\u0131n beyn\u0259lxalq ictimaiyy\u0259t t\u0259r\u0259find\u0259n q\u0259tiyy\u0259tl\u0259 al\u0131naca\u011f\u0131na \u00fcmidvard\u0131rlar\u201d.<\/p>\n","protected":false},"excerpt":{"rendered":"<p>Az\u0259rbaycan Respublikas\u0131 Qa\u00e7q\u0131nlar\u0131n v\u0259 M\u0259cburi K\u00f6\u00e7k\u00fcnl\u0259rin \u0130\u015fl\u0259ri \u00fczr\u0259 D\u00f6vl\u0259t Komit\u0259si \u0130r\u0259vanda ke\u00e7iril\u0259n A\u011f\u0131r atletika \u00fczr\u0259 Avropa \u00e7empionat\u0131n\u0131n a\u00e7\u0131l\u0131\u015f m\u0259rasimind\u0259 Az\u0259rbaycan\u0131n D\u00f6vl\u0259t Bayra\u011f\u0131n\u0131n yand\u0131r\u0131lmas\u0131 il\u0259 ba\u011fl\u0131 b\u0259yanat yay\u0131b. ARANTV.AZ\u00a0x\u0259b\u0259r verir ki, b\u0259yanatda deyilir: \u201cC\u0259nubi Qafqazda s\u00fclh\u00fcn v\u0259 \u0259min-amanl\u0131\u011f\u0131n b\u0259rq\u0259rar olmas\u0131na h\u0259r v\u0259chl\u0259 mane\u0259 t\u00f6r\u0259d\u0259n Erm\u0259nistanda son g\u00fcnl\u0259r az\u0259rbaycanafobiyan\u0131n daha da \u015fidd\u0259tl\u0259nm\u0259sini, b\u00fct\u00fcn d\u00fcnyada s\u00fclhp\u0259rv\u0259r t\u0259dbir kimi q\u0259bul edil\u0259n idman yar\u0131\u015flar\u0131ndan birinin \u2013 a\u011f\u0131r atletika \u00fczr\u0259 n\u00f6vb\u0259ti Avropa \u00e7empionat\u0131n\u0131n \u0130r\u0259vanda ke\u00e7iril\u0259n a\u00e7\u0131l\u0131\u015f m\u0259rasiminin canl\u0131 yay\u0131m\u0131nda, beyn\u0259lxalq ictimaiyy\u0259tin g\u00f6z\u00fc qar\u015f\u0131s\u0131nda Az\u0259rbaycan\u0131n bayra\u011f\u0131n\u0131n erm\u0259ni tama\u015fa\u00e7\u0131lardan biri t\u0259r\u0259find\u0259n n\u00fcmayi\u015fkaran\u0259 \u015f\u0259kild\u0259 yand\u0131r\u0131lmas\u0131n\u0131 Erm\u0259nistan\u0131n deportasiya v\u0259 i\u015f\u011fal\u00e7\u0131l\u0131q&hellip;<\/p>\n","protected":false},"author":2,"featured_media":590324,"comment_status":"closed","ping_status":"closed","sticky":false,"template":"","format":"standard","meta":{"om_disable_all_campaigns":false,"_monsterinsights_skip_tracking":false,"_monsterinsights_sitenote_active":false,"_monsterinsights_sitenote_note":"","_monsterinsights_sitenote_category":0},"categories":[4],"tags":[],"aioseo_notices":[],"gutentor_comment":0,"rttpg_featured_image_url":{"full":["https:\/\/arantv.az\/wp-content\/uploads\/2023\/04\/15986004773826015937_1000x669.jpg",620,413,false],"landscape":["https:\/\/arantv.az\/wp-content\/uploads\/2023\/04\/15986004773826015937_1000x669.jpg",620,413,false],"portraits":["https:\/\/arantv.az\/wp-content\/uploads\/2023\/04\/15986004773826015937_1000x669.jpg",620,413,false],"thumbnail":["https:\/\/arantv.az\/wp-content\/uploads\/2023\/04\/15986004773826015937_1000x669-500x280.jpg",500,280,true],"medium":["https:\/\/arantv.az\/wp-content\/uploads\/2023\/04\/15986004773826015937_1000x669-548x365.jpg",548,365,true],"large":["https:\/\/arantv.az\/wp-content\/uploads\/2023\/04\/15986004773826015937_1000x669.jpg",620,413,false],"1536x1536":["https:\/\/arantv.az\/wp-content\/uploads\/2023\/04\/15986004773826015937_1000x669.jpg",620,413,false],"2048x2048":["https:\/\/arantv.az\/wp-content\/uploads\/2023\/04\/15986004773826015937_1000x669.jpg",620,413,false],"post-thumbnail":["https:\/\/arantv.az\/wp-content\/uploads\/2023\/04\/15986004773826015937_1000x669-240x172.jpg",240,172,true],"advps-thumb-one":["https:\/\/arantv.az\/wp-content\/uploads\/2023\/04\/15986004773826015937_1000x669.jpg",620,413,false]},"rttpg_author":{"display_name":"V\u00fcsal Rafiqo\u011flu","author_link":"https:\/\/arantv.az\/?author=2"},"rttpg_comment":0,"rttpg_category":"<a href=\"https:\/\/arantv.az\/?cat=4\" rel=\"category\">Siyas\u0259t<\/a>","rttpg_excerpt":"Az\u0259rbaycan Respublikas\u0131 Qa\u00e7q\u0131nlar\u0131n v\u0259 M\u0259cburi K\u00f6\u00e7k\u00fcnl\u0259rin \u0130\u015fl\u0259ri \u00fczr\u0259 D\u00f6vl\u0259t Komit\u0259si \u0130r\u0259vanda ke\u00e7iril\u0259n A\u011f\u0131r atletika \u00fczr\u0259 Avropa \u00e7empionat\u0131n\u0131n a\u00e7\u0131l\u0131\u015f m\u0259rasimind\u0259 Az\u0259rbaycan\u0131n D\u00f6vl\u0259t Bayra\u011f\u0131n\u0131n yand\u0131r\u0131lmas\u0131 il\u0259 ba\u011fl\u0131 b\u0259yanat yay\u0131b. ARANTV.AZ\u00a0x\u0259b\u0259r verir ki, b\u0259yanatda deyilir: \u201cC\u0259nubi Qafqazda s\u00fclh\u00fcn v\u0259 \u0259min-amanl\u0131\u011f\u0131n b\u0259rq\u0259rar olmas\u0131na h\u0259r v\u0259chl\u0259 mane\u0259 t\u00f6r\u0259d\u0259n Erm\u0259nistanda son g\u00fcnl\u0259r az\u0259rbaycanafobiyan\u0131n daha da \u015fidd\u0259tl\u0259nm\u0259sini, b\u00fct\u00fcn d\u00fcnyada s\u00fclhp\u0259rv\u0259r t\u0259dbir kimi&hellip;","_links":{"self":[{"href":"https:\/\/arantv.az\/index.php?rest_route=\/wp\/v2\/posts\/590323"}],"collection":[{"href":"https:\/\/arantv.az\/index.php?rest_route=\/wp\/v2\/posts"}],"about":[{"href":"https:\/\/arantv.az\/index.php?rest_route=\/wp\/v2\/types\/post"}],"author":[{"embeddable":true,"href":"https:\/\/arantv.az\/index.php?rest_route=\/wp\/v2\/users\/2"}],"replies":[{"embeddable":true,"href":"https:\/\/arantv.az\/index.php?rest_route=%2Fwp%2Fv2%2Fcomments&post=590323"}],"version-history":[{"count":0,"href":"https:\/\/arantv.az\/index.php?rest_route=\/wp\/v2\/posts\/590323\/revisions"}],"wp:featuredmedia":[{"embeddable":true,"href":"https:\/\/arantv.az\/index.php?rest_route=\/wp\/v2\/media\/590324"}],"wp:attachment":[{"href":"https:\/\/arantv.az\/index.php?rest_route=%2Fwp%2Fv2%2Fmedia&parent=590323"}],"wp:term":[{"taxonomy":"category","embeddable":true,"href":"https:\/\/arantv.az\/index.php?rest_route=%2Fwp%2Fv2%2Fcategories&post=590323"},{"taxonomy":"post_tag","embeddable":true,"href":"https:\/\/arantv.az\/index.php?rest_route=%2Fwp%2Fv2%2Ftags&post=590323"}],"curies":[{"name":"wp","href":"https:\/\/api.w.org\/{rel}","templated":true}]}}