{"id":590342,"date":"2023-04-17T07:40:14","date_gmt":"2023-04-17T03:40:14","guid":{"rendered":"https:\/\/arantv.az\/?p=590342"},"modified":"2023-04-17T07:40:14","modified_gmt":"2023-04-17T03:40:14","slug":"erm%c9%99nistanda-saxlanilan-%c9%99sg%c9%99rin-anasi-muraci%c9%99t-etdi-video","status":"publish","type":"post","link":"https:\/\/arantv.az\/?p=590342","title":{"rendered":"Erm\u0259nistanda saxlan\u0131lan \u0259sg\u0259rin anas\u0131 m\u00fcraci\u0259t etdi &#8211; V\u0130DEO"},"content":{"rendered":"<article class=\"news\">\n<div class=\"news-inner\">\n<p>Erm\u0259nistanda saxlan\u0131lan \u0259sg\u0259r H\u00fcseyn\u00a0Axundovun anas\u0131\u00a0\u015e\u0259lal\u0259 Axundova yalan m\u0259lumatlar yayanlara m\u00fcraci\u0259t etdi.<\/p>\n<p>Onun s\u00f6zl\u0259rin\u0259 g\u00f6r\u0259, sosial \u015f\u0259b\u0259k\u0259l\u0259rd\u0259ki s\u0259hif\u0259l\u0259r reytinq x\u0259trin\u0259 yalan m\u0259lumatlar d\u0259rc etm\u0259sinl\u0259r.<\/p>\n<p>Qeyd ed\u0259k ki, Az\u0259rbaycan Ordusunun itkin d\u00fc\u015f\u0259n \u0259sg\u0259ri Axundov H\u00fcseyn \u018fhliman o\u011flu Erm\u0259nistan \u0259razisind\u0259 saxlan\u0131l\u0131b.<\/p>\n<p>Onun Qafan rayonunda tutuldu\u011fu bildirilib. Sosial \u015f\u0259b\u0259k\u0259l\u0259rin erm\u0259ni seqmentind\u0259 az\u0259rbaycanl\u0131 \u0259sg\u0259rin foto v\u0259 videolar\u0131 yay\u0131l\u0131b. Kadrlardan g\u00f6r\u00fcn\u00fcr ki, H.Axundov Erm\u0259nistanda saxlan\u0131ld\u0131qdan sonra amans\u0131z i\u015fg\u0259nc\u0259l\u0259r\u0259 m\u0259ruz qal\u0131b.<\/p>\n<p>Daha \u0259trafl\u0131 Baku TV-nin s\u00fcjetind\u0259:<\/p>\n<div><iframe loading=\"lazy\" title=\"YouTube video player\" src=\"https:\/\/www.youtube.com\/embed\/icOCdCfL14Y\" width=\"560\" height=\"315\" frameborder=\"0\" allowfullscreen=\"allowfullscreen\" data-mce-fragment=\"1\"><\/iframe><\/div>\n<\/div>\n<\/article>\n","protected":false},"excerpt":{"rendered":"<p>Erm\u0259nistanda saxlan\u0131lan \u0259sg\u0259r H\u00fcseyn\u00a0Axundovun anas\u0131\u00a0\u015e\u0259lal\u0259 Axundova yalan m\u0259lumatlar yayanlara m\u00fcraci\u0259t etdi. Onun s\u00f6zl\u0259rin\u0259 g\u00f6r\u0259, sosial \u015f\u0259b\u0259k\u0259l\u0259rd\u0259ki s\u0259hif\u0259l\u0259r reytinq x\u0259trin\u0259 yalan m\u0259lumatlar d\u0259rc etm\u0259sinl\u0259r. Qeyd ed\u0259k ki, Az\u0259rbaycan Ordusunun itkin d\u00fc\u015f\u0259n \u0259sg\u0259ri Axundov H\u00fcseyn \u018fhliman o\u011flu Erm\u0259nistan \u0259razisind\u0259 saxlan\u0131l\u0131b. Onun Qafan rayonunda tutuldu\u011fu bildirilib. Sosial \u015f\u0259b\u0259k\u0259l\u0259rin erm\u0259ni seqmentind\u0259 az\u0259rbaycanl\u0131 \u0259sg\u0259rin foto v\u0259 videolar\u0131 yay\u0131l\u0131b. Kadrlardan g\u00f6r\u00fcn\u00fcr ki, H.Axundov Erm\u0259nistanda saxlan\u0131ld\u0131qdan sonra amans\u0131z i\u015fg\u0259nc\u0259l\u0259r\u0259 m\u0259ruz qal\u0131b. Daha \u0259trafl\u0131 Baku TV-nin s\u00fcjetind\u0259:<\/p>\n","protected":false},"author":2,"featured_media":590343,"comment_status":"closed","ping_status":"closed","sticky":false,"template":"","format":"standard","meta":{"om_disable_all_campaigns":false,"_monsterinsights_skip_tracking":false,"_monsterinsights_sitenote_active":false,"_monsterinsights_sitenote_note":"","_monsterinsights_sitenote_category":0},"categories":[1],"tags":[],"aioseo_notices":[],"gutentor_comment":0,"rttpg_featured_image_url":{"full":["https:\/\/arantv.az\/wp-content\/uploads\/2023\/04\/FotoJet-2023-04-17T011302.704.jpg",620,413,false],"landscape":["https:\/\/arantv.az\/wp-content\/uploads\/2023\/04\/FotoJet-2023-04-17T011302.704.jpg",620,413,false],"portraits":["https:\/\/arantv.az\/wp-content\/uploads\/2023\/04\/FotoJet-2023-04-17T011302.704.jpg",620,413,false],"thumbnail":["https:\/\/arantv.az\/wp-content\/uploads\/2023\/04\/FotoJet-2023-04-17T011302.704-500x280.jpg",500,280,true],"medium":["https:\/\/arantv.az\/wp-content\/uploads\/2023\/04\/FotoJet-2023-04-17T011302.704-548x365.jpg",548,365,true],"large":["https:\/\/arantv.az\/wp-content\/uploads\/2023\/04\/FotoJet-2023-04-17T011302.704.jpg",620,413,false],"1536x1536":["https:\/\/arantv.az\/wp-content\/uploads\/2023\/04\/FotoJet-2023-04-17T011302.704.jpg",620,413,false],"2048x2048":["https:\/\/arantv.az\/wp-content\/uploads\/2023\/04\/FotoJet-2023-04-17T011302.704.jpg",620,413,false],"post-thumbnail":["https:\/\/arantv.az\/wp-content\/uploads\/2023\/04\/FotoJet-2023-04-17T011302.704-240x172.jpg",240,172,true],"advps-thumb-one":["https:\/\/arantv.az\/wp-content\/uploads\/2023\/04\/FotoJet-2023-04-17T011302.704.jpg",620,413,false]},"rttpg_author":{"display_name":"V\u00fcsal Rafiqo\u011flu","author_link":"https:\/\/arantv.az\/?author=2"},"rttpg_comment":0,"rttpg_category":"<a href=\"https:\/\/arantv.az\/?cat=1\" rel=\"category\">C\u0259miyy\u0259t<\/a>","rttpg_excerpt":"Erm\u0259nistanda saxlan\u0131lan \u0259sg\u0259r H\u00fcseyn\u00a0Axundovun anas\u0131\u00a0\u015e\u0259lal\u0259 Axundova yalan m\u0259lumatlar yayanlara m\u00fcraci\u0259t etdi. Onun s\u00f6zl\u0259rin\u0259 g\u00f6r\u0259, sosial \u015f\u0259b\u0259k\u0259l\u0259rd\u0259ki s\u0259hif\u0259l\u0259r reytinq x\u0259trin\u0259 yalan m\u0259lumatlar d\u0259rc etm\u0259sinl\u0259r. Qeyd ed\u0259k ki, Az\u0259rbaycan Ordusunun itkin d\u00fc\u015f\u0259n \u0259sg\u0259ri Axundov H\u00fcseyn \u018fhliman o\u011flu Erm\u0259nistan \u0259razisind\u0259 saxlan\u0131l\u0131b. Onun Qafan rayonunda tutuldu\u011fu bildirilib. Sosial \u015f\u0259b\u0259k\u0259l\u0259rin erm\u0259ni seqmentind\u0259 az\u0259rbaycanl\u0131 \u0259sg\u0259rin foto v\u0259 videolar\u0131 yay\u0131l\u0131b. Kadrlardan g\u00f6r\u00fcn\u00fcr&hellip;","_links":{"self":[{"href":"https:\/\/arantv.az\/index.php?rest_route=\/wp\/v2\/posts\/590342"}],"collection":[{"href":"https:\/\/arantv.az\/index.php?rest_route=\/wp\/v2\/posts"}],"about":[{"href":"https:\/\/arantv.az\/index.php?rest_route=\/wp\/v2\/types\/post"}],"author":[{"embeddable":true,"href":"https:\/\/arantv.az\/index.php?rest_route=\/wp\/v2\/users\/2"}],"replies":[{"embeddable":true,"href":"https:\/\/arantv.az\/index.php?rest_route=%2Fwp%2Fv2%2Fcomments&post=590342"}],"version-history":[{"count":0,"href":"https:\/\/arantv.az\/index.php?rest_route=\/wp\/v2\/posts\/590342\/revisions"}],"wp:featuredmedia":[{"embeddable":true,"href":"https:\/\/arantv.az\/index.php?rest_route=\/wp\/v2\/media\/590343"}],"wp:attachment":[{"href":"https:\/\/arantv.az\/index.php?rest_route=%2Fwp%2Fv2%2Fmedia&parent=590342"}],"wp:term":[{"taxonomy":"category","embeddable":true,"href":"https:\/\/arantv.az\/index.php?rest_route=%2Fwp%2Fv2%2Fcategories&post=590342"},{"taxonomy":"post_tag","embeddable":true,"href":"https:\/\/arantv.az\/index.php?rest_route=%2Fwp%2Fv2%2Ftags&post=590342"}],"curies":[{"name":"wp","href":"https:\/\/api.w.org\/{rel}","templated":true}]}}