{"id":590351,"date":"2023-04-17T07:44:34","date_gmt":"2023-04-17T03:44:34","guid":{"rendered":"https:\/\/arantv.az\/?p=590351"},"modified":"2023-04-17T07:44:34","modified_gmt":"2023-04-17T03:44:34","slug":"g%c9%99nc%c9%99d%c9%99-pasxa-bayrami-qeyd-olunub","status":"publish","type":"post","link":"https:\/\/arantv.az\/?p=590351","title":{"rendered":"G\u0259nc\u0259d\u0259 Pasxa bayram\u0131 qeyd olunub"},"content":{"rendered":"<section>\n<div class=\"content lead font-weight-normal\">\n<p>G\u0259nc\u0259d\u0259ki Aleksandr Nevski ad\u0131na Rus Pravoslav kils\u0259sind\u0259 Pasxa bayram\u0131 qeyd edilib.<\/p>\n<p><strong>ARANTV.AZ x\u0259b\u0259r verir ki,<\/strong>\u00a0Q\u0259rb b\u00f6lg\u0259sind\u0259 ya\u015fayan pravoslavlar \u00f6t\u0259n gec\u0259d\u0259n ba\u015flayaraq m\u0259b\u0259d\u0259 topla\u015f\u0131b, \u0130sa M\u0259sihin \u00e7arm\u0131xa \u00e7\u0259kilm\u0259sind\u0259n \u00fc\u00e7 g\u00fcn sonra dirilm\u0259sini qeyd edibl\u0259r.<\/p>\n<p>M\u0259rasiml\u0259rd\u0259 G\u0259nc\u0259 \u015e\u0259h\u0259r \u0130cra Hakimiyy\u0259tinin v\u0259 DQ\u0130DK G\u0259nc\u0259 b\u00f6lg\u0259si \u00fczr\u0259 \u015f\u00f6b\u0259sinin n\u00fcmay\u0259nd\u0259l\u0259ri d\u0259 i\u015ftirak edibl\u0259r.<\/p>\n<p>Bu g\u00fcn s\u0259h\u0259r bayram m\u00fcnasib\u0259til\u0259 icra edil\u0259n ayinl\u0259rd\u0259n \u00f6nc\u0259 Prezident \u0130lham \u018fliyevin pravoslavlara \u00fcnvanlad\u0131\u011f\u0131 t\u0259brik m\u0259ktubu oxunub. \u00d6lk\u0259mizd\u0259 daimi s\u00fclh, \u0259min-amanl\u0131q v\u0259 xo\u015fb\u0259xtliyin h\u00f6km s\u00fcrm\u0259si arzulan\u0131b, \u015f\u0259hidl\u0259rin ruhuna dualar edilib.<\/p>\n<p>Daha sonra Pasxa bayram\u0131nda vacib say\u0131lan bir s\u0131ra dini ayinl\u0259r icra edilib, \u015famlar yand\u0131r\u0131l\u0131b, dualar oxunub.<\/p>\n<p>G\u0259nc\u0259 \u015e\u0259h\u0259r \u0130cra Hakimiyy\u0259ti t\u0259r\u0259find\u0259n Nevski Rus Pravoslav Kils\u0259sin\u0259 bayram sovqat\u0131 g\u00f6nd\u0259rilib.<\/p>\n<div class=\"clearfix\"><\/div>\n<\/div>\n<div class=\"fotorama--hidden\"><\/div>\n<div id=\"galleryList\" class=\"fotorama fotorama1681703029720\" data-nav=\"thumbs\" data-width=\"100%\" data-thumbwidth=\"90\" data-thumbheight=\"60\" data-allowfullscreen=\"true\" data-autoplay=\"3000\" data-ratio=\"1.5\" data-keyboard=\"true\" data-fit=\"contain\">\n<div class=\"fotorama__wrap fotorama__wrap--css3 fotorama__wrap--slide fotorama__wrap--toggle-arrows fotorama__wrap--no-controls\">\n<div class=\"fotorama__stage\">\n<div class=\"fotorama__fullscreen-icon\" tabindex=\"0\" role=\"button\"><\/div>\n<div class=\"fotorama__stage__shaft\">\n<div class=\"fotorama__stage__frame fotorama__loaded fotorama__loaded--img\"><img class=\"fotorama__img\" src=\"https:\/\/ikisahil.az\/photo\/0x0_2\/upload\/gallery\/2023\/04\/16\/-418ef612168166507135729822410158669.jpg\" \/><\/div>\n<div class=\"fotorama__stage__frame fotorama__loaded fotorama__loaded--img fotorama__active\"><img class=\"fotorama__img\" src=\"https:\/\/ikisahil.az\/photo\/0x0_2\/upload\/gallery\/2023\/04\/16\/-edcdaad5168166507183779619911013394.jpg\" \/><\/div>\n<\/div>\n<div class=\"fotorama__arr fotorama__arr--prev fotorama__arr--disabled\" tabindex=\"-1\" role=\"button\"><\/div>\n<div class=\"fotorama__arr fotorama__arr--next\" tabindex=\"0\" role=\"button\"><\/div>\n<div class=\"fotorama__video-close\"><\/div>\n<\/div>\n<div class=\"fotorama__nav-wrap\">\n<div class=\"fotorama__nav fotorama__nav--thumbs\">\n<div class=\"fotorama__nav__shaft\">\n<div class=\"fotorama__thumb-border\"><\/div>\n<div class=\"fotorama__nav__frame fotorama__nav__frame--thumb fotorama__active\" tabindex=\"0\" role=\"button\">\n<div class=\"fotorama__thumb fotorama__loaded fotorama__loaded--img\"><img class=\"fotorama__img\" src=\"https:\/\/ikisahil.az\/photo\/150x100_2\/upload\/gallery\/2023\/04\/16\/-edcdaad5168166507183779619911013394.jpg\" \/><\/div>\n<\/div>\n<div class=\"fotorama__nav__frame fotorama__nav__frame--thumb\" tabindex=\"0\" role=\"button\">\n<div class=\"fotorama__thumb fotorama__loaded fotorama__loaded--img\"><img class=\"fotorama__img\" src=\"https:\/\/ikisahil.az\/photo\/150x100_2\/upload\/gallery\/2023\/04\/16\/-418ef612168166507135729822410158669.jpg\" \/><\/div>\n<\/div>\n<div class=\"fotorama__nav__frame fotorama__nav__frame--thumb\" tabindex=\"0\" role=\"button\">\n<div class=\"fotorama__thumb fotorama__loaded fotorama__loaded--img\"><img class=\"fotorama__img\" src=\"https:\/\/ikisahil.az\/photo\/150x100_2\/upload\/gallery\/2023\/04\/16\/-034260c0168166507137284470310772991.jpg\" \/><\/div>\n<\/div>\n<\/div>\n<\/div>\n<\/div>\n<\/div>\n<\/div>\n<div class=\"sharing my-2 row no-gutters d-print-none\"><\/div>\n<div class=\"d-none d-sm-block\"><\/div>\n<\/section>\n<section id=\"new_block_2\" class=\"mt-3 d-print-none\">\n<div class=\"row\">\n<div class=\"col-md-12\"><\/div>\n<\/div>\n<\/section>\n","protected":false},"excerpt":{"rendered":"<p>G\u0259nc\u0259d\u0259ki Aleksandr Nevski ad\u0131na Rus Pravoslav kils\u0259sind\u0259 Pasxa bayram\u0131 qeyd edilib. ARANTV.AZ x\u0259b\u0259r verir ki,\u00a0Q\u0259rb b\u00f6lg\u0259sind\u0259 ya\u015fayan pravoslavlar \u00f6t\u0259n gec\u0259d\u0259n ba\u015flayaraq m\u0259b\u0259d\u0259 topla\u015f\u0131b, \u0130sa M\u0259sihin \u00e7arm\u0131xa \u00e7\u0259kilm\u0259sind\u0259n \u00fc\u00e7 g\u00fcn sonra dirilm\u0259sini qeyd edibl\u0259r. M\u0259rasiml\u0259rd\u0259 G\u0259nc\u0259 \u015e\u0259h\u0259r \u0130cra Hakimiyy\u0259tinin v\u0259 DQ\u0130DK G\u0259nc\u0259 b\u00f6lg\u0259si \u00fczr\u0259 \u015f\u00f6b\u0259sinin n\u00fcmay\u0259nd\u0259l\u0259ri d\u0259 i\u015ftirak edibl\u0259r. Bu g\u00fcn s\u0259h\u0259r bayram m\u00fcnasib\u0259til\u0259 icra edil\u0259n ayinl\u0259rd\u0259n \u00f6nc\u0259 Prezident \u0130lham \u018fliyevin pravoslavlara \u00fcnvanlad\u0131\u011f\u0131 t\u0259brik m\u0259ktubu oxunub. \u00d6lk\u0259mizd\u0259 daimi s\u00fclh, \u0259min-amanl\u0131q v\u0259 xo\u015fb\u0259xtliyin h\u00f6km s\u00fcrm\u0259si arzulan\u0131b, \u015f\u0259hidl\u0259rin ruhuna dualar edilib. Daha sonra Pasxa bayram\u0131nda vacib say\u0131lan bir s\u0131ra dini ayinl\u0259r icra edilib,&hellip;<\/p>\n","protected":false},"author":2,"featured_media":590352,"comment_status":"closed","ping_status":"closed","sticky":false,"template":"","format":"standard","meta":{"om_disable_all_campaigns":false,"_monsterinsights_skip_tracking":false,"_monsterinsights_sitenote_active":false,"_monsterinsights_sitenote_note":"","_monsterinsights_sitenote_category":0},"categories":[1],"tags":[],"aioseo_notices":[],"gutentor_comment":0,"rttpg_featured_image_url":{"full":["https:\/\/arantv.az\/wp-content\/uploads\/2023\/04\/602d1305168166506072168836710531794.jpg",975,540,false],"landscape":["https:\/\/arantv.az\/wp-content\/uploads\/2023\/04\/602d1305168166506072168836710531794.jpg",975,540,false],"portraits":["https:\/\/arantv.az\/wp-content\/uploads\/2023\/04\/602d1305168166506072168836710531794.jpg",975,540,false],"thumbnail":["https:\/\/arantv.az\/wp-content\/uploads\/2023\/04\/602d1305168166506072168836710531794-500x280.jpg",500,280,true],"medium":["https:\/\/arantv.az\/wp-content\/uploads\/2023\/04\/602d1305168166506072168836710531794-660x365.jpg",660,365,true],"large":["https:\/\/arantv.az\/wp-content\/uploads\/2023\/04\/602d1305168166506072168836710531794-840x465.jpg",640,354,true],"1536x1536":["https:\/\/arantv.az\/wp-content\/uploads\/2023\/04\/602d1305168166506072168836710531794.jpg",975,540,false],"2048x2048":["https:\/\/arantv.az\/wp-content\/uploads\/2023\/04\/602d1305168166506072168836710531794.jpg",975,540,false],"post-thumbnail":["https:\/\/arantv.az\/wp-content\/uploads\/2023\/04\/602d1305168166506072168836710531794-240x172.jpg",240,172,true],"advps-thumb-one":["https:\/\/arantv.az\/wp-content\/uploads\/2023\/04\/602d1305168166506072168836710531794.jpg",975,540,false]},"rttpg_author":{"display_name":"V\u00fcsal Rafiqo\u011flu","author_link":"https:\/\/arantv.az\/?author=2"},"rttpg_comment":0,"rttpg_category":"<a href=\"https:\/\/arantv.az\/?cat=1\" rel=\"category\">C\u0259miyy\u0259t<\/a>","rttpg_excerpt":"G\u0259nc\u0259d\u0259ki Aleksandr Nevski ad\u0131na Rus Pravoslav kils\u0259sind\u0259 Pasxa bayram\u0131 qeyd edilib. ARANTV.AZ x\u0259b\u0259r verir ki,\u00a0Q\u0259rb b\u00f6lg\u0259sind\u0259 ya\u015fayan pravoslavlar \u00f6t\u0259n gec\u0259d\u0259n ba\u015flayaraq m\u0259b\u0259d\u0259 topla\u015f\u0131b, \u0130sa M\u0259sihin \u00e7arm\u0131xa \u00e7\u0259kilm\u0259sind\u0259n \u00fc\u00e7 g\u00fcn sonra dirilm\u0259sini qeyd edibl\u0259r. M\u0259rasiml\u0259rd\u0259 G\u0259nc\u0259 \u015e\u0259h\u0259r \u0130cra Hakimiyy\u0259tinin v\u0259 DQ\u0130DK G\u0259nc\u0259 b\u00f6lg\u0259si \u00fczr\u0259 \u015f\u00f6b\u0259sinin n\u00fcmay\u0259nd\u0259l\u0259ri d\u0259 i\u015ftirak edibl\u0259r. Bu g\u00fcn s\u0259h\u0259r bayram m\u00fcnasib\u0259til\u0259 icra edil\u0259n&hellip;","_links":{"self":[{"href":"https:\/\/arantv.az\/index.php?rest_route=\/wp\/v2\/posts\/590351"}],"collection":[{"href":"https:\/\/arantv.az\/index.php?rest_route=\/wp\/v2\/posts"}],"about":[{"href":"https:\/\/arantv.az\/index.php?rest_route=\/wp\/v2\/types\/post"}],"author":[{"embeddable":true,"href":"https:\/\/arantv.az\/index.php?rest_route=\/wp\/v2\/users\/2"}],"replies":[{"embeddable":true,"href":"https:\/\/arantv.az\/index.php?rest_route=%2Fwp%2Fv2%2Fcomments&post=590351"}],"version-history":[{"count":0,"href":"https:\/\/arantv.az\/index.php?rest_route=\/wp\/v2\/posts\/590351\/revisions"}],"wp:featuredmedia":[{"embeddable":true,"href":"https:\/\/arantv.az\/index.php?rest_route=\/wp\/v2\/media\/590352"}],"wp:attachment":[{"href":"https:\/\/arantv.az\/index.php?rest_route=%2Fwp%2Fv2%2Fmedia&parent=590351"}],"wp:term":[{"taxonomy":"category","embeddable":true,"href":"https:\/\/arantv.az\/index.php?rest_route=%2Fwp%2Fv2%2Fcategories&post=590351"},{"taxonomy":"post_tag","embeddable":true,"href":"https:\/\/arantv.az\/index.php?rest_route=%2Fwp%2Fv2%2Ftags&post=590351"}],"curies":[{"name":"wp","href":"https:\/\/api.w.org\/{rel}","templated":true}]}}