{"id":591321,"date":"2023-04-18T20:49:01","date_gmt":"2023-04-18T16:49:01","guid":{"rendered":"https:\/\/arantv.az\/?p=591321"},"modified":"2023-04-18T20:49:01","modified_gmt":"2023-04-18T16:49:01","slug":"erm%c9%99nil%c9%99r-44-gunluk-muharib%c9%99d%c9%99-ol%c9%99n-h%c9%99rbcil%c9%99rinin-qaliqlarina-sahib-cixmaqdan-imtina-edirl%c9%99r","status":"publish","type":"post","link":"https:\/\/arantv.az\/?p=591321","title":{"rendered":"Erm\u0259nil\u0259r 44 g\u00fcnl\u00fck m\u00fcharib\u0259d\u0259 \u00f6l\u0259n h\u0259rb\u00e7il\u0259rinin qal\u0131qlar\u0131na sahib \u00e7\u0131xmaqdan imtina edirl\u0259r"},"content":{"rendered":"<p>\u201cErm\u0259nistan t\u0259r\u0259fi 44 g\u00fcnl\u00fck II Qaraba\u011f m\u00fcharib\u0259sind\u0259 h\u0259lak olan h\u0259rb\u00e7il\u0259rinin bir qisminin qal\u0131qlar\u0131n\u0131 h\u0259l\u0259 d\u0259 d\u0259fn etm\u0259yib\u201d.<\/p>\n<p>Bunu jurnalistl\u0259r\u0259 \u00f6lk\u0259nin s\u0259hiyy\u0259 naziri Anait Avanesyan deyib.<\/p>\n<p>\u201c44 g\u00fcnl\u00fck m\u00fcharib\u0259d\u0259 h\u0259lak olan h\u0259rb\u00e7il\u0259rin bir qisminin qal\u0131qlar\u0131 h\u0259l\u0259 d\u0259 basd\u0131r\u0131lmay\u0131b. T\u0259\u0259ss\u00fcf ki, \u00f6l\u0259nl\u0259rin yax\u0131nlar\u0131 DNT n\u0259tic\u0259l\u0259rini tan\u0131maq ist\u0259mirl\u0259r, halbuki qal\u0131qlar\u0131n kim\u0259 m\u0259xsus oldu\u011funa dair ekspertizan\u0131n n\u0259tic\u0259l\u0259ri he\u00e7 bir \u015f\u00fcbh\u0259 do\u011furmur\u201d, &#8211;\u00a0dey\u0259 Erm\u0259nistan\u0131n s\u0259hiyy\u0259 naziri bildirib.<\/p>\n<p>Xat\u0131rladaq ki, 2023-ci ilin fevral\u0131nda Erm\u0259nistan\u0131n m\u00fcdafi\u0259 nazirinin m\u00fc\u015faviri, general-mayor Vardan Avetisyan a\u00e7\u0131qlay\u0131b ki, \u015f\u0259xsiyy\u0259ti m\u00fc\u0259yy\u0259n edilmi\u015f 80-d\u0259n \u00e7ox h\u0259rb\u00e7inin qal\u0131\u011f\u0131 respublikan\u0131n morqunda saxlan\u0131l\u0131r, lakin do\u011fmalar\u0131 onlara sahib \u00e7\u0131xmaqdan boyun qa\u00e7\u0131r\u0131rlar.<\/p>\n<p>M\u0259nb\u0259: Sputnik Erm\u0259nistan<\/p>\n","protected":false},"excerpt":{"rendered":"<p>\u201cErm\u0259nistan t\u0259r\u0259fi 44 g\u00fcnl\u00fck II Qaraba\u011f m\u00fcharib\u0259sind\u0259 h\u0259lak olan h\u0259rb\u00e7il\u0259rinin bir qisminin qal\u0131qlar\u0131n\u0131 h\u0259l\u0259 d\u0259 d\u0259fn etm\u0259yib\u201d. Bunu jurnalistl\u0259r\u0259 \u00f6lk\u0259nin s\u0259hiyy\u0259 naziri Anait Avanesyan deyib. \u201c44 g\u00fcnl\u00fck m\u00fcharib\u0259d\u0259 h\u0259lak olan h\u0259rb\u00e7il\u0259rin bir qisminin qal\u0131qlar\u0131 h\u0259l\u0259 d\u0259 basd\u0131r\u0131lmay\u0131b. T\u0259\u0259ss\u00fcf ki, \u00f6l\u0259nl\u0259rin yax\u0131nlar\u0131 DNT n\u0259tic\u0259l\u0259rini tan\u0131maq ist\u0259mirl\u0259r, halbuki qal\u0131qlar\u0131n kim\u0259 m\u0259xsus oldu\u011funa dair ekspertizan\u0131n n\u0259tic\u0259l\u0259ri he\u00e7 bir \u015f\u00fcbh\u0259 do\u011furmur\u201d, &#8211;\u00a0dey\u0259 Erm\u0259nistan\u0131n s\u0259hiyy\u0259 naziri bildirib. Xat\u0131rladaq ki, 2023-ci ilin fevral\u0131nda Erm\u0259nistan\u0131n m\u00fcdafi\u0259 nazirinin m\u00fc\u015faviri, general-mayor Vardan Avetisyan a\u00e7\u0131qlay\u0131b ki, \u015f\u0259xsiyy\u0259ti m\u00fc\u0259yy\u0259n edilmi\u015f 80-d\u0259n \u00e7ox h\u0259rb\u00e7inin qal\u0131\u011f\u0131 respublikan\u0131n morqunda saxlan\u0131l\u0131r, lakin do\u011fmalar\u0131 onlara sahib&hellip;<\/p>\n","protected":false},"author":2,"featured_media":591326,"comment_status":"closed","ping_status":"closed","sticky":false,"template":"","format":"standard","meta":{"om_disable_all_campaigns":false,"_monsterinsights_skip_tracking":false,"_monsterinsights_sitenote_active":false,"_monsterinsights_sitenote_note":"","_monsterinsights_sitenote_category":0},"categories":[7],"tags":[],"aioseo_notices":[],"gutentor_comment":0,"rttpg_featured_image_url":{"full":["https:\/\/arantv.az\/wp-content\/uploads\/2023\/04\/FotoJet-15-1.jpg",620,413,false],"landscape":["https:\/\/arantv.az\/wp-content\/uploads\/2023\/04\/FotoJet-15-1.jpg",620,413,false],"portraits":["https:\/\/arantv.az\/wp-content\/uploads\/2023\/04\/FotoJet-15-1.jpg",620,413,false],"thumbnail":["https:\/\/arantv.az\/wp-content\/uploads\/2023\/04\/FotoJet-15-1-500x280.jpg",500,280,true],"medium":["https:\/\/arantv.az\/wp-content\/uploads\/2023\/04\/FotoJet-15-1-548x365.jpg",548,365,true],"large":["https:\/\/arantv.az\/wp-content\/uploads\/2023\/04\/FotoJet-15-1.jpg",620,413,false],"1536x1536":["https:\/\/arantv.az\/wp-content\/uploads\/2023\/04\/FotoJet-15-1.jpg",620,413,false],"2048x2048":["https:\/\/arantv.az\/wp-content\/uploads\/2023\/04\/FotoJet-15-1.jpg",620,413,false],"post-thumbnail":["https:\/\/arantv.az\/wp-content\/uploads\/2023\/04\/FotoJet-15-1-240x172.jpg",240,172,true],"advps-thumb-one":["https:\/\/arantv.az\/wp-content\/uploads\/2023\/04\/FotoJet-15-1.jpg",620,413,false]},"rttpg_author":{"display_name":"V\u00fcsal Rafiqo\u011flu","author_link":"https:\/\/arantv.az\/?author=2"},"rttpg_comment":0,"rttpg_category":"<a href=\"https:\/\/arantv.az\/?cat=7\" rel=\"category\">D\u00fcnya<\/a>","rttpg_excerpt":"\u201cErm\u0259nistan t\u0259r\u0259fi 44 g\u00fcnl\u00fck II Qaraba\u011f m\u00fcharib\u0259sind\u0259 h\u0259lak olan h\u0259rb\u00e7il\u0259rinin bir qisminin qal\u0131qlar\u0131n\u0131 h\u0259l\u0259 d\u0259 d\u0259fn etm\u0259yib\u201d. Bunu jurnalistl\u0259r\u0259 \u00f6lk\u0259nin s\u0259hiyy\u0259 naziri Anait Avanesyan deyib. \u201c44 g\u00fcnl\u00fck m\u00fcharib\u0259d\u0259 h\u0259lak olan h\u0259rb\u00e7il\u0259rin bir qisminin qal\u0131qlar\u0131 h\u0259l\u0259 d\u0259 basd\u0131r\u0131lmay\u0131b. T\u0259\u0259ss\u00fcf ki, \u00f6l\u0259nl\u0259rin yax\u0131nlar\u0131 DNT n\u0259tic\u0259l\u0259rini tan\u0131maq ist\u0259mirl\u0259r, halbuki qal\u0131qlar\u0131n kim\u0259 m\u0259xsus oldu\u011funa dair ekspertizan\u0131n n\u0259tic\u0259l\u0259ri he\u00e7 bir&hellip;","_links":{"self":[{"href":"https:\/\/arantv.az\/index.php?rest_route=\/wp\/v2\/posts\/591321"}],"collection":[{"href":"https:\/\/arantv.az\/index.php?rest_route=\/wp\/v2\/posts"}],"about":[{"href":"https:\/\/arantv.az\/index.php?rest_route=\/wp\/v2\/types\/post"}],"author":[{"embeddable":true,"href":"https:\/\/arantv.az\/index.php?rest_route=\/wp\/v2\/users\/2"}],"replies":[{"embeddable":true,"href":"https:\/\/arantv.az\/index.php?rest_route=%2Fwp%2Fv2%2Fcomments&post=591321"}],"version-history":[{"count":0,"href":"https:\/\/arantv.az\/index.php?rest_route=\/wp\/v2\/posts\/591321\/revisions"}],"wp:featuredmedia":[{"embeddable":true,"href":"https:\/\/arantv.az\/index.php?rest_route=\/wp\/v2\/media\/591326"}],"wp:attachment":[{"href":"https:\/\/arantv.az\/index.php?rest_route=%2Fwp%2Fv2%2Fmedia&parent=591321"}],"wp:term":[{"taxonomy":"category","embeddable":true,"href":"https:\/\/arantv.az\/index.php?rest_route=%2Fwp%2Fv2%2Fcategories&post=591321"},{"taxonomy":"post_tag","embeddable":true,"href":"https:\/\/arantv.az\/index.php?rest_route=%2Fwp%2Fv2%2Ftags&post=591321"}],"curies":[{"name":"wp","href":"https:\/\/api.w.org\/{rel}","templated":true}]}}