{"id":591328,"date":"2023-04-18T20:51:03","date_gmt":"2023-04-18T16:51:03","guid":{"rendered":"https:\/\/arantv.az\/?p=591328"},"modified":"2023-04-18T20:51:03","modified_gmt":"2023-04-18T16:51:03","slug":"bayram-namazi-il%c9%99-bagli-bolg%c9%99l%c9%99rd%c9%99-monitorinql%c9%99r-keciril%c9%99c%c9%99k","status":"publish","type":"post","link":"https:\/\/arantv.az\/?p=591328","title":{"rendered":"Bayram namaz\u0131 il\u0259 ba\u011fl\u0131 b\u00f6lg\u0259l\u0259rd\u0259 monitorinql\u0259r ke\u00e7iril\u0259c\u0259k"},"content":{"rendered":"<p>Aprelin 18-d\u0259 Dini Qurumlarla \u0130\u015f \u00fczr\u0259 D\u00f6vl\u0259t Komit\u0259sind\u0259 (DQ\u0130DK) videoformatda m\u00fc\u015favir\u0259 ke\u00e7irilib. M\u00fc\u015favir\u0259d\u0259 DQ\u0130DK-n\u0131n s\u0259dr m\u00fcavinl\u0259ri, M\u0259rk\u0259zi Aparat v\u0259 b\u00f6lg\u0259 \u015f\u00f6b\u0259l\u0259rinin m\u00fcdirl\u0259ri i\u015ftirak edibl\u0259r.<\/p>\n<p>Komit\u0259d\u0259n veril\u0259n x\u0259b\u0259r\u0259 g\u00f6r\u0259, D\u00f6vl\u0259t Komit\u0259sinin s\u0259dri M\u00fcbariz Qurbanl\u0131 g\u00fcnd\u0259likd\u0259ki m\u0259s\u0259l\u0259l\u0259r\u0259 diqq\u0259t \u00e7\u0259k\u0259r\u0259k \u00f6lk\u0259nin b\u00fct\u00fcn b\u00f6lg\u0259l\u0259rini \u0259hat\u0259 ed\u0259c\u0259k maarifl\u0259ndirm\u0259 t\u0259dbirl\u0259rind\u0259 dini fanatizm, radikalizm, ekstremizm\u0259 qar\u015f\u0131 m\u00fcbariz\u0259, h\u0259m\u00e7inin\u00a0multikulturalizm, tolerantl\u0131q, s\u00fclh \u015f\u0259raitind\u0259 birg\u0259ya\u015fay\u0131\u015f, v\u0259t\u0259nda\u015flar\u0131n h\u00fcquq b\u0259rab\u0259rliyi, \u00fcmumb\u0259\u015f\u0259ri d\u0259y\u0259rl\u0259r\u0259 h\u00f6rm\u0259t istiqam\u0259tl\u0259rind\u0259 t\u0259dbirl\u0259rin davaml\u0131 olaraq ke\u00e7irildiyini qeyd edib.<\/p>\n<p>2023-c\u00fc ilin Az\u0259rbaycanda \u201cHeyd\u0259r \u018fliyev \u0130li\u201d elan edilm\u0259si il\u0259 ba\u011fl\u0131 Komit\u0259nin T\u0259dbirl\u0259r Plan\u0131nda \u00f6z \u0259ksini tapan t\u0259dbirl\u0259r bar\u0259d\u0259 d\u0259 dan\u0131\u015fan M.Qurbanl\u0131 dahi \u015f\u0259xsiyy\u0259tin f\u0259aliyy\u0259tinin ayr\u0131-ayr\u0131 istiqam\u0259tl\u0259rinin daha d\u0259rind\u0259n \u00f6yr\u0259nilm\u0259si, ulu \u00f6nd\u0259rin z\u0259ngin irsinin \u0259hat\u0259li t\u0259bli\u011fin\u0259 geni\u015f imkanlar yaradacaq layih\u0259l\u0259rin realla\u015fd\u0131r\u0131lmas\u0131n\u0131n \u00f6n\u0259mind\u0259n b\u0259hs edib. \u00d6lk\u0259mizd\u0259 qeyd edil\u0259c\u0259k Ramazan bayram\u0131 bar\u0259d\u0259 dan\u0131\u015fan komit\u0259 s\u0259dri DQ\u0130DK-n\u0131n m\u0259rk\u0259zi Aparat v\u0259 b\u00f6lg\u0259 \u015f\u00f6b\u0259l\u0259rinin \u00fcz\u0259rin\u0259 d\u00fc\u015f\u0259n v\u0259zif\u0259l\u0259ri n\u0259z\u0259r\u0259 \u00e7atd\u0131r\u0131b. Bayram namaz\u0131nda Qafqaz M\u00fcs\u0259lmanlar\u0131 \u0130dar\u0259si Qaz\u0131lar \u015euras\u0131n\u0131n ver\u0259c\u0259yi f\u0259tvan\u0131n t\u0259l\u0259bl\u0259rin\u0259 ciddi riay\u0259t olunmas\u0131n\u0131n vacibliyini, o c\u00fcml\u0259d\u0259n bu m\u0259qs\u0259dl\u0259 b\u00f6lg\u0259 \u015f\u00f6b\u0259l\u0259rinin \u0259m\u0259kda\u015flar\u0131 t\u0259r\u0259find\u0259n yerl\u0259rd\u0259 monitorinql\u0259rin ke\u00e7irilm\u0259sinin lab\u00fcdl\u00fcy\u00fcn\u00fc vur\u011fulay\u0131b.<\/p>\n<p>DQ\u0130DK-n\u0131n s\u0259dr m\u00fcavinl\u0259ri is\u0259 D\u00f6vl\u0259t Komit\u0259si t\u0259r\u0259find\u0259n \u0130slam dinin\u0259 aid ibad\u0259t yerl\u0259rin\u0259 (m\u0259scidl\u0259r) din xadiml\u0259rinin t\u0259yin olunmas\u0131 m\u0259qs\u0259di il\u0259 elan edil\u0259n m\u00fcsahib\u0259l\u0259r, el\u0259c\u0259 d\u0259 t\u0259yinat alan din xadiml\u0259rinin f\u0259aliyy\u0259ti, maarifl\u0259ndirm\u0259 prosesinin effektivliyinin art\u0131r\u0131lmas\u0131 bar\u0259d\u0259 fikirl\u0259rini b\u00f6l\u00fc\u015f\u00fcbl\u0259r.<\/p>\n<p>Sonda qar\u015f\u0131da duran v\u0259zif\u0259l\u0259rin icras\u0131 il\u0259 ba\u011fl\u0131 m\u00fcvafiq tap\u015f\u0131r\u0131q v\u0259 t\u00f6vsiy\u0259l\u0259r verilib.<\/p>\n","protected":false},"excerpt":{"rendered":"<p>Aprelin 18-d\u0259 Dini Qurumlarla \u0130\u015f \u00fczr\u0259 D\u00f6vl\u0259t Komit\u0259sind\u0259 (DQ\u0130DK) videoformatda m\u00fc\u015favir\u0259 ke\u00e7irilib. M\u00fc\u015favir\u0259d\u0259 DQ\u0130DK-n\u0131n s\u0259dr m\u00fcavinl\u0259ri, M\u0259rk\u0259zi Aparat v\u0259 b\u00f6lg\u0259 \u015f\u00f6b\u0259l\u0259rinin m\u00fcdirl\u0259ri i\u015ftirak edibl\u0259r. Komit\u0259d\u0259n veril\u0259n x\u0259b\u0259r\u0259 g\u00f6r\u0259, D\u00f6vl\u0259t Komit\u0259sinin s\u0259dri M\u00fcbariz Qurbanl\u0131 g\u00fcnd\u0259likd\u0259ki m\u0259s\u0259l\u0259l\u0259r\u0259 diqq\u0259t \u00e7\u0259k\u0259r\u0259k \u00f6lk\u0259nin b\u00fct\u00fcn b\u00f6lg\u0259l\u0259rini \u0259hat\u0259 ed\u0259c\u0259k maarifl\u0259ndirm\u0259 t\u0259dbirl\u0259rind\u0259 dini fanatizm, radikalizm, ekstremizm\u0259 qar\u015f\u0131 m\u00fcbariz\u0259, h\u0259m\u00e7inin\u00a0multikulturalizm, tolerantl\u0131q, s\u00fclh \u015f\u0259raitind\u0259 birg\u0259ya\u015fay\u0131\u015f, v\u0259t\u0259nda\u015flar\u0131n h\u00fcquq b\u0259rab\u0259rliyi, \u00fcmumb\u0259\u015f\u0259ri d\u0259y\u0259rl\u0259r\u0259 h\u00f6rm\u0259t istiqam\u0259tl\u0259rind\u0259 t\u0259dbirl\u0259rin davaml\u0131 olaraq ke\u00e7irildiyini qeyd edib. 2023-c\u00fc ilin Az\u0259rbaycanda \u201cHeyd\u0259r \u018fliyev \u0130li\u201d elan edilm\u0259si il\u0259 ba\u011fl\u0131 Komit\u0259nin T\u0259dbirl\u0259r Plan\u0131nda \u00f6z \u0259ksini tapan t\u0259dbirl\u0259r bar\u0259d\u0259 d\u0259 dan\u0131\u015fan M.Qurbanl\u0131 dahi&hellip;<\/p>\n","protected":false},"author":2,"featured_media":340657,"comment_status":"closed","ping_status":"closed","sticky":false,"template":"","format":"standard","meta":{"om_disable_all_campaigns":false,"_monsterinsights_skip_tracking":false,"_monsterinsights_sitenote_active":false,"_monsterinsights_sitenote_note":"","_monsterinsights_sitenote_category":0},"categories":[1],"tags":[],"aioseo_notices":[],"gutentor_comment":0,"rttpg_featured_image_url":{"full":["https:\/\/arantv.az\/wp-content\/uploads\/2021\/05\/namaz_0254.jpg",800,600,false],"landscape":["https:\/\/arantv.az\/wp-content\/uploads\/2021\/05\/namaz_0254.jpg",800,600,false],"portraits":["https:\/\/arantv.az\/wp-content\/uploads\/2021\/05\/namaz_0254.jpg",800,600,false],"thumbnail":["https:\/\/arantv.az\/wp-content\/uploads\/2021\/05\/namaz_0254-500x280.jpg",500,280,true],"medium":["https:\/\/arantv.az\/wp-content\/uploads\/2021\/05\/namaz_0254-487x365.jpg",487,365,true],"large":["https:\/\/arantv.az\/wp-content\/uploads\/2021\/05\/namaz_0254.jpg",640,480,false],"1536x1536":["https:\/\/arantv.az\/wp-content\/uploads\/2021\/05\/namaz_0254.jpg",800,600,false],"2048x2048":["https:\/\/arantv.az\/wp-content\/uploads\/2021\/05\/namaz_0254.jpg",800,600,false],"post-thumbnail":["https:\/\/arantv.az\/wp-content\/uploads\/2021\/05\/namaz_0254-240x172.jpg",240,172,true],"advps-thumb-one":["https:\/\/arantv.az\/wp-content\/uploads\/2021\/05\/namaz_0254.jpg",800,600,false]},"rttpg_author":{"display_name":"V\u00fcsal Rafiqo\u011flu","author_link":"https:\/\/arantv.az\/?author=2"},"rttpg_comment":0,"rttpg_category":"<a href=\"https:\/\/arantv.az\/?cat=1\" rel=\"category\">C\u0259miyy\u0259t<\/a>","rttpg_excerpt":"Aprelin 18-d\u0259 Dini Qurumlarla \u0130\u015f \u00fczr\u0259 D\u00f6vl\u0259t Komit\u0259sind\u0259 (DQ\u0130DK) videoformatda m\u00fc\u015favir\u0259 ke\u00e7irilib. M\u00fc\u015favir\u0259d\u0259 DQ\u0130DK-n\u0131n s\u0259dr m\u00fcavinl\u0259ri, M\u0259rk\u0259zi Aparat v\u0259 b\u00f6lg\u0259 \u015f\u00f6b\u0259l\u0259rinin m\u00fcdirl\u0259ri i\u015ftirak edibl\u0259r. Komit\u0259d\u0259n veril\u0259n x\u0259b\u0259r\u0259 g\u00f6r\u0259, D\u00f6vl\u0259t Komit\u0259sinin s\u0259dri M\u00fcbariz Qurbanl\u0131 g\u00fcnd\u0259likd\u0259ki m\u0259s\u0259l\u0259l\u0259r\u0259 diqq\u0259t \u00e7\u0259k\u0259r\u0259k \u00f6lk\u0259nin b\u00fct\u00fcn b\u00f6lg\u0259l\u0259rini \u0259hat\u0259 ed\u0259c\u0259k maarifl\u0259ndirm\u0259 t\u0259dbirl\u0259rind\u0259 dini fanatizm, radikalizm, ekstremizm\u0259 qar\u015f\u0131 m\u00fcbariz\u0259, h\u0259m\u00e7inin\u00a0multikulturalizm, tolerantl\u0131q, s\u00fclh \u015f\u0259raitind\u0259 birg\u0259ya\u015fay\u0131\u015f,&hellip;","_links":{"self":[{"href":"https:\/\/arantv.az\/index.php?rest_route=\/wp\/v2\/posts\/591328"}],"collection":[{"href":"https:\/\/arantv.az\/index.php?rest_route=\/wp\/v2\/posts"}],"about":[{"href":"https:\/\/arantv.az\/index.php?rest_route=\/wp\/v2\/types\/post"}],"author":[{"embeddable":true,"href":"https:\/\/arantv.az\/index.php?rest_route=\/wp\/v2\/users\/2"}],"replies":[{"embeddable":true,"href":"https:\/\/arantv.az\/index.php?rest_route=%2Fwp%2Fv2%2Fcomments&post=591328"}],"version-history":[{"count":0,"href":"https:\/\/arantv.az\/index.php?rest_route=\/wp\/v2\/posts\/591328\/revisions"}],"wp:featuredmedia":[{"embeddable":true,"href":"https:\/\/arantv.az\/index.php?rest_route=\/wp\/v2\/media\/340657"}],"wp:attachment":[{"href":"https:\/\/arantv.az\/index.php?rest_route=%2Fwp%2Fv2%2Fmedia&parent=591328"}],"wp:term":[{"taxonomy":"category","embeddable":true,"href":"https:\/\/arantv.az\/index.php?rest_route=%2Fwp%2Fv2%2Fcategories&post=591328"},{"taxonomy":"post_tag","embeddable":true,"href":"https:\/\/arantv.az\/index.php?rest_route=%2Fwp%2Fv2%2Ftags&post=591328"}],"curies":[{"name":"wp","href":"https:\/\/api.w.org\/{rel}","templated":true}]}}