{"id":591331,"date":"2023-04-18T20:51:34","date_gmt":"2023-04-18T16:51:34","guid":{"rendered":"https:\/\/arantv.az\/?p=591331"},"modified":"2023-04-18T20:51:34","modified_gmt":"2023-04-18T16:51:34","slug":"qarabag-v%c9%99-s%c9%99rqi-z%c9%99ng%c9%99zurda-gorulmus-isl%c9%99r-bir-daha-gost%c9%99rir-ki-biz-d%c9%99d%c9%99-baba-torpaqlarimiza-qayitmisiq","status":"publish","type":"post","link":"https:\/\/arantv.az\/?p=591331","title":{"rendered":"\u201cQaraba\u011f v\u0259 \u015e\u0259rqi Z\u0259ng\u0259zurda g\u00f6r\u00fclm\u00fc\u015f i\u015fl\u0259r bir daha g\u00f6st\u0259rir ki, biz d\u0259d\u0259-baba torpaqlar\u0131m\u0131za qay\u0131tm\u0131\u015f\u0131q\u201d"},"content":{"rendered":"<p>\u201cHaz\u0131rda Qaraba\u011f\u0131n v\u0259 \u015e\u0259rqi Z\u0259ng\u0259zurun b\u0259rpa edilm\u0259si m\u0259s\u0259l\u0259si bizim \u00fc\u00e7\u00fcn \u0259sas prioritetdir v\u0259 m\u0259nim b\u00f6lg\u0259l\u0259r\u0259 s\u0259f\u0259rl\u0259rimin \u0259ks\u0259riyy\u0259ti m\u0259hz o b\u00f6lg\u0259l\u0259r\u0259 olan s\u0259f\u0259rl\u0259rdir\u201d.<\/p>\n<p><a href=\"https:\/\/azertag.az\/xeber\/Qarabag_ve_Serqi_Zengezurda_gorulmus_isler_bir_daha_gosterir_ki_biz___bu_torpaqlarin_sahibleri_dede_baba_torpaqlarimiza_qayitmisiq-2578445\" target=\"_blank\" rel=\"noopener\">AZ\u018fRTAC<\/a>\u00a0x\u0259b\u0259r verir ki, bunu Prezident \u0130lham \u018fliyev aprelin 18-d\u0259 Salyan rayonunda Az\u0259rbaycan Televiziyas\u0131na m\u00fcsahib\u0259sind\u0259 deyib.<\/p>\n<p>Qaraba\u011fda v\u0259 \u015e\u0259rqi Z\u0259ng\u0259zurda geni\u015fmiqyasl\u0131 b\u0259rpa-yenid\u0259nqurma i\u015fl\u0259rinin plan\u00a0\u00fczr\u0259 getdiyini vur\u011fulayan d\u00f6vl\u0259timizin ba\u015f\u00e7\u0131s\u0131 bildirib:<\/p>\n<p>\u201cQaraba\u011f v\u0259 \u015e\u0259rqi Z\u0259ng\u0259zurda g\u00f6r\u00fclm\u00fc\u015f i\u015fl\u0259r bir daha onu g\u00f6st\u0259rir ki, biz &#8211; bu torpaqlar\u0131n sahibl\u0259ri \u00f6z do\u011fma d\u0259d\u0259-baba torpaqlar\u0131m\u0131za qay\u0131tm\u0131\u015f\u0131q. Otuz il \u0259rzind\u0259 Erm\u0259nistan bu torpaqlar\u0131 viran qoyub, da\u015f-da\u015f \u00fcst\u0259 qoymay\u0131b, talan\u00e7\u0131l\u0131q v\u0259 soy\u011fun\u00e7uluqla m\u0259\u015f\u011ful olub, barbarl\u0131qla m\u0259\u015f\u011ful olub. Biz &#8211; bu torpaqlar\u0131n sahibl\u0259ri is\u0259 g\u0259lmi\u015fik qurmaq \u00fc\u00e7\u00fcn, yaratmaq \u00fc\u00e7\u00fcn. Ona g\u00f6r\u0259 m\u00fcharib\u0259 ba\u015fa \u00e7atan kimi d\u0259rhal art\u0131q i\u015f\u0259 start verilib\u201d.<\/p>\n","protected":false},"excerpt":{"rendered":"<p>\u201cHaz\u0131rda Qaraba\u011f\u0131n v\u0259 \u015e\u0259rqi Z\u0259ng\u0259zurun b\u0259rpa edilm\u0259si m\u0259s\u0259l\u0259si bizim \u00fc\u00e7\u00fcn \u0259sas prioritetdir v\u0259 m\u0259nim b\u00f6lg\u0259l\u0259r\u0259 s\u0259f\u0259rl\u0259rimin \u0259ks\u0259riyy\u0259ti m\u0259hz o b\u00f6lg\u0259l\u0259r\u0259 olan s\u0259f\u0259rl\u0259rdir\u201d. AZ\u018fRTAC\u00a0x\u0259b\u0259r verir ki, bunu Prezident \u0130lham \u018fliyev aprelin 18-d\u0259 Salyan rayonunda Az\u0259rbaycan Televiziyas\u0131na m\u00fcsahib\u0259sind\u0259 deyib. Qaraba\u011fda v\u0259 \u015e\u0259rqi Z\u0259ng\u0259zurda geni\u015fmiqyasl\u0131 b\u0259rpa-yenid\u0259nqurma i\u015fl\u0259rinin plan\u00a0\u00fczr\u0259 getdiyini vur\u011fulayan d\u00f6vl\u0259timizin ba\u015f\u00e7\u0131s\u0131 bildirib: \u201cQaraba\u011f v\u0259 \u015e\u0259rqi Z\u0259ng\u0259zurda g\u00f6r\u00fclm\u00fc\u015f i\u015fl\u0259r bir daha onu g\u00f6st\u0259rir ki, biz &#8211; bu torpaqlar\u0131n sahibl\u0259ri \u00f6z do\u011fma d\u0259d\u0259-baba torpaqlar\u0131m\u0131za qay\u0131tm\u0131\u015f\u0131q. Otuz il \u0259rzind\u0259 Erm\u0259nistan bu torpaqlar\u0131 viran qoyub, da\u015f-da\u015f \u00fcst\u0259 qoymay\u0131b, talan\u00e7\u0131l\u0131q v\u0259 soy\u011fun\u00e7uluqla m\u0259\u015f\u011ful olub, barbarl\u0131qla m\u0259\u015f\u011ful olub.&hellip;<\/p>\n","protected":false},"author":2,"featured_media":591333,"comment_status":"closed","ping_status":"closed","sticky":false,"template":"","format":"standard","meta":{"om_disable_all_campaigns":false,"_monsterinsights_skip_tracking":false,"_monsterinsights_sitenote_active":false,"_monsterinsights_sitenote_note":"","_monsterinsights_sitenote_category":0},"categories":[4],"tags":[],"aioseo_notices":[],"gutentor_comment":0,"rttpg_featured_image_url":{"full":["https:\/\/arantv.az\/wp-content\/uploads\/2023\/04\/16752350626150812757_1000x669.jpg",620,413,false],"landscape":["https:\/\/arantv.az\/wp-content\/uploads\/2023\/04\/16752350626150812757_1000x669.jpg",620,413,false],"portraits":["https:\/\/arantv.az\/wp-content\/uploads\/2023\/04\/16752350626150812757_1000x669.jpg",620,413,false],"thumbnail":["https:\/\/arantv.az\/wp-content\/uploads\/2023\/04\/16752350626150812757_1000x669-500x280.jpg",500,280,true],"medium":["https:\/\/arantv.az\/wp-content\/uploads\/2023\/04\/16752350626150812757_1000x669-548x365.jpg",548,365,true],"large":["https:\/\/arantv.az\/wp-content\/uploads\/2023\/04\/16752350626150812757_1000x669.jpg",620,413,false],"1536x1536":["https:\/\/arantv.az\/wp-content\/uploads\/2023\/04\/16752350626150812757_1000x669.jpg",620,413,false],"2048x2048":["https:\/\/arantv.az\/wp-content\/uploads\/2023\/04\/16752350626150812757_1000x669.jpg",620,413,false],"post-thumbnail":["https:\/\/arantv.az\/wp-content\/uploads\/2023\/04\/16752350626150812757_1000x669-240x172.jpg",240,172,true],"advps-thumb-one":["https:\/\/arantv.az\/wp-content\/uploads\/2023\/04\/16752350626150812757_1000x669.jpg",620,413,false]},"rttpg_author":{"display_name":"V\u00fcsal Rafiqo\u011flu","author_link":"https:\/\/arantv.az\/?author=2"},"rttpg_comment":0,"rttpg_category":"<a href=\"https:\/\/arantv.az\/?cat=4\" rel=\"category\">Siyas\u0259t<\/a>","rttpg_excerpt":"\u201cHaz\u0131rda Qaraba\u011f\u0131n v\u0259 \u015e\u0259rqi Z\u0259ng\u0259zurun b\u0259rpa edilm\u0259si m\u0259s\u0259l\u0259si bizim \u00fc\u00e7\u00fcn \u0259sas prioritetdir v\u0259 m\u0259nim b\u00f6lg\u0259l\u0259r\u0259 s\u0259f\u0259rl\u0259rimin \u0259ks\u0259riyy\u0259ti m\u0259hz o b\u00f6lg\u0259l\u0259r\u0259 olan s\u0259f\u0259rl\u0259rdir\u201d. AZ\u018fRTAC\u00a0x\u0259b\u0259r verir ki, bunu Prezident \u0130lham \u018fliyev aprelin 18-d\u0259 Salyan rayonunda Az\u0259rbaycan Televiziyas\u0131na m\u00fcsahib\u0259sind\u0259 deyib. Qaraba\u011fda v\u0259 \u015e\u0259rqi Z\u0259ng\u0259zurda geni\u015fmiqyasl\u0131 b\u0259rpa-yenid\u0259nqurma i\u015fl\u0259rinin plan\u00a0\u00fczr\u0259 getdiyini vur\u011fulayan d\u00f6vl\u0259timizin ba\u015f\u00e7\u0131s\u0131 bildirib: \u201cQaraba\u011f v\u0259 \u015e\u0259rqi Z\u0259ng\u0259zurda g\u00f6r\u00fclm\u00fc\u015f&hellip;","_links":{"self":[{"href":"https:\/\/arantv.az\/index.php?rest_route=\/wp\/v2\/posts\/591331"}],"collection":[{"href":"https:\/\/arantv.az\/index.php?rest_route=\/wp\/v2\/posts"}],"about":[{"href":"https:\/\/arantv.az\/index.php?rest_route=\/wp\/v2\/types\/post"}],"author":[{"embeddable":true,"href":"https:\/\/arantv.az\/index.php?rest_route=\/wp\/v2\/users\/2"}],"replies":[{"embeddable":true,"href":"https:\/\/arantv.az\/index.php?rest_route=%2Fwp%2Fv2%2Fcomments&post=591331"}],"version-history":[{"count":0,"href":"https:\/\/arantv.az\/index.php?rest_route=\/wp\/v2\/posts\/591331\/revisions"}],"wp:featuredmedia":[{"embeddable":true,"href":"https:\/\/arantv.az\/index.php?rest_route=\/wp\/v2\/media\/591333"}],"wp:attachment":[{"href":"https:\/\/arantv.az\/index.php?rest_route=%2Fwp%2Fv2%2Fmedia&parent=591331"}],"wp:term":[{"taxonomy":"category","embeddable":true,"href":"https:\/\/arantv.az\/index.php?rest_route=%2Fwp%2Fv2%2Fcategories&post=591331"},{"taxonomy":"post_tag","embeddable":true,"href":"https:\/\/arantv.az\/index.php?rest_route=%2Fwp%2Fv2%2Ftags&post=591331"}],"curies":[{"name":"wp","href":"https:\/\/api.w.org\/{rel}","templated":true}]}}