{"id":591334,"date":"2023-04-18T20:52:12","date_gmt":"2023-04-18T16:52:12","guid":{"rendered":"https:\/\/arantv.az\/?p=591334"},"modified":"2023-04-18T20:52:12","modified_gmt":"2023-04-18T16:52:12","slug":"az%c9%99rbaycan-prezidenti-asan-xidm%c9%99t-bizim-intellektual-m%c9%99hsulumuzun-bir-numun%c9%99sidir-video","status":"publish","type":"post","link":"https:\/\/arantv.az\/?p=591334","title":{"rendered":"Az\u0259rbaycan Prezidenti: \u201cASAN xidm\u0259t\u201d bizim intellektual m\u0259hsulumuzun bir n\u00fcmun\u0259sidir\u201d &#8211; V\u0130DEO"},"content":{"rendered":"<article class=\"news\">\n<div class=\"news-inner\">\n<p>\u201cASAN xidm\u0259t\u201d sistemi bu g\u00fcn d\u00fcnyada art\u0131q Az\u0259rbaycan brendi kimi tan\u0131n\u0131r. \u201cASAN xidm\u0259t\u201d m\u0259rk\u0259zl\u0259rind\u0259 g\u00f6st\u0259ril\u0259n xidm\u0259tl\u0259r \u0259hali t\u0259r\u0259find\u0259n r\u0259\u011fb\u0259tl\u0259 qar\u015f\u0131lan\u0131r v\u0259 b\u0259y\u0259nm\u0259 \u0259msal\u0131 99,8 faizdir\u201d.<\/p>\n<p><a href=\"https:\/\/azertag.az\/xeber\/Azerbaycan_Prezidenti_ASAN_xidmet_bizim_intellektual_mehsulumuzun_bir_numunesidir-2578373\" target=\"_blank\" rel=\"noopener\">AZ\u018fRTAC<\/a>\u00a0x\u0259b\u0259r verir ki, bunu Prezident\u00a0<strong>\u0130lham \u018fliyev<\/strong>\u00a0aprelin 18-d\u0259 Salyan rayonunda \u201cASAN xidm\u0259t\u201d m\u0259rk\u0259zinin a\u00e7\u0131l\u0131\u015f m\u0259rasimind\u0259n sonra Az\u0259rbaycan Televiziyas\u0131na m\u00fcsahib\u0259sind\u0259 deyib.<\/p>\n<p>Salyan rayonunda a\u00e7\u0131l\u0131\u015f\u0131 olan \u201cASAN xidm\u0259t\u201d m\u0259rk\u0259zinin sayca 25-ci m\u0259rk\u0259z oldu\u011funu vur\u011fulayan d\u00f6vl\u0259timizin ba\u015f\u00e7\u0131s\u0131 bildirib:<\/p>\n<p>\u201cD\u00fcnyada art\u0131q ASAN modelini bir ne\u00e7\u0259 \u00f6lk\u0259 t\u0259tbiq edir. Biz bu \u00f6lk\u0259l\u0259r\u0259 metodik d\u0259st\u0259k veririk. Son ill\u0259r \u0259rzind\u0259, y\u0259ni\u00a010 il \u0259rzind\u0259 61 milyon m\u00fcraci\u0259t olmu\u015fdur. Y\u0259ni\u00a0bu xidm\u0259tin yarad\u0131lmas\u0131 faktiki olaraq ictimai xidm\u0259tl\u0259r sah\u0259sind\u0259 bir inqilab idi, bir d\u00f6n\u00fc\u015f n\u00f6qt\u0259si idi v\u0259 haz\u0131rda 300-d\u0259n \u00e7ox xidm\u0259t g\u00f6st\u0259rilir. Bel\u0259likl\u0259, \u201cASAN xidm\u0259t\u201d bizim, o c\u00fcml\u0259d\u0259n intellektual m\u0259hsulumuzun bir n\u00fcmun\u0259sidir v\u0259 eyni zamanda, biz art\u0131q intellektual m\u0259hsul ixrac edirik\u201d.<\/p>\n<div><iframe loading=\"lazy\" title=\"YouTube video player\" src=\"https:\/\/www.youtube.com\/embed\/Ws5o0arSSz4\" width=\"560\" height=\"315\" frameborder=\"0\" allowfullscreen=\"allowfullscreen\" data-mce-fragment=\"1\"><\/iframe><\/div>\n<\/div>\n<\/article>\n","protected":false},"excerpt":{"rendered":"<p>\u201cASAN xidm\u0259t\u201d sistemi bu g\u00fcn d\u00fcnyada art\u0131q Az\u0259rbaycan brendi kimi tan\u0131n\u0131r. \u201cASAN xidm\u0259t\u201d m\u0259rk\u0259zl\u0259rind\u0259 g\u00f6st\u0259ril\u0259n xidm\u0259tl\u0259r \u0259hali t\u0259r\u0259find\u0259n r\u0259\u011fb\u0259tl\u0259 qar\u015f\u0131lan\u0131r v\u0259 b\u0259y\u0259nm\u0259 \u0259msal\u0131 99,8 faizdir\u201d. AZ\u018fRTAC\u00a0x\u0259b\u0259r verir ki, bunu Prezident\u00a0\u0130lham \u018fliyev\u00a0aprelin 18-d\u0259 Salyan rayonunda \u201cASAN xidm\u0259t\u201d m\u0259rk\u0259zinin a\u00e7\u0131l\u0131\u015f m\u0259rasimind\u0259n sonra Az\u0259rbaycan Televiziyas\u0131na m\u00fcsahib\u0259sind\u0259 deyib. Salyan rayonunda a\u00e7\u0131l\u0131\u015f\u0131 olan \u201cASAN xidm\u0259t\u201d m\u0259rk\u0259zinin sayca 25-ci m\u0259rk\u0259z oldu\u011funu vur\u011fulayan d\u00f6vl\u0259timizin ba\u015f\u00e7\u0131s\u0131 bildirib: \u201cD\u00fcnyada art\u0131q ASAN modelini bir ne\u00e7\u0259 \u00f6lk\u0259 t\u0259tbiq edir. Biz bu \u00f6lk\u0259l\u0259r\u0259 metodik d\u0259st\u0259k veririk. Son ill\u0259r \u0259rzind\u0259, y\u0259ni\u00a010 il \u0259rzind\u0259 61 milyon m\u00fcraci\u0259t olmu\u015fdur. Y\u0259ni\u00a0bu xidm\u0259tin yarad\u0131lmas\u0131 faktiki olaraq ictimai&hellip;<\/p>\n","protected":false},"author":2,"featured_media":591336,"comment_status":"closed","ping_status":"closed","sticky":false,"template":"","format":"standard","meta":{"om_disable_all_campaigns":false,"_monsterinsights_skip_tracking":false,"_monsterinsights_sitenote_active":false,"_monsterinsights_sitenote_note":"","_monsterinsights_sitenote_category":0},"categories":[4],"tags":[],"aioseo_notices":[],"gutentor_comment":0,"rttpg_featured_image_url":{"full":["https:\/\/arantv.az\/wp-content\/uploads\/2023\/04\/146238053_3630775633672791_1641405015424624018_o.jpg",620,413,false],"landscape":["https:\/\/arantv.az\/wp-content\/uploads\/2023\/04\/146238053_3630775633672791_1641405015424624018_o.jpg",620,413,false],"portraits":["https:\/\/arantv.az\/wp-content\/uploads\/2023\/04\/146238053_3630775633672791_1641405015424624018_o.jpg",620,413,false],"thumbnail":["https:\/\/arantv.az\/wp-content\/uploads\/2023\/04\/146238053_3630775633672791_1641405015424624018_o-500x280.jpg",500,280,true],"medium":["https:\/\/arantv.az\/wp-content\/uploads\/2023\/04\/146238053_3630775633672791_1641405015424624018_o-548x365.jpg",548,365,true],"large":["https:\/\/arantv.az\/wp-content\/uploads\/2023\/04\/146238053_3630775633672791_1641405015424624018_o.jpg",620,413,false],"1536x1536":["https:\/\/arantv.az\/wp-content\/uploads\/2023\/04\/146238053_3630775633672791_1641405015424624018_o.jpg",620,413,false],"2048x2048":["https:\/\/arantv.az\/wp-content\/uploads\/2023\/04\/146238053_3630775633672791_1641405015424624018_o.jpg",620,413,false],"post-thumbnail":["https:\/\/arantv.az\/wp-content\/uploads\/2023\/04\/146238053_3630775633672791_1641405015424624018_o-240x172.jpg",240,172,true],"advps-thumb-one":["https:\/\/arantv.az\/wp-content\/uploads\/2023\/04\/146238053_3630775633672791_1641405015424624018_o.jpg",620,413,false]},"rttpg_author":{"display_name":"V\u00fcsal Rafiqo\u011flu","author_link":"https:\/\/arantv.az\/?author=2"},"rttpg_comment":0,"rttpg_category":"<a href=\"https:\/\/arantv.az\/?cat=4\" rel=\"category\">Siyas\u0259t<\/a>","rttpg_excerpt":"\u201cASAN xidm\u0259t\u201d sistemi bu g\u00fcn d\u00fcnyada art\u0131q Az\u0259rbaycan brendi kimi tan\u0131n\u0131r. \u201cASAN xidm\u0259t\u201d m\u0259rk\u0259zl\u0259rind\u0259 g\u00f6st\u0259ril\u0259n xidm\u0259tl\u0259r \u0259hali t\u0259r\u0259find\u0259n r\u0259\u011fb\u0259tl\u0259 qar\u015f\u0131lan\u0131r v\u0259 b\u0259y\u0259nm\u0259 \u0259msal\u0131 99,8 faizdir\u201d. AZ\u018fRTAC\u00a0x\u0259b\u0259r verir ki, bunu Prezident\u00a0\u0130lham \u018fliyev\u00a0aprelin 18-d\u0259 Salyan rayonunda \u201cASAN xidm\u0259t\u201d m\u0259rk\u0259zinin a\u00e7\u0131l\u0131\u015f m\u0259rasimind\u0259n sonra Az\u0259rbaycan Televiziyas\u0131na m\u00fcsahib\u0259sind\u0259 deyib. Salyan rayonunda a\u00e7\u0131l\u0131\u015f\u0131 olan \u201cASAN xidm\u0259t\u201d m\u0259rk\u0259zinin sayca 25-ci m\u0259rk\u0259z oldu\u011funu&hellip;","_links":{"self":[{"href":"https:\/\/arantv.az\/index.php?rest_route=\/wp\/v2\/posts\/591334"}],"collection":[{"href":"https:\/\/arantv.az\/index.php?rest_route=\/wp\/v2\/posts"}],"about":[{"href":"https:\/\/arantv.az\/index.php?rest_route=\/wp\/v2\/types\/post"}],"author":[{"embeddable":true,"href":"https:\/\/arantv.az\/index.php?rest_route=\/wp\/v2\/users\/2"}],"replies":[{"embeddable":true,"href":"https:\/\/arantv.az\/index.php?rest_route=%2Fwp%2Fv2%2Fcomments&post=591334"}],"version-history":[{"count":0,"href":"https:\/\/arantv.az\/index.php?rest_route=\/wp\/v2\/posts\/591334\/revisions"}],"wp:featuredmedia":[{"embeddable":true,"href":"https:\/\/arantv.az\/index.php?rest_route=\/wp\/v2\/media\/591336"}],"wp:attachment":[{"href":"https:\/\/arantv.az\/index.php?rest_route=%2Fwp%2Fv2%2Fmedia&parent=591334"}],"wp:term":[{"taxonomy":"category","embeddable":true,"href":"https:\/\/arantv.az\/index.php?rest_route=%2Fwp%2Fv2%2Fcategories&post=591334"},{"taxonomy":"post_tag","embeddable":true,"href":"https:\/\/arantv.az\/index.php?rest_route=%2Fwp%2Fv2%2Ftags&post=591334"}],"curies":[{"name":"wp","href":"https:\/\/api.w.org\/{rel}","templated":true}]}}