{"id":591337,"date":"2023-04-18T20:53:21","date_gmt":"2023-04-18T16:53:21","guid":{"rendered":"https:\/\/arantv.az\/?p=591337"},"modified":"2023-04-18T20:53:21","modified_gmt":"2023-04-18T16:53:21","slug":"ramazan-bayrami-il%c9%99-bagli-m%c9%99kt%c9%99bl%c9%99rd%c9%99-t%c9%99til-gunl%c9%99ri-aciqlanib","status":"publish","type":"post","link":"https:\/\/arantv.az\/?p=591337","title":{"rendered":"Ramazan bayram\u0131 il\u0259 ba\u011fl\u0131 m\u0259kt\u0259bl\u0259rd\u0259 t\u0259til g\u00fcnl\u0259ri a\u00e7\u0131qlan\u0131b"},"content":{"rendered":"<p>Ramazan bayram\u0131 il\u0259 \u0259laq\u0259dar m\u0259kt\u0259bl\u0259rd\u0259 qeyri-i\u015f g\u00fcnl\u0259ri a\u00e7\u0131qlan\u0131b.<\/p>\n<p>Nazirl\u0259r Kabinetinin m\u00fcvafiq q\u0259rar\u0131na \u0259sas\u0259n, 2023-c\u00fc il aprel ay\u0131n\u0131n 21 v\u0259 22-ci g\u00fcnl\u0259ri Ramazan bayram\u0131 g\u00fcnl\u0259ri m\u00fc\u0259yy\u0259n edilib. Bu s\u0259b\u0259bd\u0259n \u018fm\u0259k M\u0259c\u0259ll\u0259sin\u0259 uy\u011fun olaraq, 2023-c\u00fc il aprel ay\u0131n\u0131n 21-24-\u00fc i\u015f g\u00fcnl\u0259ri hesab edilmir.<\/p>\n<p>H\u0259min q\u0259rara \u0259sas\u0259n, be\u015fg\u00fcnl\u00fck i\u015f h\u0259ft\u0259si il\u0259 f\u0259aliyy\u0259t g\u00f6st\u0259r\u0259n t\u0259hsil m\u00fc\u0259ssis\u0259l\u0259rind\u0259 bu h\u0259ft\u0259 son i\u015f g\u00fcn\u00fc 20 aprel, bayramdan sonra ilk i\u015f g\u00fcn\u00fc 25 apreldir. Alt\u0131g\u00fcnl\u00fck i\u015f h\u0259ft\u0259si il\u0259 f\u0259aliyy\u0259t g\u00f6st\u0259r\u0259n t\u0259hsil m\u00fc\u0259ssis\u0259l\u0259rind\u0259 is\u0259 bu h\u0259ft\u0259 son i\u015f g\u00fcn\u00fc 20 aprel, bayramdan sonra ilk i\u015f g\u00fcn\u00fc 24 aprel tarixl\u0259ridir.<\/p>\n<p>Qeyd ed\u0259k ki, bu q\u0259rar \u00fcmumi t\u0259hsil m\u00fc\u0259ssis\u0259l\u0259rinin m\u0259kt\u0259b\u0259haz\u0131rl\u0131q qruplar\u0131na da \u015famil edilir.<\/p>\n","protected":false},"excerpt":{"rendered":"<p>Ramazan bayram\u0131 il\u0259 \u0259laq\u0259dar m\u0259kt\u0259bl\u0259rd\u0259 qeyri-i\u015f g\u00fcnl\u0259ri a\u00e7\u0131qlan\u0131b. Nazirl\u0259r Kabinetinin m\u00fcvafiq q\u0259rar\u0131na \u0259sas\u0259n, 2023-c\u00fc il aprel ay\u0131n\u0131n 21 v\u0259 22-ci g\u00fcnl\u0259ri Ramazan bayram\u0131 g\u00fcnl\u0259ri m\u00fc\u0259yy\u0259n edilib. Bu s\u0259b\u0259bd\u0259n \u018fm\u0259k M\u0259c\u0259ll\u0259sin\u0259 uy\u011fun olaraq, 2023-c\u00fc il aprel ay\u0131n\u0131n 21-24-\u00fc i\u015f g\u00fcnl\u0259ri hesab edilmir. H\u0259min q\u0259rara \u0259sas\u0259n, be\u015fg\u00fcnl\u00fck i\u015f h\u0259ft\u0259si il\u0259 f\u0259aliyy\u0259t g\u00f6st\u0259r\u0259n t\u0259hsil m\u00fc\u0259ssis\u0259l\u0259rind\u0259 bu h\u0259ft\u0259 son i\u015f g\u00fcn\u00fc 20 aprel, bayramdan sonra ilk i\u015f g\u00fcn\u00fc 25 apreldir. Alt\u0131g\u00fcnl\u00fck i\u015f h\u0259ft\u0259si il\u0259 f\u0259aliyy\u0259t g\u00f6st\u0259r\u0259n t\u0259hsil m\u00fc\u0259ssis\u0259l\u0259rind\u0259 is\u0259 bu h\u0259ft\u0259 son i\u015f g\u00fcn\u00fc 20 aprel, bayramdan sonra ilk i\u015f g\u00fcn\u00fc 24 aprel tarixl\u0259ridir.&hellip;<\/p>\n","protected":false},"author":2,"featured_media":509312,"comment_status":"closed","ping_status":"closed","sticky":false,"template":"","format":"standard","meta":{"om_disable_all_campaigns":false,"_monsterinsights_skip_tracking":false,"_monsterinsights_sitenote_active":false,"_monsterinsights_sitenote_note":"","_monsterinsights_sitenote_category":0},"categories":[1],"tags":[],"aioseo_notices":[],"gutentor_comment":0,"rttpg_featured_image_url":{"full":["https:\/\/arantv.az\/wp-content\/uploads\/2022\/08\/mekteb-fobiyasi.jpg",500,350,false],"landscape":["https:\/\/arantv.az\/wp-content\/uploads\/2022\/08\/mekteb-fobiyasi.jpg",500,350,false],"portraits":["https:\/\/arantv.az\/wp-content\/uploads\/2022\/08\/mekteb-fobiyasi.jpg",500,350,false],"thumbnail":["https:\/\/arantv.az\/wp-content\/uploads\/2022\/08\/mekteb-fobiyasi-500x280.jpg",500,280,true],"medium":["https:\/\/arantv.az\/wp-content\/uploads\/2022\/08\/mekteb-fobiyasi.jpg",500,350,false],"large":["https:\/\/arantv.az\/wp-content\/uploads\/2022\/08\/mekteb-fobiyasi.jpg",500,350,false],"1536x1536":["https:\/\/arantv.az\/wp-content\/uploads\/2022\/08\/mekteb-fobiyasi.jpg",500,350,false],"2048x2048":["https:\/\/arantv.az\/wp-content\/uploads\/2022\/08\/mekteb-fobiyasi.jpg",500,350,false],"post-thumbnail":["https:\/\/arantv.az\/wp-content\/uploads\/2022\/08\/mekteb-fobiyasi-240x172.jpg",240,172,true],"advps-thumb-one":["https:\/\/arantv.az\/wp-content\/uploads\/2022\/08\/mekteb-fobiyasi.jpg",500,350,false]},"rttpg_author":{"display_name":"V\u00fcsal Rafiqo\u011flu","author_link":"https:\/\/arantv.az\/?author=2"},"rttpg_comment":0,"rttpg_category":"<a href=\"https:\/\/arantv.az\/?cat=1\" rel=\"category\">C\u0259miyy\u0259t<\/a>","rttpg_excerpt":"Ramazan bayram\u0131 il\u0259 \u0259laq\u0259dar m\u0259kt\u0259bl\u0259rd\u0259 qeyri-i\u015f g\u00fcnl\u0259ri a\u00e7\u0131qlan\u0131b. Nazirl\u0259r Kabinetinin m\u00fcvafiq q\u0259rar\u0131na \u0259sas\u0259n, 2023-c\u00fc il aprel ay\u0131n\u0131n 21 v\u0259 22-ci g\u00fcnl\u0259ri Ramazan bayram\u0131 g\u00fcnl\u0259ri m\u00fc\u0259yy\u0259n edilib. Bu s\u0259b\u0259bd\u0259n \u018fm\u0259k M\u0259c\u0259ll\u0259sin\u0259 uy\u011fun olaraq, 2023-c\u00fc il aprel ay\u0131n\u0131n 21-24-\u00fc i\u015f g\u00fcnl\u0259ri hesab edilmir. H\u0259min q\u0259rara \u0259sas\u0259n, be\u015fg\u00fcnl\u00fck i\u015f h\u0259ft\u0259si il\u0259 f\u0259aliyy\u0259t g\u00f6st\u0259r\u0259n t\u0259hsil m\u00fc\u0259ssis\u0259l\u0259rind\u0259 bu h\u0259ft\u0259 son&hellip;","_links":{"self":[{"href":"https:\/\/arantv.az\/index.php?rest_route=\/wp\/v2\/posts\/591337"}],"collection":[{"href":"https:\/\/arantv.az\/index.php?rest_route=\/wp\/v2\/posts"}],"about":[{"href":"https:\/\/arantv.az\/index.php?rest_route=\/wp\/v2\/types\/post"}],"author":[{"embeddable":true,"href":"https:\/\/arantv.az\/index.php?rest_route=\/wp\/v2\/users\/2"}],"replies":[{"embeddable":true,"href":"https:\/\/arantv.az\/index.php?rest_route=%2Fwp%2Fv2%2Fcomments&post=591337"}],"version-history":[{"count":0,"href":"https:\/\/arantv.az\/index.php?rest_route=\/wp\/v2\/posts\/591337\/revisions"}],"wp:featuredmedia":[{"embeddable":true,"href":"https:\/\/arantv.az\/index.php?rest_route=\/wp\/v2\/media\/509312"}],"wp:attachment":[{"href":"https:\/\/arantv.az\/index.php?rest_route=%2Fwp%2Fv2%2Fmedia&parent=591337"}],"wp:term":[{"taxonomy":"category","embeddable":true,"href":"https:\/\/arantv.az\/index.php?rest_route=%2Fwp%2Fv2%2Fcategories&post=591337"},{"taxonomy":"post_tag","embeddable":true,"href":"https:\/\/arantv.az\/index.php?rest_route=%2Fwp%2Fv2%2Ftags&post=591337"}],"curies":[{"name":"wp","href":"https:\/\/api.w.org\/{rel}","templated":true}]}}