{"id":591339,"date":"2023-04-18T20:53:54","date_gmt":"2023-04-18T16:53:54","guid":{"rendered":"https:\/\/arantv.az\/?p=591339"},"modified":"2023-04-18T20:53:54","modified_gmt":"2023-04-18T16:53:54","slug":"prezident-az%c9%99rbaycan-bolg%c9%99l%c9%99rinin-umumi-inkisafi-h%c9%99m-sosial-xarakter-dasiyir-h%c9%99m-d%c9%99-olk%c9%99mizi-gucl%c9%99ndirir","status":"publish","type":"post","link":"https:\/\/arantv.az\/?p=591339","title":{"rendered":"Prezident: \u201cAz\u0259rbaycan b\u00f6lg\u0259l\u0259rinin \u00fcmumi inki\u015faf\u0131 h\u0259m sosial xarakter da\u015f\u0131y\u0131r, h\u0259m d\u0259 \u00f6lk\u0259mizi g\u00fccl\u0259ndirir\u201d"},"content":{"rendered":"<p>\u201cRegionlar\u0131n sosial-iqtisadi inki\u015faf\u0131 D\u00f6vl\u0259t proqramlar\u0131n\u0131n icras\u0131 n\u0259tic\u0259sind\u0259 b\u00f6lg\u0259l\u0259rd\u0259 \u00e7ox b\u00f6y\u00fck, geni\u015fmiqyasl\u0131 quruculuq i\u015fl\u0259ri apar\u0131l\u0131b\u201d.<\/p>\n<p><a href=\"https:\/\/azertag.az\/xeber\/Prezident_Ilham_Aliyev_Azerbaycan_bolgelerinin_umumi_inkisafi_hem_sosial_xarakter_dasiyir_eyni_zamanda_olkemizi_guclendirir-2578322\" target=\"_blank\" rel=\"noopener\">AZ\u018fRTAC<\/a>\u00a0x\u0259b\u0259r verir ki, bunu Az\u0259rbaycan Prezidenti\u00a0<strong>\u0130lham \u018fliyev\u00a0<\/strong>aprelin 18-d\u0259 Salyan rayonunda Az\u0259rbaycan Televiziyas\u0131na m\u00fcsahib\u0259sind\u0259 deyib.<\/p>\n<p>Bu i\u015fl\u0259rin davam etdirildiyini v\u0259 haz\u0131rda 4-c\u00fc D\u00f6vl\u0259t Proqram\u0131n\u0131n icra olundu\u011funu vur\u011fulayan Az\u0259rbaycan Prezidenti bildirib:<\/p>\n<p>\u201cM\u0259nim d\u0259 b\u00f6lg\u0259l\u0259r\u0259 s\u0259f\u0259rl\u0259rim h\u0259m d\u0259 n\u0259zar\u0259t \u00fc\u00e7\u00fcn bir vasit\u0259dir, y\u0259ni verdiyim tap\u015f\u0131r\u0131qlar nec\u0259 yerin\u0259 yetirilir, eyni zamanda, n\u00f6vb\u0259ti tap\u015f\u0131r\u0131qlar, t\u00f6vsiy\u0259l\u0259r verilir ki, b\u00f6lg\u0259l\u0259rd\u0259 bizim b\u0259yan etdiyimiz b\u00fct\u00fcn h\u0259d\u0259fl\u0259r t\u0259min edilsin, ilk n\u00f6vb\u0259d\u0259, insanlar\u0131n rifah hal\u0131n\u0131n yax\u015f\u0131la\u015fd\u0131r\u0131lmas\u0131, infrastruktur obyektl\u0259rinin yarad\u0131lmas\u0131, o c\u00fcml\u0259d\u0259n sosial infrastrukturla ba\u011fl\u0131 i\u015fl\u0259rin apar\u0131lmas\u0131. Bir s\u00f6zl\u0259, Az\u0259rbaycan b\u00f6lg\u0259l\u0259rinin \u00fcmumi inki\u015faf\u0131 h\u0259m sosial xarakter da\u015f\u0131y\u0131r, eyni zamanda, \u00f6lk\u0259mizi g\u00fccl\u0259ndirir\u201d.<\/p>\n","protected":false},"excerpt":{"rendered":"<p>\u201cRegionlar\u0131n sosial-iqtisadi inki\u015faf\u0131 D\u00f6vl\u0259t proqramlar\u0131n\u0131n icras\u0131 n\u0259tic\u0259sind\u0259 b\u00f6lg\u0259l\u0259rd\u0259 \u00e7ox b\u00f6y\u00fck, geni\u015fmiqyasl\u0131 quruculuq i\u015fl\u0259ri apar\u0131l\u0131b\u201d. AZ\u018fRTAC\u00a0x\u0259b\u0259r verir ki, bunu Az\u0259rbaycan Prezidenti\u00a0\u0130lham \u018fliyev\u00a0aprelin 18-d\u0259 Salyan rayonunda Az\u0259rbaycan Televiziyas\u0131na m\u00fcsahib\u0259sind\u0259 deyib. Bu i\u015fl\u0259rin davam etdirildiyini v\u0259 haz\u0131rda 4-c\u00fc D\u00f6vl\u0259t Proqram\u0131n\u0131n icra olundu\u011funu vur\u011fulayan Az\u0259rbaycan Prezidenti bildirib: \u201cM\u0259nim d\u0259 b\u00f6lg\u0259l\u0259r\u0259 s\u0259f\u0259rl\u0259rim h\u0259m d\u0259 n\u0259zar\u0259t \u00fc\u00e7\u00fcn bir vasit\u0259dir, y\u0259ni verdiyim tap\u015f\u0131r\u0131qlar nec\u0259 yerin\u0259 yetirilir, eyni zamanda, n\u00f6vb\u0259ti tap\u015f\u0131r\u0131qlar, t\u00f6vsiy\u0259l\u0259r verilir ki, b\u00f6lg\u0259l\u0259rd\u0259 bizim b\u0259yan etdiyimiz b\u00fct\u00fcn h\u0259d\u0259fl\u0259r t\u0259min edilsin, ilk n\u00f6vb\u0259d\u0259, insanlar\u0131n rifah hal\u0131n\u0131n yax\u015f\u0131la\u015fd\u0131r\u0131lmas\u0131, infrastruktur obyektl\u0259rinin yarad\u0131lmas\u0131, o c\u00fcml\u0259d\u0259n sosial infrastrukturla ba\u011fl\u0131 i\u015fl\u0259rin apar\u0131lmas\u0131.&hellip;<\/p>\n","protected":false},"author":2,"featured_media":591341,"comment_status":"closed","ping_status":"closed","sticky":false,"template":"","format":"standard","meta":{"om_disable_all_campaigns":false,"_monsterinsights_skip_tracking":false,"_monsterinsights_sitenote_active":false,"_monsterinsights_sitenote_note":"","_monsterinsights_sitenote_category":0},"categories":[4],"tags":[],"aioseo_notices":[],"gutentor_comment":0,"rttpg_featured_image_url":{"full":["https:\/\/arantv.az\/wp-content\/uploads\/2023\/04\/146489343_3630775630339458_5894724052432811821_o-1.jpg",620,413,false],"landscape":["https:\/\/arantv.az\/wp-content\/uploads\/2023\/04\/146489343_3630775630339458_5894724052432811821_o-1.jpg",620,413,false],"portraits":["https:\/\/arantv.az\/wp-content\/uploads\/2023\/04\/146489343_3630775630339458_5894724052432811821_o-1.jpg",620,413,false],"thumbnail":["https:\/\/arantv.az\/wp-content\/uploads\/2023\/04\/146489343_3630775630339458_5894724052432811821_o-1-500x280.jpg",500,280,true],"medium":["https:\/\/arantv.az\/wp-content\/uploads\/2023\/04\/146489343_3630775630339458_5894724052432811821_o-1-548x365.jpg",548,365,true],"large":["https:\/\/arantv.az\/wp-content\/uploads\/2023\/04\/146489343_3630775630339458_5894724052432811821_o-1.jpg",620,413,false],"1536x1536":["https:\/\/arantv.az\/wp-content\/uploads\/2023\/04\/146489343_3630775630339458_5894724052432811821_o-1.jpg",620,413,false],"2048x2048":["https:\/\/arantv.az\/wp-content\/uploads\/2023\/04\/146489343_3630775630339458_5894724052432811821_o-1.jpg",620,413,false],"post-thumbnail":["https:\/\/arantv.az\/wp-content\/uploads\/2023\/04\/146489343_3630775630339458_5894724052432811821_o-1-240x172.jpg",240,172,true],"advps-thumb-one":["https:\/\/arantv.az\/wp-content\/uploads\/2023\/04\/146489343_3630775630339458_5894724052432811821_o-1.jpg",620,413,false]},"rttpg_author":{"display_name":"V\u00fcsal Rafiqo\u011flu","author_link":"https:\/\/arantv.az\/?author=2"},"rttpg_comment":0,"rttpg_category":"<a href=\"https:\/\/arantv.az\/?cat=4\" rel=\"category\">Siyas\u0259t<\/a>","rttpg_excerpt":"\u201cRegionlar\u0131n sosial-iqtisadi inki\u015faf\u0131 D\u00f6vl\u0259t proqramlar\u0131n\u0131n icras\u0131 n\u0259tic\u0259sind\u0259 b\u00f6lg\u0259l\u0259rd\u0259 \u00e7ox b\u00f6y\u00fck, geni\u015fmiqyasl\u0131 quruculuq i\u015fl\u0259ri apar\u0131l\u0131b\u201d. AZ\u018fRTAC\u00a0x\u0259b\u0259r verir ki, bunu Az\u0259rbaycan Prezidenti\u00a0\u0130lham \u018fliyev\u00a0aprelin 18-d\u0259 Salyan rayonunda Az\u0259rbaycan Televiziyas\u0131na m\u00fcsahib\u0259sind\u0259 deyib. Bu i\u015fl\u0259rin davam etdirildiyini v\u0259 haz\u0131rda 4-c\u00fc D\u00f6vl\u0259t Proqram\u0131n\u0131n icra olundu\u011funu vur\u011fulayan Az\u0259rbaycan Prezidenti bildirib: \u201cM\u0259nim d\u0259 b\u00f6lg\u0259l\u0259r\u0259 s\u0259f\u0259rl\u0259rim h\u0259m d\u0259 n\u0259zar\u0259t \u00fc\u00e7\u00fcn bir vasit\u0259dir, y\u0259ni verdiyim&hellip;","_links":{"self":[{"href":"https:\/\/arantv.az\/index.php?rest_route=\/wp\/v2\/posts\/591339"}],"collection":[{"href":"https:\/\/arantv.az\/index.php?rest_route=\/wp\/v2\/posts"}],"about":[{"href":"https:\/\/arantv.az\/index.php?rest_route=\/wp\/v2\/types\/post"}],"author":[{"embeddable":true,"href":"https:\/\/arantv.az\/index.php?rest_route=\/wp\/v2\/users\/2"}],"replies":[{"embeddable":true,"href":"https:\/\/arantv.az\/index.php?rest_route=%2Fwp%2Fv2%2Fcomments&post=591339"}],"version-history":[{"count":0,"href":"https:\/\/arantv.az\/index.php?rest_route=\/wp\/v2\/posts\/591339\/revisions"}],"wp:featuredmedia":[{"embeddable":true,"href":"https:\/\/arantv.az\/index.php?rest_route=\/wp\/v2\/media\/591341"}],"wp:attachment":[{"href":"https:\/\/arantv.az\/index.php?rest_route=%2Fwp%2Fv2%2Fmedia&parent=591339"}],"wp:term":[{"taxonomy":"category","embeddable":true,"href":"https:\/\/arantv.az\/index.php?rest_route=%2Fwp%2Fv2%2Fcategories&post=591339"},{"taxonomy":"post_tag","embeddable":true,"href":"https:\/\/arantv.az\/index.php?rest_route=%2Fwp%2Fv2%2Ftags&post=591339"}],"curies":[{"name":"wp","href":"https:\/\/api.w.org\/{rel}","templated":true}]}}