{"id":591361,"date":"2023-04-18T20:58:28","date_gmt":"2023-04-18T16:58:28","guid":{"rendered":"https:\/\/arantv.az\/?p=591361"},"modified":"2023-04-18T20:58:28","modified_gmt":"2023-04-18T16:58:28","slug":"israild%c9%99-az%c9%99rbaycan-evi-beyn%c9%99lxalq-birliyi-erm%c9%99nistanin-zorakiliq-aktlarina-huquqi-qiym%c9%99t-verm%c9%99y%c9%99-cagirib","status":"publish","type":"post","link":"https:\/\/arantv.az\/?p=591361","title":{"rendered":"\u201c\u0130sraild\u0259 Az\u0259rbaycan Evi\u201d beyn\u0259lxalq birliyi Erm\u0259nistan\u0131n zorak\u0131l\u0131q aktlar\u0131na h\u00fcquqi qiym\u0259t verm\u0259y\u0259 \u00e7a\u011f\u0131r\u0131b"},"content":{"rendered":"<p>Erm\u0259nistan t\u0259r\u0259find\u0259n \u0259sir g\u00f6t\u00fcr\u00fclm\u00fc\u015f Az\u0259rbaycan h\u0259rb\u00e7il\u0259rin\u0259 i\u015fg\u0259nc\u0259 verilm\u0259si fakt\u0131 \u0130sraild\u0259 f\u0259aliyy\u0259t g\u00f6st\u0259r\u0259n diasporumuzun k\u0259skin etiraz\u0131na s\u0259b\u0259b olub.<\/p>\n<p>\u201c\u0130sraild\u0259 Az\u0259rbaycan Evi\u201d diaspor t\u0259\u015fkilat\u0131n\u0131n ad\u0131ndan beyn\u0259lxalq qurumlara \u00fcnvanlanan b\u0259yanatda Az\u0259rbaycan Ordusu \u0259sg\u0259rl\u0259rinin \u2013 2004-c\u00fc il t\u0259v\u0259ll\u00fcdl\u00fc\u00a0Aq\u015fin Qabil o\u011flu B\u0259birovun v\u0259 2003-c\u00fc il t\u0259v\u0259ll\u00fcdl\u00fc\u00a0H\u00fcseyn \u018fhliman o\u011flu Axundovun Erm\u0259nistana hans\u0131 \u015f\u0259raitd\u0259 \u0259sir d\u00fc\u015fm\u0259l\u0259rin\u0259 ayd\u0131nl\u0131q g\u0259tirilib. Az\u0259rbaycanl\u0131 h\u0259rb\u00e7il\u0259r\u0259 qar\u015f\u0131 t\u00f6r\u0259dilmi\u015f qeyri-insani\u00a0h\u0259r\u0259k\u0259tl\u0259r\u0259 diqq\u0259t c\u0259lb edilib, bu cinay\u0259tkar insident beyn\u0259lxalq humanitar qanunlar\u0131n Erm\u0259nistan t\u0259r\u0259find\u0259n kobudcas\u0131na pozulmas\u0131 kimi qiym\u0259tl\u0259ndirilib.<\/p>\n<p>M\u00fcvafiq beyn\u0259lxalq t\u0259\u015fkilatlar\u0131n t\u0259kc\u0259 bu cinay\u0259tkar insidenti deyil, h\u0259m d\u0259 Erm\u0259nistan t\u0259r\u0259find\u0259n son 30 ild\u0259n art\u0131q m\u00fcdd\u0259t \u0259rzind\u0259 itkin d\u00fc\u015fm\u00fc\u015f 3890 n\u0259f\u0259r az\u0259rbaycanl\u0131ya qar\u015f\u0131 zorak\u0131l\u0131q\u00a0aktlar\u0131n\u0131 ara\u015fd\u0131rmas\u0131n\u0131n v\u0259 h\u00fcquqi qiym\u0259t verm\u0259sinin vacibliyi vur\u011fulan\u0131b. Erm\u0259nistan\u0131n m\u00fch\u00fcm beyn\u0259lxalq aktlar\u0131, o c\u00fcml\u0259d\u0259n Cenevr\u0259 Konvensiyas\u0131, \u0130\u015fg\u0259nc\u0259 v\u0259 dig\u0259r q\u0259ddar, qeyri-insani v\u0259 ya l\u0259yaq\u0259ti al\u00e7aldan r\u0259ftar v\u0259 ya c\u0259za \u0259leyhin\u0259 Konvensiyalar \u00fczr\u0259 \u00f6hd\u0259likl\u0259rini yerin\u0259 yetirm\u0259diyi bir daha n\u0259z\u0259r\u0259 \u00e7atd\u0131r\u0131l\u0131b.<\/p>\n<p>Az\u0259rbaycan h\u0259rb\u00e7il\u0259rin\u0259 i\u015fg\u0259nc\u0259 verilm\u0259sini q\u0259tiyy\u0259tl\u0259 pisl\u0259y\u0259n \u201c\u0130sraild\u0259 Az\u0259rbaycan Evi\u201d beyn\u0259lxalq t\u0259\u015fkilatlar\u0131 Erm\u0259nistan h\u00f6kum\u0259tinin v\u0259 bu cinay\u0259ti t\u00f6r\u0259tmi\u015f \u015f\u0259xsl\u0259rin h\u0259r\u0259k\u0259tl\u0259rin\u0259 h\u00fcquqi qiym\u0259t verm\u0259y\u0259, az\u0259rbaycanl\u0131 h\u0259rbi qulluq\u00e7ular\u0131n d\u0259rhal v\u0259 qeyd-\u015f\u0259rtsiz azad olunmas\u0131n\u0131 t\u0259min etm\u0259y\u0259 \u00e7a\u011f\u0131r\u0131b.<\/p>\n<p>&nbsp;<\/p>\n<div class=\"gallery\">\n<div class=\"gallery-i\"><img src=\"https:\/\/cdn.oxu.az\/uploads\/W1siZiIsIjIwMjMvMDQvMTgvMTMvMjkvMTQvOTk4OGQ5NmQtNjczYi00ZTVhLTlhOGItOGY3YzZkMzE3ZDE5LzM0MDk5MzI2Ml8yNTE0ODYzMzEyMDI0MDk5XzI4MTQ2MDA1ODA0Mjc5OTg4OTJfbi5wbmciXSxbInAiLCJlbmNvZGUiLCJqcGciLCItcXVhbGl0eSA4MCJdLFsicCIsInRodW1iIiwiNTkweDU5MFx1MDAzZSJdXQ?sha=13f971df747a3925\" alt=\"\" \/><\/div>\n<\/div>\n","protected":false},"excerpt":{"rendered":"<p>Erm\u0259nistan t\u0259r\u0259find\u0259n \u0259sir g\u00f6t\u00fcr\u00fclm\u00fc\u015f Az\u0259rbaycan h\u0259rb\u00e7il\u0259rin\u0259 i\u015fg\u0259nc\u0259 verilm\u0259si fakt\u0131 \u0130sraild\u0259 f\u0259aliyy\u0259t g\u00f6st\u0259r\u0259n diasporumuzun k\u0259skin etiraz\u0131na s\u0259b\u0259b olub. \u201c\u0130sraild\u0259 Az\u0259rbaycan Evi\u201d diaspor t\u0259\u015fkilat\u0131n\u0131n ad\u0131ndan beyn\u0259lxalq qurumlara \u00fcnvanlanan b\u0259yanatda Az\u0259rbaycan Ordusu \u0259sg\u0259rl\u0259rinin \u2013 2004-c\u00fc il t\u0259v\u0259ll\u00fcdl\u00fc\u00a0Aq\u015fin Qabil o\u011flu B\u0259birovun v\u0259 2003-c\u00fc il t\u0259v\u0259ll\u00fcdl\u00fc\u00a0H\u00fcseyn \u018fhliman o\u011flu Axundovun Erm\u0259nistana hans\u0131 \u015f\u0259raitd\u0259 \u0259sir d\u00fc\u015fm\u0259l\u0259rin\u0259 ayd\u0131nl\u0131q g\u0259tirilib. Az\u0259rbaycanl\u0131 h\u0259rb\u00e7il\u0259r\u0259 qar\u015f\u0131 t\u00f6r\u0259dilmi\u015f qeyri-insani\u00a0h\u0259r\u0259k\u0259tl\u0259r\u0259 diqq\u0259t c\u0259lb edilib, bu cinay\u0259tkar insident beyn\u0259lxalq humanitar qanunlar\u0131n Erm\u0259nistan t\u0259r\u0259find\u0259n kobudcas\u0131na pozulmas\u0131 kimi qiym\u0259tl\u0259ndirilib. M\u00fcvafiq beyn\u0259lxalq t\u0259\u015fkilatlar\u0131n t\u0259kc\u0259 bu cinay\u0259tkar insidenti deyil, h\u0259m d\u0259 Erm\u0259nistan t\u0259r\u0259find\u0259n son 30 ild\u0259n art\u0131q m\u00fcdd\u0259t \u0259rzind\u0259 itkin&hellip;<\/p>\n","protected":false},"author":2,"featured_media":591366,"comment_status":"closed","ping_status":"closed","sticky":false,"template":"","format":"standard","meta":{"om_disable_all_campaigns":false,"_monsterinsights_skip_tracking":false,"_monsterinsights_sitenote_active":false,"_monsterinsights_sitenote_note":"","_monsterinsights_sitenote_category":0},"categories":[4],"tags":[],"aioseo_notices":[],"gutentor_comment":0,"rttpg_featured_image_url":{"full":["https:\/\/arantv.az\/wp-content\/uploads\/2023\/04\/FotoJet-37-2.jpg",620,413,false],"landscape":["https:\/\/arantv.az\/wp-content\/uploads\/2023\/04\/FotoJet-37-2.jpg",620,413,false],"portraits":["https:\/\/arantv.az\/wp-content\/uploads\/2023\/04\/FotoJet-37-2.jpg",620,413,false],"thumbnail":["https:\/\/arantv.az\/wp-content\/uploads\/2023\/04\/FotoJet-37-2-500x280.jpg",500,280,true],"medium":["https:\/\/arantv.az\/wp-content\/uploads\/2023\/04\/FotoJet-37-2-548x365.jpg",548,365,true],"large":["https:\/\/arantv.az\/wp-content\/uploads\/2023\/04\/FotoJet-37-2.jpg",620,413,false],"1536x1536":["https:\/\/arantv.az\/wp-content\/uploads\/2023\/04\/FotoJet-37-2.jpg",620,413,false],"2048x2048":["https:\/\/arantv.az\/wp-content\/uploads\/2023\/04\/FotoJet-37-2.jpg",620,413,false],"post-thumbnail":["https:\/\/arantv.az\/wp-content\/uploads\/2023\/04\/FotoJet-37-2-240x172.jpg",240,172,true],"advps-thumb-one":["https:\/\/arantv.az\/wp-content\/uploads\/2023\/04\/FotoJet-37-2.jpg",620,413,false]},"rttpg_author":{"display_name":"V\u00fcsal Rafiqo\u011flu","author_link":"https:\/\/arantv.az\/?author=2"},"rttpg_comment":0,"rttpg_category":"<a href=\"https:\/\/arantv.az\/?cat=4\" rel=\"category\">Siyas\u0259t<\/a>","rttpg_excerpt":"Erm\u0259nistan t\u0259r\u0259find\u0259n \u0259sir g\u00f6t\u00fcr\u00fclm\u00fc\u015f Az\u0259rbaycan h\u0259rb\u00e7il\u0259rin\u0259 i\u015fg\u0259nc\u0259 verilm\u0259si fakt\u0131 \u0130sraild\u0259 f\u0259aliyy\u0259t g\u00f6st\u0259r\u0259n diasporumuzun k\u0259skin etiraz\u0131na s\u0259b\u0259b olub. \u201c\u0130sraild\u0259 Az\u0259rbaycan Evi\u201d diaspor t\u0259\u015fkilat\u0131n\u0131n ad\u0131ndan beyn\u0259lxalq qurumlara \u00fcnvanlanan b\u0259yanatda Az\u0259rbaycan Ordusu \u0259sg\u0259rl\u0259rinin \u2013 2004-c\u00fc il t\u0259v\u0259ll\u00fcdl\u00fc\u00a0Aq\u015fin Qabil o\u011flu B\u0259birovun v\u0259 2003-c\u00fc il t\u0259v\u0259ll\u00fcdl\u00fc\u00a0H\u00fcseyn \u018fhliman o\u011flu Axundovun Erm\u0259nistana hans\u0131 \u015f\u0259raitd\u0259 \u0259sir d\u00fc\u015fm\u0259l\u0259rin\u0259 ayd\u0131nl\u0131q g\u0259tirilib. Az\u0259rbaycanl\u0131 h\u0259rb\u00e7il\u0259r\u0259 qar\u015f\u0131 t\u00f6r\u0259dilmi\u015f&hellip;","_links":{"self":[{"href":"https:\/\/arantv.az\/index.php?rest_route=\/wp\/v2\/posts\/591361"}],"collection":[{"href":"https:\/\/arantv.az\/index.php?rest_route=\/wp\/v2\/posts"}],"about":[{"href":"https:\/\/arantv.az\/index.php?rest_route=\/wp\/v2\/types\/post"}],"author":[{"embeddable":true,"href":"https:\/\/arantv.az\/index.php?rest_route=\/wp\/v2\/users\/2"}],"replies":[{"embeddable":true,"href":"https:\/\/arantv.az\/index.php?rest_route=%2Fwp%2Fv2%2Fcomments&post=591361"}],"version-history":[{"count":0,"href":"https:\/\/arantv.az\/index.php?rest_route=\/wp\/v2\/posts\/591361\/revisions"}],"wp:featuredmedia":[{"embeddable":true,"href":"https:\/\/arantv.az\/index.php?rest_route=\/wp\/v2\/media\/591366"}],"wp:attachment":[{"href":"https:\/\/arantv.az\/index.php?rest_route=%2Fwp%2Fv2%2Fmedia&parent=591361"}],"wp:term":[{"taxonomy":"category","embeddable":true,"href":"https:\/\/arantv.az\/index.php?rest_route=%2Fwp%2Fv2%2Fcategories&post=591361"},{"taxonomy":"post_tag","embeddable":true,"href":"https:\/\/arantv.az\/index.php?rest_route=%2Fwp%2Fv2%2Ftags&post=591361"}],"curies":[{"name":"wp","href":"https:\/\/api.w.org\/{rel}","templated":true}]}}