{"id":59173,"date":"2019-05-18T10:57:19","date_gmt":"2019-05-18T07:57:19","guid":{"rendered":"http:\/\/arantv.az\/?p=59173"},"modified":"2019-05-18T10:57:19","modified_gmt":"2019-05-18T07:57:19","slug":"hikm%c9%99t-babaoglu-avropa-ittifaqi-il%c9%99-az%c9%99rbaycan-arasindaki-munasib%c9%99tl%c9%99r-h%c9%99r-iki-t%c9%99r%c9%99f-ucun-strateji-xarakterli-munasib%c9%99tl%c9%99rdir","status":"publish","type":"post","link":"https:\/\/arantv.az\/?p=59173","title":{"rendered":"Hikm\u0259t Babao\u011flu: &#8220;Avropa \u0130ttifaq\u0131 il\u0259 Az\u0259rbaycan aras\u0131ndak\u0131 m\u00fcnasib\u0259tl\u0259r h\u0259r iki t\u0259r\u0259f \u00fc\u00e7\u00fcn strateji xarakterli m\u00fcnasib\u0259tl\u0259rdir&#8221;"},"content":{"rendered":"<p>&#8220;Avropa \u0130ttifaq\u0131 il\u0259 Az\u0259rbaycan aras\u0131ndak\u0131 m\u00fcnasib\u0259tl\u0259r h\u0259r iki t\u0259r\u0259f \u00fc\u00e7\u00fcn strateji xarakterli m\u00fcnasib\u0259tl\u0259rdir. Az\u0259rbaycan \u00fc\u00e7\u00fcn bu m\u00fcnasib\u0259tl\u0259rin y\u00fcks\u0259k s\u0259viyy\u0259d\u0259 qurulmas\u0131\u00a0 h\u0259m siyasi h\u0259m d\u0259 iqtisadi bax\u0131mdan olduqca \u0259h\u0259miyy\u0259tlidir. \u00c7\u00fcnki A\u0130 haz\u0131rda d\u00fcnya siyas\u0259tini m\u00fc\u0259yy\u0259nl\u0259\u015fdir\u0259n , beyn\u0259lxalq nizam\u0131n keyfiyy\u0259tin\u0259 m\u00fch\u00fcm t\u0259sir g\u00f6st\u0259r\u0259n kollektiv ittifaq olmaqla h\u0259m d\u0259 h\u0259rbi &#8211; siyasi bax\u0131mdan d\u00fcnya siyas\u0259tind\u0259 imperativ\u00a0 g\u00fcc m\u0259rk\u0259zl\u0259rind\u0259n biri kimi \u00e7\u0131x\u0131\u015f\u00a0 etm\u0259yi bacar\u0131r\u0131r . D\u00fcnyan\u0131n yeni s\u0259naye inqilab\u0131n\u0131n\u00a0 v\u0259 21-ci \u0259srin innovasiyalar ve yeni texnalogiyalar m\u0259rk\u0259zind\u0259n biridir . Avropa \u00fc\u00e7\u00fcns\u0259 Az\u0259rbaycan yeni alternativ enerji t\u0259hl\u00fck\u0259sizliyi v\u0259 m\u00fch\u00fcm beyn\u0259lxalq\u00a0 n\u0259qliyyat &#8211; kommunikasiya qov\u015fa\u011f\u0131d\u0131r. Eyni zamanda klassik \u015e\u0259rq\u0259 v\u0259 Asiyaya do\u011fru uzanan strateji yolda m\u00fch\u00fcm geostrateji rayondur .\u018fg\u0259r b\u00fct\u00fcn bunlar\u0131 bir d\u0259\u00a0 m\u0259skun oldu\u011fumuz siyasi- co\u011frafiyan\u0131n 2011-ci ild\u0259n sonra formala\u015fmaqda olan\u00a0 yeni h\u0259rbi-siyasi reall\u0131qlar\u0131 konteksind\u0259 qiym\u0259tl\u0259ndirs\u0259k o zaman bir daha \u00f6lk\u0259mizin Avropa \u0130ttifaq\u0131na \u00fczv olan d\u00f6vl\u0259tl\u0259r \u00fc\u00e7\u00fcn n\u0259 q\u0259d\u0259r \u0259h\u0259miyy\u0259tli oldu\u011funu g\u00f6r\u0259 bil\u0259rik&#8221;.<\/p>\n<p><strong>ARANTV.AZ<\/strong>\u00a0 bildirir ki, bu fikirl\u0259ri Milli M\u0259clisin deputat\u0131, &#8220;Yeni Az\u0259rbaycan&#8221; q\u0259zetinin ba\u015f redaktoru\u00a0<strong>Hikm\u0259t Babao\u011flu<\/strong>\u00a0deyib.<\/p>\n<p>Hikm\u0259t Babao\u011flu bildirib ki,\u00a0 hazirki m\u00fcr\u0259kk\u0259b beyn\u0259lxalq\u00a0 \u015f\u0259rtl\u0259r v\u0259 ikili standartlar siyas\u0259ti m\u0259rh\u0259l\u0259sind\u0259\u00a0 \u00a0proqnozla\u015fd\u0131r\u0131la bilin\u0259n v\u0259 g\u00fcv\u0259nil\u0259n t\u0259r\u0259fda\u015f olmaq olduqca \u00e7\u0259tindir. Ancaq Az\u0259rbaycan \u00f6z t\u0259r\u0259fda\u015flar\u0131 il\u0259 m\u00fcnasib\u0259td\u0259 bunular\u0131\u00a0 qoruma\u011f\u0131 bacar\u0131r , \u00f6z milli maraqlar\u0131n\u0131 t\u0259r\u0259fda\u015flar\u0131n\u0131n\u00a0 maraqlar\u0131 il\u0259 ustal\u0131qla uzla\u015fd\u0131ra bilir .Ona g\u00f6r\u0259 d\u0259 Avropa \u0130ttifaq\u0131 \u015euras\u0131n\u0131n prezidenti Donald Tusk Az\u0259rbaycan prezidenti \u0130lham \u018fliyevl\u0259 Br\u00fcsseld\u0259 g\u00f6r\u00fc\u015f\u0259rk\u0259n m\u0259hz bu m\u0259s\u0259l\u0259ni \u00f6n\u0259 \u00e7\u0259k\u0259r\u0259k Az\u0259rbaycan\u0131 Avropa \u0130ttifaq\u0131n\u0131n etibarl\u0131 v\u0259 m\u0259suliyy\u0259tli t\u0259r\u0259fda\u015f\u0131 adland\u0131rd\u0131 .Bu fikir \u0259slind\u0259 t\u0259r\u0259fl\u0259r aras\u0131nda m\u00fcnasib\u0259tl\u0259rin keyfiyy\u0259t g\u00f6st\u0259ricisi kimi d\u0259 qiym\u0259tl\u0259ndiril\u0259 bil\u0259r.<br \/>\nMill\u0259t v\u0259kili deyib ki, haz\u0131rda A\u0130 il\u0259\u00a0 Az\u0259rbaycan aras\u0131nda m\u00f6vcud olan\u00a0 siyasi-iqtisadi m\u00fcnasib\u0259tl\u0259rin\u00a0 qar\u015f\u0131l\u0131ql\u0131 dinamizmi \u0259m\u0259kda\u015fl\u0131\u011f\u0131n daha geni\u015f platformaya transfer olmas\u0131n\u0131 \u015f\u0259trl\u0259ndirir ki , bu da h\u0259r iki t\u0259r\u0259fin maraqlar\u0131 \u00e7\u0259r\u00e7iv\u0259sind\u0259d\u0259ir. Ona g\u00f6r\u0259 d\u0259 2018- ci ild\u0259 t\u0259r\u0259fl\u0259r aras\u0131nda g\u0259l\u0259c\u0259k m\u00fcnasib\u0259tl\u0259ri h\u00fcquqi m\u00fcst\u0259vid\u0259 t\u0259nziml\u0259y\u0259c\u0259k yeni \u00e7\u0259r\u00e7iv\u0259 layih\u0259si hesab edil\u0259 bil\u0259c\u0259k\u00a0 T\u0259r\u0259fda\u015fl\u0131q prioritetl\u0259ri adl\u0131 s\u0259n\u0259d parafland\u0131 v\u0259 bu s\u0259n\u0259dd\u0259 bir daha\u00a0 A\u0130 Az\u0259rbaycan\u0131n \u0259razi b\u00fct\u00f6vl\u00fcy\u00fc v\u0259 suverenliyin\u0259 \u00f6z d\u0259st\u0259yini a\u00e7\u0131q \u015f\u0259kild\u0259 ifad\u0259 etdi . Bu \u00f6lk\u0259miz \u00fc\u00e7\u00fcn olduqca \u0259h\u0259miyy\u0259tlidir.<\/p>\n<p>&#8220;\u00c7\u00fcnki Az\u0259rbaycan Prezidenti \u0130lham \u018fliyevin xarici siyas\u0259t kursunda\u00a0 ba\u015fl\u0131ca strateji m\u0259qs\u0259d \u00f6lk\u0259mizin \u0259razi b\u00fct\u00f6vl\u00fcy\u00fcn\u00fcn b\u0259rpa olunmas\u0131d\u0131r. A\u0130 kimi n\u00fcfuzlu beyn\u0259lxalq aktorun bu m\u0259s\u0259l\u0259d\u0259 d\u0259st\u0259yin\u0259 nail olmaq bizim \u00fc\u00e7\u00fcn vacib \u0259h\u0259miyy\u0259tli m\u0259s\u0259l\u0259dir . El\u0259 D\u00f6vl\u0259timizin ba\u015f\u00e7\u0131s\u0131n\u0131n\u00a0 Avropa \u0130ttifaq\u0131 \u015euras\u0131n\u0131n prezidenti Donald Tuskala g\u00f6r\u00fc\u015fd\u0259 bir daha\u00a0 Erm\u0259nistan-Az\u0259rbaycan Da\u011fl\u0131q Qaraba\u011f m\u00fcnaqi\u015f\u0259sinin h\u0259lli \u00fczr\u0259\u00a0 \u00a0apar\u0131lan dan\u0131\u015f\u0131qlar\u00a0 toxunmas\u0131,\u00a0 Az\u0259rbaycan v\u0259 Avropa \u0130ttifaq\u0131 aras\u0131nda imzalanm\u0131\u015f &#8220;T\u0259r\u0259fda\u015fl\u0131q prioritetl\u0259ri&#8221; s\u0259n\u0259dinin \u0259h\u0259miyy\u0259ti , h\u0259m\u00e7inin t\u0259r\u0259fl\u0259r aras\u0131nda \u00fcz\u0259rind\u0259 dan\u0131\u015f\u0131qlar apar\u0131lan t\u0259r\u0259fda\u015fl\u0131q sazi\u015fi il\u0259 ba\u011fl\u0131 fikir m\u00fcbadil\u0259sinin apar\u0131lmas\u0131 bir daha bu t\u0259r\u0259fda\u015fl\u0131\u011f\u0131n n\u0259 q\u0259d\u0259r \u0259h\u0259miyy\u0259tli olmas\u0131ndan x\u0259b\u0259r verir . Qar\u015f\u0131l\u0131ql\u0131 etimad v\u0259 maraqlar \u0259sas\u0131nda inki\u015faf ed\u0259n bu m\u00fcnasib\u0259tl\u0259r g\u0259l\u0259c\u0259k perespektivd\u0259 d\u0259 h\u0259r iki t\u0259r\u0259f\u0259 m\u00fch\u00fcm dividentl\u0259r v\u0259d edir&#8221;-dey\u0259, deputat qeyd edib.<\/p>\n","protected":false},"excerpt":{"rendered":"<p>&#8220;Avropa \u0130ttifaq\u0131 il\u0259 Az\u0259rbaycan aras\u0131ndak\u0131 m\u00fcnasib\u0259tl\u0259r h\u0259r iki t\u0259r\u0259f \u00fc\u00e7\u00fcn strateji xarakterli m\u00fcnasib\u0259tl\u0259rdir. Az\u0259rbaycan \u00fc\u00e7\u00fcn bu m\u00fcnasib\u0259tl\u0259rin y\u00fcks\u0259k s\u0259viyy\u0259d\u0259 qurulmas\u0131\u00a0 h\u0259m siyasi h\u0259m d\u0259 iqtisadi bax\u0131mdan olduqca \u0259h\u0259miyy\u0259tlidir. \u00c7\u00fcnki A\u0130 haz\u0131rda d\u00fcnya siyas\u0259tini m\u00fc\u0259yy\u0259nl\u0259\u015fdir\u0259n , beyn\u0259lxalq nizam\u0131n keyfiyy\u0259tin\u0259 m\u00fch\u00fcm t\u0259sir g\u00f6st\u0259r\u0259n kollektiv ittifaq olmaqla h\u0259m d\u0259 h\u0259rbi &#8211; siyasi bax\u0131mdan d\u00fcnya siyas\u0259tind\u0259 imperativ\u00a0 g\u00fcc m\u0259rk\u0259zl\u0259rind\u0259n biri kimi \u00e7\u0131x\u0131\u015f\u00a0 etm\u0259yi bacar\u0131r\u0131r . D\u00fcnyan\u0131n yeni s\u0259naye inqilab\u0131n\u0131n\u00a0 v\u0259 21-ci \u0259srin innovasiyalar ve yeni texnalogiyalar m\u0259rk\u0259zind\u0259n biridir . Avropa \u00fc\u00e7\u00fcns\u0259 Az\u0259rbaycan yeni alternativ enerji t\u0259hl\u00fck\u0259sizliyi v\u0259 m\u00fch\u00fcm beyn\u0259lxalq\u00a0 n\u0259qliyyat &#8211; kommunikasiya qov\u015fa\u011f\u0131d\u0131r. Eyni&hellip;<\/p>\n","protected":false},"author":2,"featured_media":59174,"comment_status":"closed","ping_status":"closed","sticky":false,"template":"","format":"standard","meta":{"om_disable_all_campaigns":false,"_monsterinsights_skip_tracking":false,"_monsterinsights_sitenote_active":false,"_monsterinsights_sitenote_note":"","_monsterinsights_sitenote_category":0},"categories":[4],"tags":[],"aioseo_notices":[],"gutentor_comment":0,"rttpg_featured_image_url":{"full":["https:\/\/arantv.az\/wp-content\/uploads\/2019\/05\/755613-1.jpg",800,600,false],"landscape":["https:\/\/arantv.az\/wp-content\/uploads\/2019\/05\/755613-1.jpg",800,600,false],"portraits":["https:\/\/arantv.az\/wp-content\/uploads\/2019\/05\/755613-1.jpg",800,600,false],"thumbnail":["https:\/\/arantv.az\/wp-content\/uploads\/2019\/05\/755613-1-150x150.jpg",150,150,true],"medium":["https:\/\/arantv.az\/wp-content\/uploads\/2019\/05\/755613-1-300x225.jpg",300,225,true],"large":["https:\/\/arantv.az\/wp-content\/uploads\/2019\/05\/755613-1.jpg",640,480,false],"1536x1536":["https:\/\/arantv.az\/wp-content\/uploads\/2019\/05\/755613-1.jpg",800,600,false],"2048x2048":["https:\/\/arantv.az\/wp-content\/uploads\/2019\/05\/755613-1.jpg",800,600,false],"post-thumbnail":["https:\/\/arantv.az\/wp-content\/uploads\/2019\/05\/755613-1-240x172.jpg",240,172,true],"advps-thumb-one":["https:\/\/arantv.az\/wp-content\/uploads\/2019\/05\/755613-1.jpg",800,600,false]},"rttpg_author":{"display_name":"V\u00fcsal Rafiqo\u011flu","author_link":"https:\/\/arantv.az\/?author=2"},"rttpg_comment":0,"rttpg_category":"<a href=\"https:\/\/arantv.az\/?cat=4\" rel=\"category\">Siyas\u0259t<\/a>","rttpg_excerpt":"&#8220;Avropa \u0130ttifaq\u0131 il\u0259 Az\u0259rbaycan aras\u0131ndak\u0131 m\u00fcnasib\u0259tl\u0259r h\u0259r iki t\u0259r\u0259f \u00fc\u00e7\u00fcn strateji xarakterli m\u00fcnasib\u0259tl\u0259rdir. Az\u0259rbaycan \u00fc\u00e7\u00fcn bu m\u00fcnasib\u0259tl\u0259rin y\u00fcks\u0259k s\u0259viyy\u0259d\u0259 qurulmas\u0131\u00a0 h\u0259m siyasi h\u0259m d\u0259 iqtisadi bax\u0131mdan olduqca \u0259h\u0259miyy\u0259tlidir. \u00c7\u00fcnki A\u0130 haz\u0131rda d\u00fcnya siyas\u0259tini m\u00fc\u0259yy\u0259nl\u0259\u015fdir\u0259n , beyn\u0259lxalq nizam\u0131n keyfiyy\u0259tin\u0259 m\u00fch\u00fcm t\u0259sir g\u00f6st\u0259r\u0259n kollektiv ittifaq olmaqla h\u0259m d\u0259 h\u0259rbi &#8211; siyasi bax\u0131mdan d\u00fcnya siyas\u0259tind\u0259 imperativ\u00a0 g\u00fcc m\u0259rk\u0259zl\u0259rind\u0259n&hellip;","_links":{"self":[{"href":"https:\/\/arantv.az\/index.php?rest_route=\/wp\/v2\/posts\/59173"}],"collection":[{"href":"https:\/\/arantv.az\/index.php?rest_route=\/wp\/v2\/posts"}],"about":[{"href":"https:\/\/arantv.az\/index.php?rest_route=\/wp\/v2\/types\/post"}],"author":[{"embeddable":true,"href":"https:\/\/arantv.az\/index.php?rest_route=\/wp\/v2\/users\/2"}],"replies":[{"embeddable":true,"href":"https:\/\/arantv.az\/index.php?rest_route=%2Fwp%2Fv2%2Fcomments&post=59173"}],"version-history":[{"count":0,"href":"https:\/\/arantv.az\/index.php?rest_route=\/wp\/v2\/posts\/59173\/revisions"}],"wp:featuredmedia":[{"embeddable":true,"href":"https:\/\/arantv.az\/index.php?rest_route=\/wp\/v2\/media\/59174"}],"wp:attachment":[{"href":"https:\/\/arantv.az\/index.php?rest_route=%2Fwp%2Fv2%2Fmedia&parent=59173"}],"wp:term":[{"taxonomy":"category","embeddable":true,"href":"https:\/\/arantv.az\/index.php?rest_route=%2Fwp%2Fv2%2Fcategories&post=59173"},{"taxonomy":"post_tag","embeddable":true,"href":"https:\/\/arantv.az\/index.php?rest_route=%2Fwp%2Fv2%2Ftags&post=59173"}],"curies":[{"name":"wp","href":"https:\/\/api.w.org\/{rel}","templated":true}]}}