{"id":59176,"date":"2019-05-18T10:58:43","date_gmt":"2019-05-18T07:58:43","guid":{"rendered":"http:\/\/arantv.az\/?p=59176"},"modified":"2019-05-18T10:58:43","modified_gmt":"2019-05-18T07:58:43","slug":"bas-nazirin-muavini-g%c9%99ncl%c9%99r-az%c9%99rbaycanin-inkisafina-oz-tohf%c9%99l%c9%99rini-verm%c9%99kd%c9%99n-k%c9%99narda-qalmaq-ist%c9%99mirl%c9%99r","status":"publish","type":"post","link":"https:\/\/arantv.az\/?p=59176","title":{"rendered":"Ba\u015f nazirin m\u00fcavini: &#8220;G\u0259ncl\u0259r Az\u0259rbaycan\u0131n inki\u015faf\u0131na \u00f6z t\u00f6hf\u0259l\u0259rini verm\u0259kd\u0259n k\u0259narda qalmaq ist\u0259mirl\u0259r&#8221;"},"content":{"rendered":"<p><strong>Az\u0259rbaycan g\u0259ncl\u0259r t\u0259\u015fkilatlar\u0131n\u0131n bu g\u00fcn b\u00fct\u00fcn d\u00fcnyan\u0131 narahat ed\u0259n dayan\u0131ql\u0131 inki\u015faf \u00fczr\u0259 s\u0259yl\u0259rini birl\u0259\u015fdirm\u0259si bizi m\u0259mnun edir.<\/strong><\/p>\n<p><strong>ARANTV.AZ<\/strong>\u00a0<a href=\"http:\/\/az.trend.az\/\" target=\"_blank\" rel=\"noopener\"><span style=\"color: #000000;\">Trend<\/span><\/a>-\u0259 istinad\u0259n bildirir ki,\u00a0bunu Ba\u015f nazirin m\u00fcavini, Az\u0259rbaycan Respublikas\u0131n\u0131n Dayan\u0131ql\u0131 \u0130nki\u015faf \u00fczr\u0259 Milli \u018flaq\u0259l\u0259ndirm\u0259 \u015euras\u0131n\u0131n s\u0259dri \u018fli \u018fhm\u0259dov &#8220;G\u0259ncl\u0259r t\u0259\u015fkilatlar\u0131n\u0131n dayan\u0131ql\u0131 inki\u015faf m\u0259qs\u0259dl\u0259ri namin\u0259&#8221; konfransda \u00e7\u0131x\u0131\u015f\u0131 zaman\u0131 deyib.<\/p>\n<p>\u018f.\u018fhm\u0259dov qeyd edib ki, Az\u0259rbaycan \u0259halisinin 45 faizi ya\u015f\u0131 30-ad\u0259k olanlard\u0131r. G\u0259ncl\u0259rin s\u0259yl\u0259rini ortaya qoymas\u0131 onu g\u00f6st\u0259rir ki, Az\u0259rbaycan\u0131n inki\u015faf\u0131na \u00f6z t\u00f6hf\u0259l\u0259rini verm\u0259kd\u0259n k\u0259narda qalmaq ist\u0259mirl\u0259r: &#8220;D\u00fcnyada qlobal iqlim d\u0259yi\u015fikliyi, acl\u0131q, qeyri-b\u0259rab\u0259rsizIik, m\u0259\u015f\u011fulluq, \u0259halinin artmas\u0131 il\u0259 ba\u011fl\u0131 ortaya \u00e7\u0131xan probleml\u0259ri aradan qald\u0131rmaqla ba\u011fl\u0131 \u00e7ox ciddi ca\u011f\u0131r\u0131\u015flar var. Az\u0259rbaycan h\u00f6kum\u0259ti bu m\u0259s\u0259l\u0259y\u0259 \u00e7iddi yana\u015f\u0131r, d\u00fcnyan\u0131n 2030-cu il\u0259d\u0259k d\u0259yi\u015fm\u0259si \u00fc\u00e7\u00fcn \u00fcz\u0259rin\u0259 d\u00fc\u015f\u0259n i\u015fl\u0259ri yerin\u0259 yetirir&#8221;.<\/p>\n<p>Onun s\u00f6zl\u0259rin\u0259 g\u00f6r\u0259, probleml\u0259rin h\u0259lli \u00fc\u00e7\u00fcn add\u0131mlar\u0131n at\u0131lmas\u0131 daha \u00e7ox g\u0259ncl\u0259rin g\u0259l\u0259c\u0259k h\u0259yat\u0131 il\u0259 ba\u011fl\u0131d\u0131r: &#8220;\u0130\u015fsizlik probleml\u0259rinin h\u0259lli bilavasit\u0259 g\u0259ncl\u0259rin h\u0259yat\u0131 il\u0259 ba\u011fl\u0131d\u0131r. Bu bax\u0131mdan g\u0259ncl\u0259r qlobal layih\u0259nin h\u0259yata ke\u00e7irilm\u0259sind\u0259 maraql\u0131 olmal\u0131d\u0131rlar. Onlar 2030-cu il\u0259d\u0259k ayr\u0131-ayr\u0131 \u00f6lk\u0259l\u0259rin h\u0259yat\u0131nda m\u00fch\u00fcm rol oynayacaqlar&#8221;.<\/p>\n<p>\u018f.\u018fhm\u0259dov \u0259lav\u0259 edib ki, 2030-cu il\u0259d\u0259k bir \u00e7ox probleml\u0259rin h\u0259lli \u00fc\u00e7\u00fcn s\u0259yl\u0259r g\u00f6st\u0259rilm\u0259lidir: &#8220;Haz\u0131rda d\u00fcnyada 7,5 milyard insan var. 2030-cu ild\u0259 \u0259halinin say\u0131 1 milyard n\u0259f\u0259r artacaq. D\u00fcnya \u0259halisinin art\u0131m\u0131n\u0131n 80 faizind\u0259n \u00e7oxu Afrika v\u0259 Asiya qit\u0259l\u0259rinin pay\u0131na d\u00fc\u015f\u0259c\u0259k. \u018fhalinin art\u0131m\u0131 d\u00fcnya \u0259halisinin k\u00f6\u00e7 problemini d\u0259 aktual edir. Bununla yana\u015f\u0131, i\u015f yerl\u0259rinin say\u0131 da buna uy\u011fun olaraq s\u00fcr\u0259tl\u0259 artm\u0131r. Bu da \u0259lav\u0259 problem yarad\u0131r&#8221;.<\/p>\n","protected":false},"excerpt":{"rendered":"<p>Az\u0259rbaycan g\u0259ncl\u0259r t\u0259\u015fkilatlar\u0131n\u0131n bu g\u00fcn b\u00fct\u00fcn d\u00fcnyan\u0131 narahat ed\u0259n dayan\u0131ql\u0131 inki\u015faf \u00fczr\u0259 s\u0259yl\u0259rini birl\u0259\u015fdirm\u0259si bizi m\u0259mnun edir. ARANTV.AZ\u00a0Trend-\u0259 istinad\u0259n bildirir ki,\u00a0bunu Ba\u015f nazirin m\u00fcavini, Az\u0259rbaycan Respublikas\u0131n\u0131n Dayan\u0131ql\u0131 \u0130nki\u015faf \u00fczr\u0259 Milli \u018flaq\u0259l\u0259ndirm\u0259 \u015euras\u0131n\u0131n s\u0259dri \u018fli \u018fhm\u0259dov &#8220;G\u0259ncl\u0259r t\u0259\u015fkilatlar\u0131n\u0131n dayan\u0131ql\u0131 inki\u015faf m\u0259qs\u0259dl\u0259ri namin\u0259&#8221; konfransda \u00e7\u0131x\u0131\u015f\u0131 zaman\u0131 deyib. \u018f.\u018fhm\u0259dov qeyd edib ki, Az\u0259rbaycan \u0259halisinin 45 faizi ya\u015f\u0131 30-ad\u0259k olanlard\u0131r. G\u0259ncl\u0259rin s\u0259yl\u0259rini ortaya qoymas\u0131 onu g\u00f6st\u0259rir ki, Az\u0259rbaycan\u0131n inki\u015faf\u0131na \u00f6z t\u00f6hf\u0259l\u0259rini verm\u0259kd\u0259n k\u0259narda qalmaq ist\u0259mirl\u0259r: &#8220;D\u00fcnyada qlobal iqlim d\u0259yi\u015fikliyi, acl\u0131q, qeyri-b\u0259rab\u0259rsizIik, m\u0259\u015f\u011fulluq, \u0259halinin artmas\u0131 il\u0259 ba\u011fl\u0131 ortaya \u00e7\u0131xan probleml\u0259ri aradan qald\u0131rmaqla ba\u011fl\u0131 \u00e7ox ciddi&hellip;<\/p>\n","protected":false},"author":2,"featured_media":59177,"comment_status":"closed","ping_status":"closed","sticky":false,"template":"","format":"standard","meta":{"om_disable_all_campaigns":false,"_monsterinsights_skip_tracking":false,"_monsterinsights_sitenote_active":false,"_monsterinsights_sitenote_note":"","_monsterinsights_sitenote_category":0},"categories":[4],"tags":[],"aioseo_notices":[],"gutentor_comment":0,"rttpg_featured_image_url":{"full":["https:\/\/arantv.az\/wp-content\/uploads\/2019\/05\/755921.jpg",800,600,false],"landscape":["https:\/\/arantv.az\/wp-content\/uploads\/2019\/05\/755921.jpg",800,600,false],"portraits":["https:\/\/arantv.az\/wp-content\/uploads\/2019\/05\/755921.jpg",800,600,false],"thumbnail":["https:\/\/arantv.az\/wp-content\/uploads\/2019\/05\/755921-150x150.jpg",150,150,true],"medium":["https:\/\/arantv.az\/wp-content\/uploads\/2019\/05\/755921-300x225.jpg",300,225,true],"large":["https:\/\/arantv.az\/wp-content\/uploads\/2019\/05\/755921.jpg",640,480,false],"1536x1536":["https:\/\/arantv.az\/wp-content\/uploads\/2019\/05\/755921.jpg",800,600,false],"2048x2048":["https:\/\/arantv.az\/wp-content\/uploads\/2019\/05\/755921.jpg",800,600,false],"post-thumbnail":["https:\/\/arantv.az\/wp-content\/uploads\/2019\/05\/755921-240x172.jpg",240,172,true],"advps-thumb-one":["https:\/\/arantv.az\/wp-content\/uploads\/2019\/05\/755921.jpg",800,600,false]},"rttpg_author":{"display_name":"V\u00fcsal Rafiqo\u011flu","author_link":"https:\/\/arantv.az\/?author=2"},"rttpg_comment":0,"rttpg_category":"<a href=\"https:\/\/arantv.az\/?cat=4\" rel=\"category\">Siyas\u0259t<\/a>","rttpg_excerpt":"Az\u0259rbaycan g\u0259ncl\u0259r t\u0259\u015fkilatlar\u0131n\u0131n bu g\u00fcn b\u00fct\u00fcn d\u00fcnyan\u0131 narahat ed\u0259n dayan\u0131ql\u0131 inki\u015faf \u00fczr\u0259 s\u0259yl\u0259rini birl\u0259\u015fdirm\u0259si bizi m\u0259mnun edir. ARANTV.AZ\u00a0Trend-\u0259 istinad\u0259n bildirir ki,\u00a0bunu Ba\u015f nazirin m\u00fcavini, Az\u0259rbaycan Respublikas\u0131n\u0131n Dayan\u0131ql\u0131 \u0130nki\u015faf \u00fczr\u0259 Milli \u018flaq\u0259l\u0259ndirm\u0259 \u015euras\u0131n\u0131n s\u0259dri \u018fli \u018fhm\u0259dov &#8220;G\u0259ncl\u0259r t\u0259\u015fkilatlar\u0131n\u0131n dayan\u0131ql\u0131 inki\u015faf m\u0259qs\u0259dl\u0259ri namin\u0259&#8221; konfransda \u00e7\u0131x\u0131\u015f\u0131 zaman\u0131 deyib. \u018f.\u018fhm\u0259dov qeyd edib ki, Az\u0259rbaycan \u0259halisinin 45 faizi ya\u015f\u0131 30-ad\u0259k&hellip;","_links":{"self":[{"href":"https:\/\/arantv.az\/index.php?rest_route=\/wp\/v2\/posts\/59176"}],"collection":[{"href":"https:\/\/arantv.az\/index.php?rest_route=\/wp\/v2\/posts"}],"about":[{"href":"https:\/\/arantv.az\/index.php?rest_route=\/wp\/v2\/types\/post"}],"author":[{"embeddable":true,"href":"https:\/\/arantv.az\/index.php?rest_route=\/wp\/v2\/users\/2"}],"replies":[{"embeddable":true,"href":"https:\/\/arantv.az\/index.php?rest_route=%2Fwp%2Fv2%2Fcomments&post=59176"}],"version-history":[{"count":0,"href":"https:\/\/arantv.az\/index.php?rest_route=\/wp\/v2\/posts\/59176\/revisions"}],"wp:featuredmedia":[{"embeddable":true,"href":"https:\/\/arantv.az\/index.php?rest_route=\/wp\/v2\/media\/59177"}],"wp:attachment":[{"href":"https:\/\/arantv.az\/index.php?rest_route=%2Fwp%2Fv2%2Fmedia&parent=59176"}],"wp:term":[{"taxonomy":"category","embeddable":true,"href":"https:\/\/arantv.az\/index.php?rest_route=%2Fwp%2Fv2%2Fcategories&post=59176"},{"taxonomy":"post_tag","embeddable":true,"href":"https:\/\/arantv.az\/index.php?rest_route=%2Fwp%2Fv2%2Ftags&post=59176"}],"curies":[{"name":"wp","href":"https:\/\/api.w.org\/{rel}","templated":true}]}}