{"id":59182,"date":"2019-05-18T11:00:36","date_gmt":"2019-05-18T08:00:36","guid":{"rendered":"http:\/\/arantv.az\/?p=59182"},"modified":"2019-05-18T11:00:36","modified_gmt":"2019-05-18T08:00:36","slug":"az%c9%99rbaycan-r%c9%99smil%c9%99ri-parisd%c9%99-as-pa-nin-komit%c9%99-iclasinda-istirak-ed%c9%99c%c9%99k","status":"publish","type":"post","link":"https:\/\/arantv.az\/?p=59182","title":{"rendered":"Az\u0259rbaycan r\u0259smil\u0259ri Parisd\u0259 A\u015e PA-n\u0131n Komit\u0259 iclas\u0131nda i\u015ftirak ed\u0259c\u0259k"},"content":{"rendered":"<p><strong>Milli M\u0259clisin deputat\u0131 Sabir Hac\u0131yev Avropa \u015euras\u0131 Parlament Assambleyas\u0131n\u0131n Siyasi i\u015fl\u0259r v\u0259 demokratiya komit\u0259sinin iclas\u0131nda i\u015ftirak etm\u0259k \u00fc\u00e7\u00fcn may\u0131n 19-dan 21-d\u0259k Parisd\u0259 s\u0259f\u0259rd\u0259 olacaq.<\/strong><\/p>\n<p><strong>ARANTV.AZ<\/strong>\u00a0\u00a0<a href=\"http:\/\/az.trend.az\/\" target=\"_blank\" rel=\"noopener\"><span style=\"color: #000000;\">Trend<\/span><\/a>-\u0259 istinad\u0259n bildirir ki,\u00a0komit\u0259 iclas\u0131nda terror qurbanlar\u0131n\u0131n qorunmas\u0131 v\u0259 onlara k\u00f6m\u0259klik g\u00f6st\u0259rilm\u0259si, h\u00fccuma m\u0259ruz qalm\u0131\u015f demokratiya, beyn\u0259lxalq terrorizml\u0259 ba\u011fl\u0131 Sankt-Peterburqda ke\u00e7irilmi\u015f konfrans\u0131n n\u0259tic\u0259l\u0259ri, Kosovada v\u0259ziyy\u0259t, \u018flc\u0259zair il\u0259 parlamentl\u0259raras\u0131 dialoq, Parlament Assambleyas\u0131n\u0131n g\u0259l\u0259c\u0259kd\u0259 rolu v\u0259 missiyas\u0131 il\u0259 ba\u011fl\u0131 m\u00fczakir\u0259l\u0259r apar\u0131lacaq.<\/p>\n<p>S.Hac\u0131yev iclasda \u00e7\u0131x\u0131\u015f ed\u0259c\u0259k, m\u00f6vzular bar\u0259d\u0259 fikirl\u0259rini bildir\u0259c\u0259k.<\/p>\n","protected":false},"excerpt":{"rendered":"<p>Milli M\u0259clisin deputat\u0131 Sabir Hac\u0131yev Avropa \u015euras\u0131 Parlament Assambleyas\u0131n\u0131n Siyasi i\u015fl\u0259r v\u0259 demokratiya komit\u0259sinin iclas\u0131nda i\u015ftirak etm\u0259k \u00fc\u00e7\u00fcn may\u0131n 19-dan 21-d\u0259k Parisd\u0259 s\u0259f\u0259rd\u0259 olacaq. ARANTV.AZ\u00a0\u00a0Trend-\u0259 istinad\u0259n bildirir ki,\u00a0komit\u0259 iclas\u0131nda terror qurbanlar\u0131n\u0131n qorunmas\u0131 v\u0259 onlara k\u00f6m\u0259klik g\u00f6st\u0259rilm\u0259si, h\u00fccuma m\u0259ruz qalm\u0131\u015f demokratiya, beyn\u0259lxalq terrorizml\u0259 ba\u011fl\u0131 Sankt-Peterburqda ke\u00e7irilmi\u015f konfrans\u0131n n\u0259tic\u0259l\u0259ri, Kosovada v\u0259ziyy\u0259t, \u018flc\u0259zair il\u0259 parlamentl\u0259raras\u0131 dialoq, Parlament Assambleyas\u0131n\u0131n g\u0259l\u0259c\u0259kd\u0259 rolu v\u0259 missiyas\u0131 il\u0259 ba\u011fl\u0131 m\u00fczakir\u0259l\u0259r apar\u0131lacaq. S.Hac\u0131yev iclasda \u00e7\u0131x\u0131\u015f ed\u0259c\u0259k, m\u00f6vzular bar\u0259d\u0259 fikirl\u0259rini bildir\u0259c\u0259k.<\/p>\n","protected":false},"author":2,"featured_media":59183,"comment_status":"closed","ping_status":"closed","sticky":false,"template":"","format":"standard","meta":{"om_disable_all_campaigns":false,"_monsterinsights_skip_tracking":false,"_monsterinsights_sitenote_active":false,"_monsterinsights_sitenote_note":"","_monsterinsights_sitenote_category":0},"categories":[19],"tags":[],"aioseo_notices":[],"gutentor_comment":0,"rttpg_featured_image_url":{"full":["https:\/\/arantv.az\/wp-content\/uploads\/2019\/05\/milli_meclis_0001-4.jpg",482,361,false],"landscape":["https:\/\/arantv.az\/wp-content\/uploads\/2019\/05\/milli_meclis_0001-4.jpg",482,361,false],"portraits":["https:\/\/arantv.az\/wp-content\/uploads\/2019\/05\/milli_meclis_0001-4.jpg",482,361,false],"thumbnail":["https:\/\/arantv.az\/wp-content\/uploads\/2019\/05\/milli_meclis_0001-4-150x150.jpg",150,150,true],"medium":["https:\/\/arantv.az\/wp-content\/uploads\/2019\/05\/milli_meclis_0001-4-300x225.jpg",300,225,true],"large":["https:\/\/arantv.az\/wp-content\/uploads\/2019\/05\/milli_meclis_0001-4.jpg",482,361,false],"1536x1536":["https:\/\/arantv.az\/wp-content\/uploads\/2019\/05\/milli_meclis_0001-4.jpg",482,361,false],"2048x2048":["https:\/\/arantv.az\/wp-content\/uploads\/2019\/05\/milli_meclis_0001-4.jpg",482,361,false],"post-thumbnail":["https:\/\/arantv.az\/wp-content\/uploads\/2019\/05\/milli_meclis_0001-4-240x172.jpg",240,172,true],"advps-thumb-one":["https:\/\/arantv.az\/wp-content\/uploads\/2019\/05\/milli_meclis_0001-4.jpg",482,361,false]},"rttpg_author":{"display_name":"V\u00fcsal Rafiqo\u011flu","author_link":"https:\/\/arantv.az\/?author=2"},"rttpg_comment":0,"rttpg_category":"<a href=\"https:\/\/arantv.az\/?cat=19\" rel=\"category\">G\u00fcnd\u0259m<\/a>","rttpg_excerpt":"Milli M\u0259clisin deputat\u0131 Sabir Hac\u0131yev Avropa \u015euras\u0131 Parlament Assambleyas\u0131n\u0131n Siyasi i\u015fl\u0259r v\u0259 demokratiya komit\u0259sinin iclas\u0131nda i\u015ftirak etm\u0259k \u00fc\u00e7\u00fcn may\u0131n 19-dan 21-d\u0259k Parisd\u0259 s\u0259f\u0259rd\u0259 olacaq. ARANTV.AZ\u00a0\u00a0Trend-\u0259 istinad\u0259n bildirir ki,\u00a0komit\u0259 iclas\u0131nda terror qurbanlar\u0131n\u0131n qorunmas\u0131 v\u0259 onlara k\u00f6m\u0259klik g\u00f6st\u0259rilm\u0259si, h\u00fccuma m\u0259ruz qalm\u0131\u015f demokratiya, beyn\u0259lxalq terrorizml\u0259 ba\u011fl\u0131 Sankt-Peterburqda ke\u00e7irilmi\u015f konfrans\u0131n n\u0259tic\u0259l\u0259ri, Kosovada v\u0259ziyy\u0259t, \u018flc\u0259zair il\u0259 parlamentl\u0259raras\u0131 dialoq, Parlament Assambleyas\u0131n\u0131n&hellip;","_links":{"self":[{"href":"https:\/\/arantv.az\/index.php?rest_route=\/wp\/v2\/posts\/59182"}],"collection":[{"href":"https:\/\/arantv.az\/index.php?rest_route=\/wp\/v2\/posts"}],"about":[{"href":"https:\/\/arantv.az\/index.php?rest_route=\/wp\/v2\/types\/post"}],"author":[{"embeddable":true,"href":"https:\/\/arantv.az\/index.php?rest_route=\/wp\/v2\/users\/2"}],"replies":[{"embeddable":true,"href":"https:\/\/arantv.az\/index.php?rest_route=%2Fwp%2Fv2%2Fcomments&post=59182"}],"version-history":[{"count":0,"href":"https:\/\/arantv.az\/index.php?rest_route=\/wp\/v2\/posts\/59182\/revisions"}],"wp:featuredmedia":[{"embeddable":true,"href":"https:\/\/arantv.az\/index.php?rest_route=\/wp\/v2\/media\/59183"}],"wp:attachment":[{"href":"https:\/\/arantv.az\/index.php?rest_route=%2Fwp%2Fv2%2Fmedia&parent=59182"}],"wp:term":[{"taxonomy":"category","embeddable":true,"href":"https:\/\/arantv.az\/index.php?rest_route=%2Fwp%2Fv2%2Fcategories&post=59182"},{"taxonomy":"post_tag","embeddable":true,"href":"https:\/\/arantv.az\/index.php?rest_route=%2Fwp%2Fv2%2Ftags&post=59182"}],"curies":[{"name":"wp","href":"https:\/\/api.w.org\/{rel}","templated":true}]}}