{"id":59228,"date":"2019-05-18T12:56:29","date_gmt":"2019-05-18T09:56:29","guid":{"rendered":"http:\/\/arantv.az\/?p=59228"},"modified":"2019-05-18T12:56:29","modified_gmt":"2019-05-18T09:56:29","slug":"bas-nazirin-muavinind%c9%99n-%c9%99haliy%c9%99-sad-x%c9%99b%c9%99r-maas-v%c9%99-pensiyalar-artirilacaq","status":"publish","type":"post","link":"https:\/\/arantv.az\/?p=59228","title":{"rendered":"Ba\u015f nazirin m\u00fcavinind\u0259n \u0259haliy\u0259 \u015fad x\u0259b\u0259r: Maa\u015f v\u0259 pensiyalar art\u0131r\u0131lacaq"},"content":{"rendered":"<p>D\u00f6vl\u0259t ba\u015f\u00e7\u0131s\u0131 \u0130lham \u018fliyevin son d\u00f6vrl\u0259rd\u0259 imzalad\u0131\u011f\u0131 s\u0259r\u0259ncam v\u0259 f\u0259rmanlar \u0259halinin m\u00fcxt\u0259lif sosial t\u0259b\u0259q\u0259l\u0259rinin rifah\u0131n\u0131n y\u00fcks\u0259lm\u0259sin\u0259 s\u0259b\u0259b olub.<\/p>\n<p>Bundan ba\u015fqa, \u0259halinin sosial v\u0259ziyy\u0259tinin yax\u015f\u0131la\u015fmas\u0131na xidm\u0259t ed\u0259n add\u0131mlar at\u0131l\u0131b. Minimum \u0259m\u0259khaqq\u0131 v\u0259 pensiyalar \u0259h\u0259miyy\u0259tli d\u0259r\u0259c\u0259d\u0259 art\u0131b.<\/p>\n<p><strong>ARANTV.AZ\u00a0<\/strong>\u00a0x\u0259b\u0259r verir ki, bu bar\u0259d\u0259 Ba\u015f nazirin m\u00fcavini, Yeni Az\u0259rbaycan Partiyas\u0131n\u0131n (YAP) s\u0259drinin m\u00fcavini-icra katibi \u018fli \u018fhm\u0259dov YAP rayon v\u0259 \u015f\u0259h\u0259r t\u0259\u015fkilatlar\u0131n\u0131n \u00fcmumrespublika m\u00fc\u015favir\u0259sind\u0259 deyib.<\/p>\n<div id=\"AdviadNativeVideo0\" class=\"AdviadNativeVideo\"><\/div>\n<p>\u018f.\u018fhm\u0259dov bildirib ki, Az\u0259rbaycan d\u00f6vl\u0259tinin imkanlar\u0131 y\u00fcks\u0259ldikc\u0259 sosialy\u00f6n\u00fcml\u00fc t\u0259dbirl\u0259r daha da art\u0131r\u0131lacaq, \u0259m\u0259khaqq\u0131, pensiya v\u0259 m\u00fcavin\u0259tl\u0259rin m\u0259bl\u0259\u011fi qald\u0131r\u0131lacaq:<\/p>\n<p>\u201cB\u00fct\u00f6vl\u00fckd\u0259 art\u0131r\u0131lan \u0259m\u0259khaqq\u0131, pensiya v\u0259 m\u00fcavin\u0259tl\u0259r 3 milyona yax\u0131n insan\u0131n h\u0259yat\u0131na t\u0259sir edib.<\/p>\n<p>H\u0259r bir ail\u0259 bu t\u0259dbirl\u0259rd\u0259n bu v\u0259 ya dig\u0259r formada faydalan\u0131b.<\/p>\n<p>Bundan \u0259lav\u0259, m\u0259cburi k\u00f6\u00e7k\u00fcnl\u0259r d\u0259 d\u00f6vl\u0259timizin daim diqq\u0259tind\u0259dir. Bu t\u0259b\u0259q\u0259d\u0259n olan insanlar \u00fc\u00e7\u00fcn tikil\u0259n evl\u0259rin say\u0131 yen\u0259 d\u0259 art\u0131r\u0131lacaq\u201doxu.az<\/p>\n","protected":false},"excerpt":{"rendered":"<p>D\u00f6vl\u0259t ba\u015f\u00e7\u0131s\u0131 \u0130lham \u018fliyevin son d\u00f6vrl\u0259rd\u0259 imzalad\u0131\u011f\u0131 s\u0259r\u0259ncam v\u0259 f\u0259rmanlar \u0259halinin m\u00fcxt\u0259lif sosial t\u0259b\u0259q\u0259l\u0259rinin rifah\u0131n\u0131n y\u00fcks\u0259lm\u0259sin\u0259 s\u0259b\u0259b olub. Bundan ba\u015fqa, \u0259halinin sosial v\u0259ziyy\u0259tinin yax\u015f\u0131la\u015fmas\u0131na xidm\u0259t ed\u0259n add\u0131mlar at\u0131l\u0131b. Minimum \u0259m\u0259khaqq\u0131 v\u0259 pensiyalar \u0259h\u0259miyy\u0259tli d\u0259r\u0259c\u0259d\u0259 art\u0131b. ARANTV.AZ\u00a0\u00a0x\u0259b\u0259r verir ki, bu bar\u0259d\u0259 Ba\u015f nazirin m\u00fcavini, Yeni Az\u0259rbaycan Partiyas\u0131n\u0131n (YAP) s\u0259drinin m\u00fcavini-icra katibi \u018fli \u018fhm\u0259dov YAP rayon v\u0259 \u015f\u0259h\u0259r t\u0259\u015fkilatlar\u0131n\u0131n \u00fcmumrespublika m\u00fc\u015favir\u0259sind\u0259 deyib. \u018f.\u018fhm\u0259dov bildirib ki, Az\u0259rbaycan d\u00f6vl\u0259tinin imkanlar\u0131 y\u00fcks\u0259ldikc\u0259 sosialy\u00f6n\u00fcml\u00fc t\u0259dbirl\u0259r daha da art\u0131r\u0131lacaq, \u0259m\u0259khaqq\u0131, pensiya v\u0259 m\u00fcavin\u0259tl\u0259rin m\u0259bl\u0259\u011fi qald\u0131r\u0131lacaq: \u201cB\u00fct\u00f6vl\u00fckd\u0259 art\u0131r\u0131lan \u0259m\u0259khaqq\u0131, pensiya v\u0259 m\u00fcavin\u0259tl\u0259r 3 milyona yax\u0131n insan\u0131n h\u0259yat\u0131na t\u0259sir&hellip;<\/p>\n","protected":false},"author":2,"featured_media":59229,"comment_status":"closed","ping_status":"closed","sticky":false,"template":"","format":"standard","meta":{"om_disable_all_campaigns":false,"_monsterinsights_skip_tracking":false,"_monsterinsights_sitenote_active":false,"_monsterinsights_sitenote_note":"","_monsterinsights_sitenote_category":0},"categories":[1],"tags":[],"aioseo_notices":[],"gutentor_comment":0,"rttpg_featured_image_url":{"full":["https:\/\/arantv.az\/wp-content\/uploads\/2019\/05\/53390.jpg",620,412,false],"landscape":["https:\/\/arantv.az\/wp-content\/uploads\/2019\/05\/53390.jpg",620,412,false],"portraits":["https:\/\/arantv.az\/wp-content\/uploads\/2019\/05\/53390.jpg",620,412,false],"thumbnail":["https:\/\/arantv.az\/wp-content\/uploads\/2019\/05\/53390-150x150.jpg",150,150,true],"medium":["https:\/\/arantv.az\/wp-content\/uploads\/2019\/05\/53390-300x199.jpg",300,199,true],"large":["https:\/\/arantv.az\/wp-content\/uploads\/2019\/05\/53390.jpg",620,412,false],"1536x1536":["https:\/\/arantv.az\/wp-content\/uploads\/2019\/05\/53390.jpg",620,412,false],"2048x2048":["https:\/\/arantv.az\/wp-content\/uploads\/2019\/05\/53390.jpg",620,412,false],"post-thumbnail":["https:\/\/arantv.az\/wp-content\/uploads\/2019\/05\/53390-240x172.jpg",240,172,true],"advps-thumb-one":["https:\/\/arantv.az\/wp-content\/uploads\/2019\/05\/53390.jpg",620,412,false]},"rttpg_author":{"display_name":"V\u00fcsal Rafiqo\u011flu","author_link":"https:\/\/arantv.az\/?author=2"},"rttpg_comment":0,"rttpg_category":"<a href=\"https:\/\/arantv.az\/?cat=1\" rel=\"category\">C\u0259miyy\u0259t<\/a>","rttpg_excerpt":"D\u00f6vl\u0259t ba\u015f\u00e7\u0131s\u0131 \u0130lham \u018fliyevin son d\u00f6vrl\u0259rd\u0259 imzalad\u0131\u011f\u0131 s\u0259r\u0259ncam v\u0259 f\u0259rmanlar \u0259halinin m\u00fcxt\u0259lif sosial t\u0259b\u0259q\u0259l\u0259rinin rifah\u0131n\u0131n y\u00fcks\u0259lm\u0259sin\u0259 s\u0259b\u0259b olub. Bundan ba\u015fqa, \u0259halinin sosial v\u0259ziyy\u0259tinin yax\u015f\u0131la\u015fmas\u0131na xidm\u0259t ed\u0259n add\u0131mlar at\u0131l\u0131b. Minimum \u0259m\u0259khaqq\u0131 v\u0259 pensiyalar \u0259h\u0259miyy\u0259tli d\u0259r\u0259c\u0259d\u0259 art\u0131b. ARANTV.AZ\u00a0\u00a0x\u0259b\u0259r verir ki, bu bar\u0259d\u0259 Ba\u015f nazirin m\u00fcavini, Yeni Az\u0259rbaycan Partiyas\u0131n\u0131n (YAP) s\u0259drinin m\u00fcavini-icra katibi \u018fli \u018fhm\u0259dov YAP rayon v\u0259&hellip;","_links":{"self":[{"href":"https:\/\/arantv.az\/index.php?rest_route=\/wp\/v2\/posts\/59228"}],"collection":[{"href":"https:\/\/arantv.az\/index.php?rest_route=\/wp\/v2\/posts"}],"about":[{"href":"https:\/\/arantv.az\/index.php?rest_route=\/wp\/v2\/types\/post"}],"author":[{"embeddable":true,"href":"https:\/\/arantv.az\/index.php?rest_route=\/wp\/v2\/users\/2"}],"replies":[{"embeddable":true,"href":"https:\/\/arantv.az\/index.php?rest_route=%2Fwp%2Fv2%2Fcomments&post=59228"}],"version-history":[{"count":0,"href":"https:\/\/arantv.az\/index.php?rest_route=\/wp\/v2\/posts\/59228\/revisions"}],"wp:featuredmedia":[{"embeddable":true,"href":"https:\/\/arantv.az\/index.php?rest_route=\/wp\/v2\/media\/59229"}],"wp:attachment":[{"href":"https:\/\/arantv.az\/index.php?rest_route=%2Fwp%2Fv2%2Fmedia&parent=59228"}],"wp:term":[{"taxonomy":"category","embeddable":true,"href":"https:\/\/arantv.az\/index.php?rest_route=%2Fwp%2Fv2%2Fcategories&post=59228"},{"taxonomy":"post_tag","embeddable":true,"href":"https:\/\/arantv.az\/index.php?rest_route=%2Fwp%2Fv2%2Ftags&post=59228"}],"curies":[{"name":"wp","href":"https:\/\/api.w.org\/{rel}","templated":true}]}}