{"id":59231,"date":"2019-05-18T12:58:13","date_gmt":"2019-05-18T09:58:13","guid":{"rendered":"http:\/\/arantv.az\/?p=59231"},"modified":"2019-05-18T12:58:13","modified_gmt":"2019-05-18T09:58:13","slug":"komit%c9%99-s%c9%99dri-%c9%99halinin-yarisini-t%c9%99skil-ed%c9%99n-qadinlar-inkisaf-etm%c9%99s%c9%99","status":"publish","type":"post","link":"https:\/\/arantv.az\/?p=59231","title":{"rendered":"Komit\u0259 s\u0259dri: &#8220;\u018fhalinin yar\u0131s\u0131n\u0131 t\u0259\u015fkil ed\u0259n qad\u0131nlar inki\u015faf etm\u0259s\u0259&#8230;&#8221;"},"content":{"rendered":"<p><strong>\u018fhalinin yar\u0131s\u0131n\u0131 t\u0259\u015fkil ed\u0259n qad\u0131nlar inki\u015faf etm\u0259s\u0259, \u00f6lk\u0259nin demoqrafik inki\u015faf\u0131ndan dan\u0131\u015fmaq olmaz.<\/strong><\/p>\n<p><strong>ARANTV.AZ<\/strong>\u00a0<span style=\"color: #000000;\">\u00a0<\/span><a href=\"http:\/\/az.trend.az\/\" target=\"_blank\" rel=\"noopener\"><span style=\"color: #000000;\">Trend<\/span><\/a>-\u0259 istinad\u0259n bildirir ki,\u00a0bunu Ail\u0259, Qad\u0131n v\u0259 U\u015faq Probleml\u0259ri \u00fczr\u0259 D\u00f6vl\u0259t Komit\u0259sinin s\u0259dri Hicran H\u00fcseynova &#8220;G\u0259ncl\u0259r t\u0259\u015fkilatlar\u0131 Dayan\u0131ql\u0131 \u0130nki\u015faf M\u0259qs\u0259dl\u0259ri namin\u0259&#8221; adl\u0131 konfransda \u00e7\u0131x\u0131\u015f\u0131 zaman\u0131 deyib.<\/p>\n<p>H.H\u00fcseynova qeyd edib ki, gender b\u0259rab\u0259rliyi Az\u0259rbaycan\u0131n siyas\u0259tind\u0259 h\u0259mi\u015f\u0259 \u00f6n\u0259mli yer tutub: &#8220;Biz\u0259 yaln\u0131z qad\u0131nlar deyil, ki\u015fil\u0259r d\u0259 m\u00fcraci\u0259t edirl\u0259r. \u00c7\u00fcnki biz c\u0259miyy\u0259td\u0259 b\u0259rab\u0259rliyi qorumaq ist\u0259yirik. Bu g\u00fcn art\u0131q gender b\u0259rab\u0259rliyi Az\u0259rbaycan c\u0259miyy\u0259tin d\u0259 m\u00fch\u00fcm amil kimi q\u0259bul edilir&#8221;.<\/p>\n<p>Komit\u0259 s\u0259dri c\u0259miyy\u0259tin inki\u015faf etm\u0259si \u00fc\u00e7\u00fcn qad\u0131nlar\u0131n inki\u015faf\u0131n\u0131 \u00e7ox vacib say\u0131b: &#8220;\u018fhalinin yar\u0131s\u0131n\u0131 t\u0259\u015fkil ed\u0259n qad\u0131nlar inki\u015faf etm\u0259s\u0259, \u00f6lk\u0259nin demoqrafik inki\u015faf\u0131ndan da dan\u0131\u015fmaq olmaz. Qad\u0131nlar\u0131n \u00f6z\u00fcn\u0259inam\u0131, pe\u015f\u0259sini d\u00fczg\u00fcn se\u00e7m\u0259si vacibdir. Bu g\u00fcn hans\u0131sa pe\u015f\u0259d\u0259 qad\u0131nlar\u0131n say\u0131 ki\u015fil\u0259r\u0259 nisb\u0259t\u0259n daha \u00e7oxdur. M\u0259s\u0259l\u0259n, t\u0259hsil, m\u0259d\u0259niyy\u0259t v\u0259 s\u0259hiyy\u0259 sah\u0259sind\u0259 qad\u0131nlar\u0131n say\u0131 h\u0259r zaman \u00e7ox olub. Amma y\u00fcks\u0259k v\u0259zif\u0259l\u0259rd\u0259 daha \u00e7ox ki\u015fil\u0259r \u00e7al\u0131\u015f\u0131rlar. Bu da qad\u0131nlar aras\u0131nda \u00f6z\u00fcn\u0259inam hissini azald\u0131r&#8221;.<\/p>\n<div id=\"AdviadNativeVideo0\" class=\"AdviadNativeVideo\"><\/div>\n<p>H.H\u00fcseynova \u0259lav\u0259 edib ki, d\u00fcnyada Dayan\u0131ql\u0131 \u0130nki\u015faf M\u0259qs\u0259dl\u0259ri \u00fczr\u0259 h\u0259d\u0259fl\u0259r\u0259 Az\u0259rbaycan q\u0259d\u0259r nail olma\u011fa \u00e7al\u0131\u015fan v\u0259 buna ciddi yana\u015fan \u00e7ox az \u00f6lk\u0259 var.<\/p>\n","protected":false},"excerpt":{"rendered":"<p>\u018fhalinin yar\u0131s\u0131n\u0131 t\u0259\u015fkil ed\u0259n qad\u0131nlar inki\u015faf etm\u0259s\u0259, \u00f6lk\u0259nin demoqrafik inki\u015faf\u0131ndan dan\u0131\u015fmaq olmaz. ARANTV.AZ\u00a0\u00a0Trend-\u0259 istinad\u0259n bildirir ki,\u00a0bunu Ail\u0259, Qad\u0131n v\u0259 U\u015faq Probleml\u0259ri \u00fczr\u0259 D\u00f6vl\u0259t Komit\u0259sinin s\u0259dri Hicran H\u00fcseynova &#8220;G\u0259ncl\u0259r t\u0259\u015fkilatlar\u0131 Dayan\u0131ql\u0131 \u0130nki\u015faf M\u0259qs\u0259dl\u0259ri namin\u0259&#8221; adl\u0131 konfransda \u00e7\u0131x\u0131\u015f\u0131 zaman\u0131 deyib. H.H\u00fcseynova qeyd edib ki, gender b\u0259rab\u0259rliyi Az\u0259rbaycan\u0131n siyas\u0259tind\u0259 h\u0259mi\u015f\u0259 \u00f6n\u0259mli yer tutub: &#8220;Biz\u0259 yaln\u0131z qad\u0131nlar deyil, ki\u015fil\u0259r d\u0259 m\u00fcraci\u0259t edirl\u0259r. \u00c7\u00fcnki biz c\u0259miyy\u0259td\u0259 b\u0259rab\u0259rliyi qorumaq ist\u0259yirik. Bu g\u00fcn art\u0131q gender b\u0259rab\u0259rliyi Az\u0259rbaycan c\u0259miyy\u0259tin d\u0259 m\u00fch\u00fcm amil kimi q\u0259bul edilir&#8221;. Komit\u0259 s\u0259dri c\u0259miyy\u0259tin inki\u015faf etm\u0259si \u00fc\u00e7\u00fcn qad\u0131nlar\u0131n inki\u015faf\u0131n\u0131 \u00e7ox vacib say\u0131b: &#8220;\u018fhalinin yar\u0131s\u0131n\u0131&hellip;<\/p>\n","protected":false},"author":2,"featured_media":59232,"comment_status":"closed","ping_status":"closed","sticky":false,"template":"","format":"standard","meta":{"om_disable_all_campaigns":false,"_monsterinsights_skip_tracking":false,"_monsterinsights_sitenote_active":false,"_monsterinsights_sitenote_note":"","_monsterinsights_sitenote_category":0},"categories":[1],"tags":[],"aioseo_notices":[],"gutentor_comment":0,"rttpg_featured_image_url":{"full":["https:\/\/arantv.az\/wp-content\/uploads\/2019\/05\/755924.jpg",800,600,false],"landscape":["https:\/\/arantv.az\/wp-content\/uploads\/2019\/05\/755924.jpg",800,600,false],"portraits":["https:\/\/arantv.az\/wp-content\/uploads\/2019\/05\/755924.jpg",800,600,false],"thumbnail":["https:\/\/arantv.az\/wp-content\/uploads\/2019\/05\/755924-150x150.jpg",150,150,true],"medium":["https:\/\/arantv.az\/wp-content\/uploads\/2019\/05\/755924-300x225.jpg",300,225,true],"large":["https:\/\/arantv.az\/wp-content\/uploads\/2019\/05\/755924.jpg",640,480,false],"1536x1536":["https:\/\/arantv.az\/wp-content\/uploads\/2019\/05\/755924.jpg",800,600,false],"2048x2048":["https:\/\/arantv.az\/wp-content\/uploads\/2019\/05\/755924.jpg",800,600,false],"post-thumbnail":["https:\/\/arantv.az\/wp-content\/uploads\/2019\/05\/755924-240x172.jpg",240,172,true],"advps-thumb-one":["https:\/\/arantv.az\/wp-content\/uploads\/2019\/05\/755924.jpg",800,600,false]},"rttpg_author":{"display_name":"V\u00fcsal Rafiqo\u011flu","author_link":"https:\/\/arantv.az\/?author=2"},"rttpg_comment":0,"rttpg_category":"<a href=\"https:\/\/arantv.az\/?cat=1\" rel=\"category\">C\u0259miyy\u0259t<\/a>","rttpg_excerpt":"\u018fhalinin yar\u0131s\u0131n\u0131 t\u0259\u015fkil ed\u0259n qad\u0131nlar inki\u015faf etm\u0259s\u0259, \u00f6lk\u0259nin demoqrafik inki\u015faf\u0131ndan dan\u0131\u015fmaq olmaz. ARANTV.AZ\u00a0\u00a0Trend-\u0259 istinad\u0259n bildirir ki,\u00a0bunu Ail\u0259, Qad\u0131n v\u0259 U\u015faq Probleml\u0259ri \u00fczr\u0259 D\u00f6vl\u0259t Komit\u0259sinin s\u0259dri Hicran H\u00fcseynova &#8220;G\u0259ncl\u0259r t\u0259\u015fkilatlar\u0131 Dayan\u0131ql\u0131 \u0130nki\u015faf M\u0259qs\u0259dl\u0259ri namin\u0259&#8221; adl\u0131 konfransda \u00e7\u0131x\u0131\u015f\u0131 zaman\u0131 deyib. H.H\u00fcseynova qeyd edib ki, gender b\u0259rab\u0259rliyi Az\u0259rbaycan\u0131n siyas\u0259tind\u0259 h\u0259mi\u015f\u0259 \u00f6n\u0259mli yer tutub: &#8220;Biz\u0259 yaln\u0131z qad\u0131nlar deyil, ki\u015fil\u0259r&hellip;","_links":{"self":[{"href":"https:\/\/arantv.az\/index.php?rest_route=\/wp\/v2\/posts\/59231"}],"collection":[{"href":"https:\/\/arantv.az\/index.php?rest_route=\/wp\/v2\/posts"}],"about":[{"href":"https:\/\/arantv.az\/index.php?rest_route=\/wp\/v2\/types\/post"}],"author":[{"embeddable":true,"href":"https:\/\/arantv.az\/index.php?rest_route=\/wp\/v2\/users\/2"}],"replies":[{"embeddable":true,"href":"https:\/\/arantv.az\/index.php?rest_route=%2Fwp%2Fv2%2Fcomments&post=59231"}],"version-history":[{"count":0,"href":"https:\/\/arantv.az\/index.php?rest_route=\/wp\/v2\/posts\/59231\/revisions"}],"wp:featuredmedia":[{"embeddable":true,"href":"https:\/\/arantv.az\/index.php?rest_route=\/wp\/v2\/media\/59232"}],"wp:attachment":[{"href":"https:\/\/arantv.az\/index.php?rest_route=%2Fwp%2Fv2%2Fmedia&parent=59231"}],"wp:term":[{"taxonomy":"category","embeddable":true,"href":"https:\/\/arantv.az\/index.php?rest_route=%2Fwp%2Fv2%2Fcategories&post=59231"},{"taxonomy":"post_tag","embeddable":true,"href":"https:\/\/arantv.az\/index.php?rest_route=%2Fwp%2Fv2%2Ftags&post=59231"}],"curies":[{"name":"wp","href":"https:\/\/api.w.org\/{rel}","templated":true}]}}