{"id":592769,"date":"2023-04-22T13:06:36","date_gmt":"2023-04-22T09:06:36","guid":{"rendered":"https:\/\/arantv.az\/?p=592769"},"modified":"2023-04-22T13:06:36","modified_gmt":"2023-04-22T09:06:36","slug":"bu-gun-v%c9%99-sabah-yagis-yagacaq-x%c9%99b%c9%99rdarliq","status":"publish","type":"post","link":"https:\/\/arantv.az\/?p=592769","title":{"rendered":"Bu g\u00fcn v\u0259 sabah ya\u011f\u0131\u015f ya\u011facaq &#8211; X\u018fB\u018fRDARLIQ"},"content":{"rendered":"<p>Bu g\u00fcn v\u0259 sabah \u0259sas\u0259n g\u00fcnd\u00fcz saatlar\u0131nda b\u0259zi da\u011fl\u0131q v\u0259 da\u011f\u0259t\u0259yi rayonlarda q\u0131sam\u00fcdd\u0259tli ya\u011f\u0131\u015f ya\u011faca\u011f\u0131 g\u00f6zl\u0259nilir.<\/p>\n<p>&nbsp;<\/p>\n<p>Ekologiya v\u0259 T\u0259bii S\u0259rv\u0259tl\u0259r Nazirliyinin Milli Hidrometeorologiya Xidm\u0259tind\u0259n veril\u0259n m\u0259lumata g\u00f6r\u0259, b\u0259zi yerl\u0259rd\u0259 ya\u011f\u0131nt\u0131n\u0131n arabir intensivl\u0259\u015f\u0259c\u0259yi, dolu d\u00fc\u015f\u0259c\u0259yi ehtimal\u0131 var.<\/p>\n<p>&nbsp;<\/p>\n<p>Aprelin 24-d\u0259 ax\u015fam yenid\u0259n q\u0259rb rayonlar\u0131ndan ba\u015flayaraq 25-i g\u00fcnd\u00fcz\u0259d\u0259k hava \u015f\u0259raitinin arabir ya\u011f\u0131nt\u0131l\u0131 olaca\u011f\u0131 g\u00f6zl\u0259nilir.<\/p>\n","protected":false},"excerpt":{"rendered":"<p>Bu g\u00fcn v\u0259 sabah \u0259sas\u0259n g\u00fcnd\u00fcz saatlar\u0131nda b\u0259zi da\u011fl\u0131q v\u0259 da\u011f\u0259t\u0259yi rayonlarda q\u0131sam\u00fcdd\u0259tli ya\u011f\u0131\u015f ya\u011faca\u011f\u0131 g\u00f6zl\u0259nilir. &nbsp; Ekologiya v\u0259 T\u0259bii S\u0259rv\u0259tl\u0259r Nazirliyinin Milli Hidrometeorologiya Xidm\u0259tind\u0259n veril\u0259n m\u0259lumata g\u00f6r\u0259, b\u0259zi yerl\u0259rd\u0259 ya\u011f\u0131nt\u0131n\u0131n arabir intensivl\u0259\u015f\u0259c\u0259yi, dolu d\u00fc\u015f\u0259c\u0259yi ehtimal\u0131 var. &nbsp; Aprelin 24-d\u0259 ax\u015fam yenid\u0259n q\u0259rb rayonlar\u0131ndan ba\u015flayaraq 25-i g\u00fcnd\u00fcz\u0259d\u0259k hava \u015f\u0259raitinin arabir ya\u011f\u0131nt\u0131l\u0131 olaca\u011f\u0131 g\u00f6zl\u0259nilir.<\/p>\n","protected":false},"author":2,"featured_media":592770,"comment_status":"closed","ping_status":"closed","sticky":false,"template":"","format":"standard","meta":{"om_disable_all_campaigns":false,"_monsterinsights_skip_tracking":false,"_monsterinsights_sitenote_active":false,"_monsterinsights_sitenote_note":"","_monsterinsights_sitenote_category":0},"categories":[22],"tags":[],"aioseo_notices":[],"gutentor_comment":0,"rttpg_featured_image_url":{"full":["https:\/\/arantv.az\/wp-content\/uploads\/2023\/04\/FotoJet-31-3.jpg",620,413,false],"landscape":["https:\/\/arantv.az\/wp-content\/uploads\/2023\/04\/FotoJet-31-3.jpg",620,413,false],"portraits":["https:\/\/arantv.az\/wp-content\/uploads\/2023\/04\/FotoJet-31-3.jpg",620,413,false],"thumbnail":["https:\/\/arantv.az\/wp-content\/uploads\/2023\/04\/FotoJet-31-3-500x280.jpg",500,280,true],"medium":["https:\/\/arantv.az\/wp-content\/uploads\/2023\/04\/FotoJet-31-3-548x365.jpg",548,365,true],"large":["https:\/\/arantv.az\/wp-content\/uploads\/2023\/04\/FotoJet-31-3.jpg",620,413,false],"1536x1536":["https:\/\/arantv.az\/wp-content\/uploads\/2023\/04\/FotoJet-31-3.jpg",620,413,false],"2048x2048":["https:\/\/arantv.az\/wp-content\/uploads\/2023\/04\/FotoJet-31-3.jpg",620,413,false],"post-thumbnail":["https:\/\/arantv.az\/wp-content\/uploads\/2023\/04\/FotoJet-31-3-240x172.jpg",240,172,true],"advps-thumb-one":["https:\/\/arantv.az\/wp-content\/uploads\/2023\/04\/FotoJet-31-3.jpg",620,413,false]},"rttpg_author":{"display_name":"V\u00fcsal Rafiqo\u011flu","author_link":"https:\/\/arantv.az\/?author=2"},"rttpg_comment":0,"rttpg_category":"<a href=\"https:\/\/arantv.az\/?cat=22\" rel=\"category\">Hava<\/a>","rttpg_excerpt":"Bu g\u00fcn v\u0259 sabah \u0259sas\u0259n g\u00fcnd\u00fcz saatlar\u0131nda b\u0259zi da\u011fl\u0131q v\u0259 da\u011f\u0259t\u0259yi rayonlarda q\u0131sam\u00fcdd\u0259tli ya\u011f\u0131\u015f ya\u011faca\u011f\u0131 g\u00f6zl\u0259nilir. &nbsp; Ekologiya v\u0259 T\u0259bii S\u0259rv\u0259tl\u0259r Nazirliyinin Milli Hidrometeorologiya Xidm\u0259tind\u0259n veril\u0259n m\u0259lumata g\u00f6r\u0259, b\u0259zi yerl\u0259rd\u0259 ya\u011f\u0131nt\u0131n\u0131n arabir intensivl\u0259\u015f\u0259c\u0259yi, dolu d\u00fc\u015f\u0259c\u0259yi ehtimal\u0131 var. &nbsp; Aprelin 24-d\u0259 ax\u015fam yenid\u0259n q\u0259rb rayonlar\u0131ndan ba\u015flayaraq 25-i g\u00fcnd\u00fcz\u0259d\u0259k hava \u015f\u0259raitinin arabir ya\u011f\u0131nt\u0131l\u0131 olaca\u011f\u0131 g\u00f6zl\u0259nilir.","_links":{"self":[{"href":"https:\/\/arantv.az\/index.php?rest_route=\/wp\/v2\/posts\/592769"}],"collection":[{"href":"https:\/\/arantv.az\/index.php?rest_route=\/wp\/v2\/posts"}],"about":[{"href":"https:\/\/arantv.az\/index.php?rest_route=\/wp\/v2\/types\/post"}],"author":[{"embeddable":true,"href":"https:\/\/arantv.az\/index.php?rest_route=\/wp\/v2\/users\/2"}],"replies":[{"embeddable":true,"href":"https:\/\/arantv.az\/index.php?rest_route=%2Fwp%2Fv2%2Fcomments&post=592769"}],"version-history":[{"count":0,"href":"https:\/\/arantv.az\/index.php?rest_route=\/wp\/v2\/posts\/592769\/revisions"}],"wp:featuredmedia":[{"embeddable":true,"href":"https:\/\/arantv.az\/index.php?rest_route=\/wp\/v2\/media\/592770"}],"wp:attachment":[{"href":"https:\/\/arantv.az\/index.php?rest_route=%2Fwp%2Fv2%2Fmedia&parent=592769"}],"wp:term":[{"taxonomy":"category","embeddable":true,"href":"https:\/\/arantv.az\/index.php?rest_route=%2Fwp%2Fv2%2Fcategories&post=592769"},{"taxonomy":"post_tag","embeddable":true,"href":"https:\/\/arantv.az\/index.php?rest_route=%2Fwp%2Fv2%2Ftags&post=592769"}],"curies":[{"name":"wp","href":"https:\/\/api.w.org\/{rel}","templated":true}]}}