{"id":592777,"date":"2023-04-23T00:10:52","date_gmt":"2023-04-22T20:10:52","guid":{"rendered":"https:\/\/arantv.az\/?p=592777"},"modified":"2023-04-23T00:10:52","modified_gmt":"2023-04-22T20:10:52","slug":"b%c9%99rd%c9%99d%c9%99-silahli-insident-olub-yaralanan-var","status":"publish","type":"post","link":"https:\/\/arantv.az\/?p=592777","title":{"rendered":"B\u0259rd\u0259d\u0259 silahl\u0131 insident olub, yaralanan var"},"content":{"rendered":"<p>B\u0259rd\u0259d\u0259 silahl\u0131 insident olub, yaralanan var.<\/p>\n<p>&nbsp;<\/p>\n<p>\u201cReport\u201dun Qaraba\u011f b\u00fcrosunun hadis\u0259 \u015fahidl\u0259rin\u0259 istinad\u0259n verdiyi x\u0259b\u0259r\u0259 g\u00f6r\u0259, hadis\u0259 bu g\u00fcn axsam saatlar\u0131nda B\u0259rd\u0259 \u015f\u0259h\u0259ri, 26-lar adlanan \u00fcnvanda qeyd\u0259 al\u0131n\u0131b.<\/p>\n<p>&nbsp;<\/p>\n<p>D\u0130N-in M\u0259tbuat Xidm\u0259tinin B\u0259rd\u0259 regional qrupundan &#8220;Report&#8221;a bildirilib ki, 1978-ci il t\u0259v\u0259ll\u00fcdl\u00fc Ruhi M\u0259mm\u0259dov \u015f\u0259xsi m\u00fcnasib\u0259tl\u0259r z\u0259minind\u0259 \u00f6z qon\u015fusu 1993-c\u00fc il t\u0259v\u0259ll\u00fcdl\u00fc El\u015fad M\u0259mm\u0259dova ov t\u00fcf\u0259ngind\u0259n at\u0259\u015f a\u00e7araq x\u0259sar\u0259t yetirib.<\/p>\n<p>&nbsp;<\/p>\n<p>E.M\u0259mm\u0259dov x\u0259st\u0259xanaya \u00e7atd\u0131r\u0131l\u0131b, ilkin tibbi yard\u0131m g\u00f6st\u0259rilib, v\u0259ziyy\u0259ti q\u0259na\u0259tb\u0259x\u015fdir.<\/p>\n<p>&nbsp;<\/p>\n<p>R.M\u0259mm\u0259dov polis \u0259m\u0259kda\u015flar\u0131 t\u0259r\u0259find\u0259n ke\u00e7iril\u0259n t\u0259dbirl\u0259r n\u0259tic\u0259sind\u0259 saxlan\u0131l\u0131b.<\/p>\n<p>&nbsp;<\/p>\n<p>Faktla ba\u011fl\u0131 B\u0259rd\u0259 RP\u015e-d\u0259 ara\u015fd\u0131rma apar\u0131l\u0131r.<\/p>\n","protected":false},"excerpt":{"rendered":"<p>B\u0259rd\u0259d\u0259 silahl\u0131 insident olub, yaralanan var. &nbsp; \u201cReport\u201dun Qaraba\u011f b\u00fcrosunun hadis\u0259 \u015fahidl\u0259rin\u0259 istinad\u0259n verdiyi x\u0259b\u0259r\u0259 g\u00f6r\u0259, hadis\u0259 bu g\u00fcn axsam saatlar\u0131nda B\u0259rd\u0259 \u015f\u0259h\u0259ri, 26-lar adlanan \u00fcnvanda qeyd\u0259 al\u0131n\u0131b. &nbsp; D\u0130N-in M\u0259tbuat Xidm\u0259tinin B\u0259rd\u0259 regional qrupundan &#8220;Report&#8221;a bildirilib ki, 1978-ci il t\u0259v\u0259ll\u00fcdl\u00fc Ruhi M\u0259mm\u0259dov \u015f\u0259xsi m\u00fcnasib\u0259tl\u0259r z\u0259minind\u0259 \u00f6z qon\u015fusu 1993-c\u00fc il t\u0259v\u0259ll\u00fcdl\u00fc El\u015fad M\u0259mm\u0259dova ov t\u00fcf\u0259ngind\u0259n at\u0259\u015f a\u00e7araq x\u0259sar\u0259t yetirib. &nbsp; E.M\u0259mm\u0259dov x\u0259st\u0259xanaya \u00e7atd\u0131r\u0131l\u0131b, ilkin tibbi yard\u0131m g\u00f6st\u0259rilib, v\u0259ziyy\u0259ti q\u0259na\u0259tb\u0259x\u015fdir. &nbsp; R.M\u0259mm\u0259dov polis \u0259m\u0259kda\u015flar\u0131 t\u0259r\u0259find\u0259n ke\u00e7iril\u0259n t\u0259dbirl\u0259r n\u0259tic\u0259sind\u0259 saxlan\u0131l\u0131b. &nbsp; Faktla ba\u011fl\u0131 B\u0259rd\u0259 RP\u015e-d\u0259 ara\u015fd\u0131rma apar\u0131l\u0131r.<\/p>\n","protected":false},"author":2,"featured_media":592778,"comment_status":"closed","ping_status":"closed","sticky":false,"template":"","format":"standard","meta":{"om_disable_all_campaigns":false,"_monsterinsights_skip_tracking":false,"_monsterinsights_sitenote_active":false,"_monsterinsights_sitenote_note":"","_monsterinsights_sitenote_category":0},"categories":[5],"tags":[],"aioseo_notices":[],"gutentor_comment":0,"rttpg_featured_image_url":{"full":["https:\/\/arantv.az\/wp-content\/uploads\/2023\/04\/FotoJet-35-1.jpg",620,413,false],"landscape":["https:\/\/arantv.az\/wp-content\/uploads\/2023\/04\/FotoJet-35-1.jpg",620,413,false],"portraits":["https:\/\/arantv.az\/wp-content\/uploads\/2023\/04\/FotoJet-35-1.jpg",620,413,false],"thumbnail":["https:\/\/arantv.az\/wp-content\/uploads\/2023\/04\/FotoJet-35-1-500x280.jpg",500,280,true],"medium":["https:\/\/arantv.az\/wp-content\/uploads\/2023\/04\/FotoJet-35-1-548x365.jpg",548,365,true],"large":["https:\/\/arantv.az\/wp-content\/uploads\/2023\/04\/FotoJet-35-1.jpg",620,413,false],"1536x1536":["https:\/\/arantv.az\/wp-content\/uploads\/2023\/04\/FotoJet-35-1.jpg",620,413,false],"2048x2048":["https:\/\/arantv.az\/wp-content\/uploads\/2023\/04\/FotoJet-35-1.jpg",620,413,false],"post-thumbnail":["https:\/\/arantv.az\/wp-content\/uploads\/2023\/04\/FotoJet-35-1-240x172.jpg",240,172,true],"advps-thumb-one":["https:\/\/arantv.az\/wp-content\/uploads\/2023\/04\/FotoJet-35-1.jpg",620,413,false]},"rttpg_author":{"display_name":"V\u00fcsal Rafiqo\u011flu","author_link":"https:\/\/arantv.az\/?author=2"},"rttpg_comment":0,"rttpg_category":"<a href=\"https:\/\/arantv.az\/?cat=5\" rel=\"category\">Hadis\u0259<\/a>","rttpg_excerpt":"B\u0259rd\u0259d\u0259 silahl\u0131 insident olub, yaralanan var. &nbsp; \u201cReport\u201dun Qaraba\u011f b\u00fcrosunun hadis\u0259 \u015fahidl\u0259rin\u0259 istinad\u0259n verdiyi x\u0259b\u0259r\u0259 g\u00f6r\u0259, hadis\u0259 bu g\u00fcn axsam saatlar\u0131nda B\u0259rd\u0259 \u015f\u0259h\u0259ri, 26-lar adlanan \u00fcnvanda qeyd\u0259 al\u0131n\u0131b. &nbsp; D\u0130N-in M\u0259tbuat Xidm\u0259tinin B\u0259rd\u0259 regional qrupundan &#8220;Report&#8221;a bildirilib ki, 1978-ci il t\u0259v\u0259ll\u00fcdl\u00fc Ruhi M\u0259mm\u0259dov \u015f\u0259xsi m\u00fcnasib\u0259tl\u0259r z\u0259minind\u0259 \u00f6z qon\u015fusu 1993-c\u00fc il t\u0259v\u0259ll\u00fcdl\u00fc El\u015fad M\u0259mm\u0259dova ov t\u00fcf\u0259ngind\u0259n&hellip;","_links":{"self":[{"href":"https:\/\/arantv.az\/index.php?rest_route=\/wp\/v2\/posts\/592777"}],"collection":[{"href":"https:\/\/arantv.az\/index.php?rest_route=\/wp\/v2\/posts"}],"about":[{"href":"https:\/\/arantv.az\/index.php?rest_route=\/wp\/v2\/types\/post"}],"author":[{"embeddable":true,"href":"https:\/\/arantv.az\/index.php?rest_route=\/wp\/v2\/users\/2"}],"replies":[{"embeddable":true,"href":"https:\/\/arantv.az\/index.php?rest_route=%2Fwp%2Fv2%2Fcomments&post=592777"}],"version-history":[{"count":0,"href":"https:\/\/arantv.az\/index.php?rest_route=\/wp\/v2\/posts\/592777\/revisions"}],"wp:featuredmedia":[{"embeddable":true,"href":"https:\/\/arantv.az\/index.php?rest_route=\/wp\/v2\/media\/592778"}],"wp:attachment":[{"href":"https:\/\/arantv.az\/index.php?rest_route=%2Fwp%2Fv2%2Fmedia&parent=592777"}],"wp:term":[{"taxonomy":"category","embeddable":true,"href":"https:\/\/arantv.az\/index.php?rest_route=%2Fwp%2Fv2%2Fcategories&post=592777"},{"taxonomy":"post_tag","embeddable":true,"href":"https:\/\/arantv.az\/index.php?rest_route=%2Fwp%2Fv2%2Ftags&post=592777"}],"curies":[{"name":"wp","href":"https:\/\/api.w.org\/{rel}","templated":true}]}}