{"id":592789,"date":"2023-04-23T09:53:37","date_gmt":"2023-04-23T05:53:37","guid":{"rendered":"https:\/\/arantv.az\/?p=592789"},"modified":"2023-04-23T09:53:37","modified_gmt":"2023-04-23T05:53:37","slug":"anar-m%c9%99mm%c9%99dxanovun-anim-gunudur-3","status":"publish","type":"post","link":"https:\/\/arantv.az\/?p=592789","title":{"rendered":"Anar M\u0259mm\u0259dxanovun an\u0131m g\u00fcn\u00fcd\u00fcr"},"content":{"rendered":"<p>Bu g\u00fcn \u201cBak\u0131l\u0131 o\u011flanlar\u201d \u015e\u0259n v\u0259 Haz\u0131rcavablar Klubunun ke\u00e7mi\u015f kapitan\u0131, Milli M\u0259clisin birinci, ikinci v\u0259 \u00fc\u00e7\u00fcnc\u00fc \u00e7a\u011f\u0131r\u0131\u015f\u0131n\u0131n deputat\u0131, Avrasiya Televiziya v\u0259 Radio Akademiyas\u0131n\u0131n akademiki Anar M\u0259mm\u0259dxanovun v\u0259fat etm\u0259sind\u0259n 12 il \u00f6t\u00fcr. M\u0259\u015fhur kapitan q\u0259fl\u0259t\u0259n \u00fcr\u0259k tutmas\u0131 n\u0259tic\u0259sind\u0259 h\u0259yat\u0131n\u0131 itirib.<\/p>\n<p>&nbsp;<\/p>\n<p>ARANTV.AZ xat\u0131rlad\u0131r ki, Anar M\u0259mm\u0259dxanov 1970-ci il iyulun 20-d\u0259 Bak\u0131da anadan olub.<\/p>\n<p>&nbsp;<\/p>\n<p>Bak\u0131n\u0131n 160 sayl\u0131 orta m\u0259kt\u0259bini bitirib, 1987-ci ild\u0259 Bak\u0131 D\u00f6vl\u0259t Universitetinin mexanika-riyaziyyat fak\u00fclt\u0259sin\u0259 q\u0259bul olub. 1988-ci ild\u0259 m\u0259\u015fhur \u201cBak\u0131l\u0131 o\u011flanlar\u201d komandas\u0131n\u0131 yarad\u0131b, 1991-ci ild\u0259 Bak\u0131 \u015e\u0259n v\u0259 Haz\u0131rcavablar Klubunun prezidenti olub.<\/p>\n<p>&nbsp;<\/p>\n<p>Anar M\u0259mm\u0259dxanov 40 ya\u015f\u0131nda v\u0259fat edib. Bir o\u011flu v\u0259 iki q\u0131z\u0131 qal\u0131b.<\/p>\n<p>&nbsp;<\/p>\n<p>Anar M\u0259mm\u0259dxanov o d\u00f6vrd\u0259 Az\u0259rbaycan\u0131n \u0259n g\u0259nc deputat\u0131 olub. O, \u00fc\u00e7 d\u0259f\u0259 &#8211; 1995-ci ild\u0259 19 sayl\u0131 I Suraxan\u0131 dair\u0259sind\u0259n, 2000 v\u0259 2005-ci ild\u0259 m\u00fcst\u0259qil namiz\u0259d kimi Milli M\u0259clis\u0259 deputat se\u00e7ilib.<\/p>\n<p>&nbsp;<\/p>\n<p>1992-ci ild\u0259 \u015eHK Ali Liqas\u0131n\u0131n \u00e7empionu, 1993-c\u00fc il \u015eHK Ali Liqas\u0131n\u0131n final\u00e7\u0131s\u0131, \u015eHK Yay Kubokunun sahibi (1995), XX \u0259srin on \u0259n yax\u015f\u0131 komandas\u0131n\u0131n turnirinin \u00e7empionu (2000) olub.<\/p>\n","protected":false},"excerpt":{"rendered":"<p>Bu g\u00fcn \u201cBak\u0131l\u0131 o\u011flanlar\u201d \u015e\u0259n v\u0259 Haz\u0131rcavablar Klubunun ke\u00e7mi\u015f kapitan\u0131, Milli M\u0259clisin birinci, ikinci v\u0259 \u00fc\u00e7\u00fcnc\u00fc \u00e7a\u011f\u0131r\u0131\u015f\u0131n\u0131n deputat\u0131, Avrasiya Televiziya v\u0259 Radio Akademiyas\u0131n\u0131n akademiki Anar M\u0259mm\u0259dxanovun v\u0259fat etm\u0259sind\u0259n 12 il \u00f6t\u00fcr. M\u0259\u015fhur kapitan q\u0259fl\u0259t\u0259n \u00fcr\u0259k tutmas\u0131 n\u0259tic\u0259sind\u0259 h\u0259yat\u0131n\u0131 itirib. &nbsp; ARANTV.AZ xat\u0131rlad\u0131r ki, Anar M\u0259mm\u0259dxanov 1970-ci il iyulun 20-d\u0259 Bak\u0131da anadan olub. &nbsp; Bak\u0131n\u0131n 160 sayl\u0131 orta m\u0259kt\u0259bini bitirib, 1987-ci ild\u0259 Bak\u0131 D\u00f6vl\u0259t Universitetinin mexanika-riyaziyyat fak\u00fclt\u0259sin\u0259 q\u0259bul olub. 1988-ci ild\u0259 m\u0259\u015fhur \u201cBak\u0131l\u0131 o\u011flanlar\u201d komandas\u0131n\u0131 yarad\u0131b, 1991-ci ild\u0259 Bak\u0131 \u015e\u0259n v\u0259 Haz\u0131rcavablar Klubunun prezidenti olub. &nbsp; Anar M\u0259mm\u0259dxanov 40 ya\u015f\u0131nda v\u0259fat&hellip;<\/p>\n","protected":false},"author":2,"featured_media":592790,"comment_status":"closed","ping_status":"closed","sticky":false,"template":"","format":"standard","meta":{"om_disable_all_campaigns":false,"_monsterinsights_skip_tracking":false,"_monsterinsights_sitenote_active":false,"_monsterinsights_sitenote_note":"","_monsterinsights_sitenote_category":0},"categories":[1],"tags":[],"aioseo_notices":[],"gutentor_comment":0,"rttpg_featured_image_url":{"full":["https:\/\/arantv.az\/wp-content\/uploads\/2023\/04\/Screenshot_20230423-095301_Chrome.jpg",720,850,false],"landscape":["https:\/\/arantv.az\/wp-content\/uploads\/2023\/04\/Screenshot_20230423-095301_Chrome.jpg",720,850,false],"portraits":["https:\/\/arantv.az\/wp-content\/uploads\/2023\/04\/Screenshot_20230423-095301_Chrome.jpg",720,850,false],"thumbnail":["https:\/\/arantv.az\/wp-content\/uploads\/2023\/04\/Screenshot_20230423-095301_Chrome-500x280.jpg",500,280,true],"medium":["https:\/\/arantv.az\/wp-content\/uploads\/2023\/04\/Screenshot_20230423-095301_Chrome-309x365.jpg",309,365,true],"large":["https:\/\/arantv.az\/wp-content\/uploads\/2023\/04\/Screenshot_20230423-095301_Chrome-712x840.jpg",640,755,true],"1536x1536":["https:\/\/arantv.az\/wp-content\/uploads\/2023\/04\/Screenshot_20230423-095301_Chrome.jpg",720,850,false],"2048x2048":["https:\/\/arantv.az\/wp-content\/uploads\/2023\/04\/Screenshot_20230423-095301_Chrome.jpg",720,850,false],"post-thumbnail":["https:\/\/arantv.az\/wp-content\/uploads\/2023\/04\/Screenshot_20230423-095301_Chrome-240x172.jpg",240,172,true],"advps-thumb-one":["https:\/\/arantv.az\/wp-content\/uploads\/2023\/04\/Screenshot_20230423-095301_Chrome-720x620.jpg",720,620,true]},"rttpg_author":{"display_name":"V\u00fcsal Rafiqo\u011flu","author_link":"https:\/\/arantv.az\/?author=2"},"rttpg_comment":0,"rttpg_category":"<a href=\"https:\/\/arantv.az\/?cat=1\" rel=\"category\">C\u0259miyy\u0259t<\/a>","rttpg_excerpt":"Bu g\u00fcn \u201cBak\u0131l\u0131 o\u011flanlar\u201d \u015e\u0259n v\u0259 Haz\u0131rcavablar Klubunun ke\u00e7mi\u015f kapitan\u0131, Milli M\u0259clisin birinci, ikinci v\u0259 \u00fc\u00e7\u00fcnc\u00fc \u00e7a\u011f\u0131r\u0131\u015f\u0131n\u0131n deputat\u0131, Avrasiya Televiziya v\u0259 Radio Akademiyas\u0131n\u0131n akademiki Anar M\u0259mm\u0259dxanovun v\u0259fat etm\u0259sind\u0259n 12 il \u00f6t\u00fcr. M\u0259\u015fhur kapitan q\u0259fl\u0259t\u0259n \u00fcr\u0259k tutmas\u0131 n\u0259tic\u0259sind\u0259 h\u0259yat\u0131n\u0131 itirib. &nbsp; ARANTV.AZ xat\u0131rlad\u0131r ki, Anar M\u0259mm\u0259dxanov 1970-ci il iyulun 20-d\u0259 Bak\u0131da anadan olub. &nbsp; Bak\u0131n\u0131n 160&hellip;","_links":{"self":[{"href":"https:\/\/arantv.az\/index.php?rest_route=\/wp\/v2\/posts\/592789"}],"collection":[{"href":"https:\/\/arantv.az\/index.php?rest_route=\/wp\/v2\/posts"}],"about":[{"href":"https:\/\/arantv.az\/index.php?rest_route=\/wp\/v2\/types\/post"}],"author":[{"embeddable":true,"href":"https:\/\/arantv.az\/index.php?rest_route=\/wp\/v2\/users\/2"}],"replies":[{"embeddable":true,"href":"https:\/\/arantv.az\/index.php?rest_route=%2Fwp%2Fv2%2Fcomments&post=592789"}],"version-history":[{"count":0,"href":"https:\/\/arantv.az\/index.php?rest_route=\/wp\/v2\/posts\/592789\/revisions"}],"wp:featuredmedia":[{"embeddable":true,"href":"https:\/\/arantv.az\/index.php?rest_route=\/wp\/v2\/media\/592790"}],"wp:attachment":[{"href":"https:\/\/arantv.az\/index.php?rest_route=%2Fwp%2Fv2%2Fmedia&parent=592789"}],"wp:term":[{"taxonomy":"category","embeddable":true,"href":"https:\/\/arantv.az\/index.php?rest_route=%2Fwp%2Fv2%2Fcategories&post=592789"},{"taxonomy":"post_tag","embeddable":true,"href":"https:\/\/arantv.az\/index.php?rest_route=%2Fwp%2Fv2%2Ftags&post=592789"}],"curies":[{"name":"wp","href":"https:\/\/api.w.org\/{rel}","templated":true}]}}