{"id":592796,"date":"2023-04-23T19:35:03","date_gmt":"2023-04-23T15:35:03","guid":{"rendered":"https:\/\/arantv.az\/?p=592796"},"modified":"2023-04-23T19:35:03","modified_gmt":"2023-04-23T15:35:03","slug":"az%c9%99rbaycan-gul%c9%99scisi-erm%c9%99niy%c9%99-qalib-g%c9%99l%c9%99r%c9%99k-avropa-ucuncusu-oldu-yenil%c9%99nib","status":"publish","type":"post","link":"https:\/\/arantv.az\/?p=592796","title":{"rendered":"Az\u0259rbaycan g\u00fcl\u0259\u015f\u00e7isi erm\u0259niy\u0259 qalib g\u0259l\u0259r\u0259k Avropa \u00fc\u00e7\u00fcnc\u00fcs\u00fc oldu &#8211; YEN\u0130L\u018fN\u0130B"},"content":{"rendered":"<p>Az\u0259rbaycan g\u00fcl\u0259\u015f\u00e7isi erm\u0259niy\u0259 qalib g\u0259l\u0259r\u0259k Avropa \u00fc\u00e7\u00fcnc\u00fcs\u00fc oldu &#8211; YEN\u0130L\u018fN\u0130B<\/p>\n<p>Az\u0259rbaycan\u0131n yunan-Roma g\u00fcl\u0259\u015f\u00e7isi Nihat M\u0259mm\u0259dli Xorvatiyan\u0131n paytaxt\u0131 Zaqrebd\u0259 ke\u00e7iril\u0259n Avropa \u00e7empionat\u0131nda b\u00fcr\u00fcnc medal g\u00f6r\u00fc\u015f\u00fcn\u0259 \u00e7\u0131x\u0131b.<\/p>\n<p>&nbsp;<\/p>\n<p>\u201cReport\u201dun m\u0259lumat\u0131na g\u00f6r\u0259, 60 kq-da yar\u0131\u015fan idman\u00e7\u0131 erm\u0259nistanl\u0131 Gevorq Qaribyanla qar\u015f\u0131la\u015f\u0131b.<\/p>\n<p>&nbsp;<\/p>\n<p>R\u0259qibin\u0259 9:5 hesab\u0131 il\u0259 qalib g\u0259l\u0259n M\u0259mm\u0259dli Avropa \u00fc\u00e7\u00fcnc\u00fcs\u00fc olub.<\/p>\n<p>&nbsp;<\/p>\n<p>10:20<\/p>\n<p>&nbsp;<\/p>\n<p>Bu g\u00fcn Xorvatiyan\u0131n paytaxt\u0131 Zaqrebd\u0259 ke\u00e7iril\u0259n g\u00fcl\u0259\u015f \u00fczr\u0259 Avropa \u00e7empionat\u0131na yekun vurulacaq.<\/p>\n<p>&nbsp;<\/p>\n<p>ARANTV.AZ-\u0131n m\u0259lumat\u0131na g\u00f6r\u0259, yar\u0131\u015f\u0131n son g\u00fcn\u00fcnd\u0259 Az\u0259rbaycan\u0131n 4 yunan-Roma g\u00fcl\u0259\u015f\u00e7isi medal g\u00f6r\u00fc\u015f\u00fcn\u0259 \u00e7\u0131xacaq.<\/p>\n<p>&nbsp;<\/p>\n<p>60 kq-da m\u00fcbariz\u0259 aparan Nihat M\u0259mm\u0259dli t\u0259s\u0259lliverici qar\u015f\u0131la\u015fmada macar\u0131stanl\u0131 Erik Torba il\u0259 qar\u015f\u0131la\u015facaq.<\/p>\n<p>&nbsp;<\/p>\n<p>67 kq \u00e7\u0259ki d\u0259r\u0259c\u0259sind\u0259 yar\u0131\u015fan H\u0259sr\u0259t C\u0259f\u0259rov finalda g\u00fcrc\u00fcstanl\u0131 Coni Xetsurianini s\u0131na\u011fa \u00e7\u0259k\u0259c\u0259k.<\/p>\n<p>&nbsp;<\/p>\n<p>72 kq-da \u00dclv\u00fc Q\u0259nizad\u0259 d\u0259 q\u0131z\u0131l medal g\u00f6r\u00fc\u015f\u00fcn\u0259 \u00e7\u0131xacaq. Onun r\u0259qibi fransal\u0131 \u0130brahim Qanem olacaq.<\/p>\n<p>&nbsp;<\/p>\n<p>N\u0259hay\u0259t, 82 kq-da yer alan Rafiq H\u00fcseynov b\u00fcr\u00fcnc medal u\u011frunda Branko Kova\u00e7evi\u00e7 (Serbiya) \/ Roland \u015evarts (Almaniya) c\u00fct\u00fcn\u00fcn qalibi il\u0259 g\u00fcl\u0259\u015f\u0259c\u0259k.<\/p>\n<p>&nbsp;<\/p>\n<p>Qeyd ed\u0259k ki, daha \u0259vv\u0259l yunan-Roma g\u00fcl\u0259\u015f\u00e7il\u0259rind\u0259n Eld\u0259niz \u018fzizli (55 kq), Taleh M\u0259mm\u0259dov (63 kq) v\u0259 Sabah \u015e\u0259ri\u0259ti (130 kq) finalda uduzaraq, g\u00fcm\u00fc\u015f medalla kifay\u0259tl\u0259nibl\u0259r.<\/p>\n<p>&nbsp;<\/p>\n<p>S\u0259rb\u0259st g\u00fcl\u0259\u015f\u00e7il\u0259rd\u0259n \u018fliabbas Rzazad\u0259 (57 kq) v\u0259 Hac\u0131 \u018fliyev (70 kq) Avropa \u00e7empionu olub. Osman Nurmaqomedovla (92 kq) Maqomedxan Maqomedov (97 kq) g\u00fcm\u00fc\u015f, Abubakr Abakarov (86 kq) v\u0259 Georgi Me\u015fvildi\u015fvili (125 kq) b\u00fcr\u00fcnc medal qazan\u0131b. Qad\u0131nlardan is\u0259 Mariya Stadnik (50 kq) q\u0131z\u0131l, Jal\u0259 \u018fliyeva (57 kq) b\u00fcr\u00fcnc medala sahib \u00e7\u0131x\u0131b.<\/p>\n","protected":false},"excerpt":{"rendered":"<p>Az\u0259rbaycan g\u00fcl\u0259\u015f\u00e7isi erm\u0259niy\u0259 qalib g\u0259l\u0259r\u0259k Avropa \u00fc\u00e7\u00fcnc\u00fcs\u00fc oldu &#8211; YEN\u0130L\u018fN\u0130B Az\u0259rbaycan\u0131n yunan-Roma g\u00fcl\u0259\u015f\u00e7isi Nihat M\u0259mm\u0259dli Xorvatiyan\u0131n paytaxt\u0131 Zaqrebd\u0259 ke\u00e7iril\u0259n Avropa \u00e7empionat\u0131nda b\u00fcr\u00fcnc medal g\u00f6r\u00fc\u015f\u00fcn\u0259 \u00e7\u0131x\u0131b. &nbsp; \u201cReport\u201dun m\u0259lumat\u0131na g\u00f6r\u0259, 60 kq-da yar\u0131\u015fan idman\u00e7\u0131 erm\u0259nistanl\u0131 Gevorq Qaribyanla qar\u015f\u0131la\u015f\u0131b. &nbsp; R\u0259qibin\u0259 9:5 hesab\u0131 il\u0259 qalib g\u0259l\u0259n M\u0259mm\u0259dli Avropa \u00fc\u00e7\u00fcnc\u00fcs\u00fc olub. &nbsp; 10:20 &nbsp; Bu g\u00fcn Xorvatiyan\u0131n paytaxt\u0131 Zaqrebd\u0259 ke\u00e7iril\u0259n g\u00fcl\u0259\u015f \u00fczr\u0259 Avropa \u00e7empionat\u0131na yekun vurulacaq. &nbsp; ARANTV.AZ-\u0131n m\u0259lumat\u0131na g\u00f6r\u0259, yar\u0131\u015f\u0131n son g\u00fcn\u00fcnd\u0259 Az\u0259rbaycan\u0131n 4 yunan-Roma g\u00fcl\u0259\u015f\u00e7isi medal g\u00f6r\u00fc\u015f\u00fcn\u0259 \u00e7\u0131xacaq. &nbsp; 60 kq-da m\u00fcbariz\u0259 aparan Nihat M\u0259mm\u0259dli t\u0259s\u0259lliverici qar\u015f\u0131la\u015fmada macar\u0131stanl\u0131 Erik Torba il\u0259&hellip;<\/p>\n","protected":false},"author":2,"featured_media":592797,"comment_status":"closed","ping_status":"closed","sticky":false,"template":"","format":"standard","meta":{"om_disable_all_campaigns":false,"_monsterinsights_skip_tracking":false,"_monsterinsights_sitenote_active":false,"_monsterinsights_sitenote_note":"","_monsterinsights_sitenote_category":0},"categories":[6],"tags":[],"aioseo_notices":[],"gutentor_comment":0,"rttpg_featured_image_url":{"full":["https:\/\/arantv.az\/wp-content\/uploads\/2023\/04\/d34c11f2-f3d2-3a2a-9398-0d1923c31faa_850.jpg",620,387,false],"landscape":["https:\/\/arantv.az\/wp-content\/uploads\/2023\/04\/d34c11f2-f3d2-3a2a-9398-0d1923c31faa_850.jpg",620,387,false],"portraits":["https:\/\/arantv.az\/wp-content\/uploads\/2023\/04\/d34c11f2-f3d2-3a2a-9398-0d1923c31faa_850.jpg",620,387,false],"thumbnail":["https:\/\/arantv.az\/wp-content\/uploads\/2023\/04\/d34c11f2-f3d2-3a2a-9398-0d1923c31faa_850-500x280.jpg",500,280,true],"medium":["https:\/\/arantv.az\/wp-content\/uploads\/2023\/04\/d34c11f2-f3d2-3a2a-9398-0d1923c31faa_850-585x365.jpg",585,365,true],"large":["https:\/\/arantv.az\/wp-content\/uploads\/2023\/04\/d34c11f2-f3d2-3a2a-9398-0d1923c31faa_850.jpg",620,387,false],"1536x1536":["https:\/\/arantv.az\/wp-content\/uploads\/2023\/04\/d34c11f2-f3d2-3a2a-9398-0d1923c31faa_850.jpg",620,387,false],"2048x2048":["https:\/\/arantv.az\/wp-content\/uploads\/2023\/04\/d34c11f2-f3d2-3a2a-9398-0d1923c31faa_850.jpg",620,387,false],"post-thumbnail":["https:\/\/arantv.az\/wp-content\/uploads\/2023\/04\/d34c11f2-f3d2-3a2a-9398-0d1923c31faa_850-240x172.jpg",240,172,true],"advps-thumb-one":["https:\/\/arantv.az\/wp-content\/uploads\/2023\/04\/d34c11f2-f3d2-3a2a-9398-0d1923c31faa_850.jpg",620,387,false]},"rttpg_author":{"display_name":"V\u00fcsal Rafiqo\u011flu","author_link":"https:\/\/arantv.az\/?author=2"},"rttpg_comment":0,"rttpg_category":"<a href=\"https:\/\/arantv.az\/?cat=6\" rel=\"category\">\u0130dman<\/a>","rttpg_excerpt":"Az\u0259rbaycan g\u00fcl\u0259\u015f\u00e7isi erm\u0259niy\u0259 qalib g\u0259l\u0259r\u0259k Avropa \u00fc\u00e7\u00fcnc\u00fcs\u00fc oldu &#8211; YEN\u0130L\u018fN\u0130B Az\u0259rbaycan\u0131n yunan-Roma g\u00fcl\u0259\u015f\u00e7isi Nihat M\u0259mm\u0259dli Xorvatiyan\u0131n paytaxt\u0131 Zaqrebd\u0259 ke\u00e7iril\u0259n Avropa \u00e7empionat\u0131nda b\u00fcr\u00fcnc medal g\u00f6r\u00fc\u015f\u00fcn\u0259 \u00e7\u0131x\u0131b. &nbsp; \u201cReport\u201dun m\u0259lumat\u0131na g\u00f6r\u0259, 60 kq-da yar\u0131\u015fan idman\u00e7\u0131 erm\u0259nistanl\u0131 Gevorq Qaribyanla qar\u015f\u0131la\u015f\u0131b. &nbsp; R\u0259qibin\u0259 9:5 hesab\u0131 il\u0259 qalib g\u0259l\u0259n M\u0259mm\u0259dli Avropa \u00fc\u00e7\u00fcnc\u00fcs\u00fc olub. &nbsp; 10:20 &nbsp; Bu g\u00fcn Xorvatiyan\u0131n paytaxt\u0131&hellip;","_links":{"self":[{"href":"https:\/\/arantv.az\/index.php?rest_route=\/wp\/v2\/posts\/592796"}],"collection":[{"href":"https:\/\/arantv.az\/index.php?rest_route=\/wp\/v2\/posts"}],"about":[{"href":"https:\/\/arantv.az\/index.php?rest_route=\/wp\/v2\/types\/post"}],"author":[{"embeddable":true,"href":"https:\/\/arantv.az\/index.php?rest_route=\/wp\/v2\/users\/2"}],"replies":[{"embeddable":true,"href":"https:\/\/arantv.az\/index.php?rest_route=%2Fwp%2Fv2%2Fcomments&post=592796"}],"version-history":[{"count":0,"href":"https:\/\/arantv.az\/index.php?rest_route=\/wp\/v2\/posts\/592796\/revisions"}],"wp:featuredmedia":[{"embeddable":true,"href":"https:\/\/arantv.az\/index.php?rest_route=\/wp\/v2\/media\/592797"}],"wp:attachment":[{"href":"https:\/\/arantv.az\/index.php?rest_route=%2Fwp%2Fv2%2Fmedia&parent=592796"}],"wp:term":[{"taxonomy":"category","embeddable":true,"href":"https:\/\/arantv.az\/index.php?rest_route=%2Fwp%2Fv2%2Fcategories&post=592796"},{"taxonomy":"post_tag","embeddable":true,"href":"https:\/\/arantv.az\/index.php?rest_route=%2Fwp%2Fv2%2Ftags&post=592796"}],"curies":[{"name":"wp","href":"https:\/\/api.w.org\/{rel}","templated":true}]}}